{"id":1077,"date":"2018-11-04T14:38:06","date_gmt":"2018-11-04T17:38:06","guid":{"rendered":"http:\/\/infolanus.com\/?p=1077"},"modified":"2018-11-04T14:38:06","modified_gmt":"2018-11-04T17:38:06","slug":"las-iglesias-evangelicas-celebraron-su-dia-en-lanus","status":"publish","type":"post","link":"https:\/\/infolanus.com\/index.php\/2018\/11\/04\/las-iglesias-evangelicas-celebraron-su-dia-en-lanus\/","title":{"rendered":"Las Iglesias evang\u00e9licas celebraron su d\u00eda en Lan\u00fas"},"content":{"rendered":"<p>En el marco del D\u00eda de las Iglesias Evang\u00e9licas, el intendente Dar\u00edo Grindetti y miembros de su Gabinete participaron del encuentro que reuni\u00f3 a m\u00e1s de 120 templos del distrito y que desbord\u00f3 la capacidad del Microestadio del Club Atl\u00e9tico Lan\u00fas con m\u00e1s de 3 mil fieles.<\/p>\n<p>Luego de las palabras de bienvenida de parte de Jos\u00e9 Alberto Saravia, presidente del Consejo Pastoral, quien agradeci\u00f3 el permanente apoyo del jefe Comunal a las iniciativas impulsadas por las iglesias evang\u00e9licas del distrito, Grindetti destac\u00f3 la necesidad de que en la sociedad argentina se resta\u00f1en heridas, y en ese sentido afirm\u00f3: <strong>&#8220;Que haya tanta gente reunida y que se hayan convocado para profesar el bien de la ciudad, me da mucha alegr\u00eda y fuerzas para seguir trabajando por ese Lanus que todos so\u00f1amos, porque estamos juntos&#8221;.<\/strong><\/p>\n<p><strong>\u201c\u00a1Amamos nuestra ciudad! \u00a1La llenaremos del bien que sale de la boca de Dios!\u201d<\/strong> Expresaron los pastores quienes oraron por el mandatario local.<\/p>\n<p>El Consejo de Pastores tiene como misi\u00f3n nuclear a personas de diferentes congregaciones del Municipio de Lan\u00fas con el prop\u00f3sito de unirlos como Iglesia y servir como Cuerpo para que el amor de Cristo sea expresado en toda la Ciudad.<\/p>\n<p>Se encontraban presentes el Jefe de Gabinete, Diego Kravetz; el secretario de Desarrollo Humano, Dami\u00e1n Sala; el secretario de Comunicaci\u00f3n Social, Pablo Marolla; la directora de Culto y RR.II, Norma Lozano y la concejal Noelia Quindimil, entre otros.<\/p>\n","protected":false},"excerpt":{"rendered":"<p>En el marco del D\u00eda de las Iglesias Evang\u00e9licas, el intendente Dar\u00edo Grindetti y miembros de su Gabinete participaron del encuentro que reuni\u00f3 a m\u00e1s de 120 templos del distrito y que desbord\u00f3 la capacidad del Microestadio del Club Atl\u00e9tico Lan\u00fas con m\u00e1s de 3 mil fieles. Luego de las palabras de bienvenida de parte [&hellip;]<\/p>\n","protected":false},"author":2,"featured_media":1078,"comment_status":"open","ping_status":"open","sticky":false,"template":"","format":"standard","meta":{"jetpack_post_was_ever_published":false,"_jetpack_newsletter_access":"","_jetpack_dont_email_post_to_subs":false,"_jetpack_newsletter_tier_id":0,"_jetpack_memberships_contains_paywalled_content":false,"_jetpack_memberships_contains_paid_content":false,"footnotes":"","jetpack_publicize_message":"","jetpack_publicize_feature_enabled":true,"jetpack_social_post_already_shared":true,"jetpack_social_options":{"image_generator_settings":{"template":"highway","enabled":false},"version":2}},"categories":[19],"tags":[436,23,99],"class_list":["post-1077","post","type-post","status-publish","format-standard","has-post-thumbnail","hentry","category-municipio","tag-iglesias-evangelicas","tag-lanus","tag-nestor-grindetti"],"jetpack_publicize_connections":[],"jetpack_featured_media_url":"https:\/\/i0.wp.com\/infolanus.com\/wp-content\/uploads\/2018\/11\/iglesias-evangelicas-lanus.jpeg?fit=713%2C473&ssl=1","jetpack_sharing_enabled":false,"jetpack_shortlink":"https:\/\/wp.me\/p9QtMr-hn","_links":{"self":[{"href":"https:\/\/infolanus.com\/index.php\/wp-json\/wp\/v2\/posts\/1077","targetHints":{"allow":["GET"]}}],"collection":[{"href":"https:\/\/infolanus.com\/index.php\/wp-json\/wp\/v2\/posts"}],"about":[{"href":"https:\/\/infolanus.com\/index.php\/wp-json\/wp\/v2\/types\/post"}],"author":[{"embeddable":true,"href":"https:\/\/infolanus.com\/index.php\/wp-json\/wp\/v2\/users\/2"}],"replies":[{"embeddable":true,"href":"https:\/\/infolanus.com\/index.php\/wp-json\/wp\/v2\/comments?post=1077"}],"version-history":[{"count":1,"href":"https:\/\/infolanus.com\/index.php\/wp-json\/wp\/v2\/posts\/1077\/revisions"}],"predecessor-version":[{"id":1079,"href":"https:\/\/infolanus.com\/index.php\/wp-json\/wp\/v2\/posts\/1077\/revisions\/1079"}],"wp:featuredmedia":[{"embeddable":true,"href":"https:\/\/infolanus.com\/index.php\/wp-json\/wp\/v2\/media\/1078"}],"wp:attachment":[{"href":"https:\/\/infolanus.com\/index.php\/wp-json\/wp\/v2\/media?parent=1077"}],"wp:term":[{"taxonomy":"category","embeddable":true,"href":"https:\/\/infolanus.com\/index.php\/wp-json\/wp\/v2\/categories?post=1077"},{"taxonomy":"post_tag","embeddable":true,"href":"https:\/\/infolanus.com\/index.php\/wp-json\/wp\/v2\/tags?post=1077"}],"curies":[{"name":"wp","href":"https:\/\/api.w.org\/{rel}","templated":true}]}}