{"id":10849,"date":"2026-01-01T21:38:25","date_gmt":"2026-01-02T00:38:25","guid":{"rendered":"https:\/\/infolanus.com\/index.php\/2026\/01\/01\/tres-jugadores-argentinos-envueltos-en-un-escandalo-en-brasil-acusaciones-de-agresion-y-denuncias\/"},"modified":"2026-01-01T21:38:25","modified_gmt":"2026-01-02T00:38:25","slug":"tres-jugadores-argentinos-envueltos-en-un-escandalo-en-brasil-acusaciones-de-agresion-y-denuncias","status":"publish","type":"post","link":"https:\/\/infolanus.com\/index.php\/2026\/01\/01\/tres-jugadores-argentinos-envueltos-en-un-escandalo-en-brasil-acusaciones-de-agresion-y-denuncias\/","title":{"rendered":"Tres jugadores argentinos, envueltos en un esc\u00e1ndalo en Brasil: acusaciones de agresi\u00f3n y denuncias"},"content":{"rendered":"<div class=\"media_block\"><\/div>\n<p>A pesar de que el inicio del <a target=\"_blank\" href=\"https:\/\/442.perfil.com\/noticias\/internacional\/calendario-eventos-deportivos-2026.phtml\"><strong>2026<\/strong><\/a> deber\u00eda haber sido en paz, en familia y en un ambiente de fiesta,<strong> todo result\u00f3 ser un esc\u00e1ndalo en Brasil, con tres jugadores argentinos envueltos en una gran pol\u00e9mica.<\/strong><\/p>\n<p><strong>Eros Mancuso, Tom\u00e1s Pochettino y Jos\u00e9 <em>Tucu <\/em>Herrera<\/strong>, todos jugadores del <a target=\"_blank\" href=\"https:\/\/442.perfil.com\/noticias\/futbol\/martin-palermo-despedido-fortaleza-decidio-prescindir-de-su-contrato-tras-el-descenso.phtml\"><strong>Fortaleza<\/strong><\/a>, fueron protagonistas de una<strong> confrontaci\u00f3n durante la celebraci\u00f3n de A\u00f1o Nuevo en un condominio residencial<\/strong>: todo termin\u00f3 en <strong>denuncias, agresiones f\u00edsicas e intervenci\u00f3n policial.<\/strong><\/p>\n<p class=\"destacadoNota\"><a target=\"_blank\" href=\"https:\/\/442.perfil.com\/noticias\/futbol\/martin-palermo-despedido-fortaleza-decidio-prescindir-de-su-contrato-tras-el-descenso.phtml\">Mart\u00edn Palermo, despedido: Fortaleza decidi\u00f3 prescindir de su contrato tras el descenso<\/a><\/p>\n<div>\n<figure class=\"image\"><img data-recalc-dims=\"1\" decoding=\"async\" alt=\"eros\" height=\"345\" src=\"https:\/\/i0.wp.com\/fotos.perfil.com\/\/\/2026\/01\/01\/900\/0\/argenntinos-de-fortaleza-2163124.jpg?resize=640%2C345&#038;ssl=1\" width=\"640\" loading=\"lazy\"><figcaption>Eros Mancuso,&nbsp;Tom\u00e1s Pochettino y Jos\u00e9 <em>Tucu <\/em>Herrera<\/figcaption><\/figure>\n<\/div>\n<p>Seg\u00fan informaron medios locales, un vecino de la zona se acerc\u00f3 al domicilio para reclamar por el volumen alto de la m\u00fasica, ya que no pod\u00eda dormir porque la fiesta se excedi\u00f3 hasta las cinco de la ma\u00f1ana y la situaci\u00f3n comenz\u00f3 a escalar.<\/p>\n<p>Aunque a\u00fan no hay pruebas que lo convaliden,<strong> el denunciante acusa al grupo de argentinos por haberlo golpeado, apuntando en particular a Mancuso<\/strong>, quien es se\u00f1alado como el principal responsable de toda la agresi\u00f3n f\u00edsica.<\/p>\n<p>El club Fortaleza comunic\u00f3, mediante su departamento de prensa, que est\u00e1 monitoreando el caso y brindando apoyo a los jugadores mientras<strong> contin\u00faan las investigaciones por parte de la Delegaci\u00f3n de Polic\u00eda Civil de Eus\u00e9bio.<\/strong><\/p>\n<h2>El descargo de Mancuso en redes sociales<\/h2>\n<p>Al desatarse este esc\u00e1ndalo que se viraliz\u00f3 en redes sociales, el propio lateral utiliz\u00f3 sus plataformas para resaltar todo lo ocurrido.<\/p>\n<p>&nbsp;\u201cDurante la Nochevieja, mientras estaba en casa con mi familia y amigos,<strong> fui sorprendido por insultos de un hombre evidentemente fuera de s\u00ed, tanto consciente como f\u00edsicamente&#8221;,&nbsp;<\/strong>comenz\u00f3 escribiendo el argentino.<\/p>\n<div>\n<figure class=\"image\"><img data-recalc-dims=\"1\" decoding=\"async\" alt=\"macuso\" height=\"359\" src=\"https:\/\/i0.wp.com\/fotos.perfil.com\/\/\/2024\/05\/05\/900\/0\/eros-mancuso-1796497.jpg?resize=640%2C359&#038;ssl=1\" width=\"640\" loading=\"lazy\"><figcaption>Eros Mancuso, ex Estudiantes de La Plata<\/figcaption><\/figure>\n<\/div>\n<p>Luego, Mancuso remarc\u00f3 que la intenci\u00f3n del vecino &#8220;<strong>era generar una confusi\u00f3n durante toda la noche. Los insultos se dirigieron a mi honor y mi trabajo, y tambi\u00e9n intent\u00f3 menospreciar a las personas que me acompa\u00f1aban. Aunque intentamos ignorarlo, insisti\u00f3&#8221;.<\/strong><\/p>\n<p><strong>&#8220;Junto a otro individuo, se acerc\u00f3 a mi casa, forz\u00f3 una de las puertas y amenaz\u00f3 a todos. Tratamos de sacarlos, pero recurrieron a la violencia f\u00edsica contra un invitado y tuvimos que llamar a la polic\u00eda para controlar la situaci\u00f3n&#8221;,&nbsp;<\/strong>contin\u00fao.<\/p>\n<p>Por \u00faltimo, detall\u00f3: &#8220;<strong>Estoy bien, as\u00ed como familiares y amigos, y durante el d\u00eda estar\u00e9 haciendo bolet\u00edn de ocurrencia. No debo hablar m\u00e1s sobre el caso\u201d.<\/strong><\/p>\n<p>FMZ<\/p>\n<p> <!-- tags --> <\/p>\n","protected":false},"excerpt":{"rendered":"<p>A pesar de que el inicio del 2026 deber\u00eda haber sido en paz, en familia y en un ambiente de fiesta, todo result\u00f3 ser un esc\u00e1ndalo en Brasil, con tres jugadores argentinos envueltos en una gran pol\u00e9mica. Eros Mancuso, Tom\u00e1s Pochettino y Jos\u00e9 Tucu Herrera, todos jugadores del Fortaleza, fueron protagonistas de una confrontaci\u00f3n durante [&hellip;]<\/p>\n","protected":false},"author":2,"featured_media":10850,"comment_status":"closed","ping_status":"closed","sticky":false,"template":"","format":"standard","meta":{"jetpack_post_was_ever_published":false,"_jetpack_newsletter_access":"","_jetpack_dont_email_post_to_subs":false,"_jetpack_newsletter_tier_id":0,"_jetpack_memberships_contains_paywalled_content":false,"_jetpack_memberships_contains_paid_content":false,"footnotes":"","jetpack_publicize_message":"","jetpack_publicize_feature_enabled":true,"jetpack_social_post_already_shared":true,"jetpack_social_options":{"image_generator_settings":{"template":"highway","enabled":false},"version":2}},"categories":[17],"tags":[],"class_list":["post-10849","post","type-post","status-publish","format-standard","has-post-thumbnail","hentry","category-deportes"],"jetpack_publicize_connections":[],"jetpack_featured_media_url":"https:\/\/i0.wp.com\/infolanus.com\/wp-content\/uploads\/2026\/01\/tres-jugadores-argentinos-envueltos-en-un-escandalo-en-brasil-acusaciones-de-agresion-y-denuncias.jpg?fit=900%2C485&ssl=1","jetpack_sharing_enabled":true,"jetpack_shortlink":"https:\/\/wp.me\/p9QtMr-2OZ","_links":{"self":[{"href":"https:\/\/infolanus.com\/index.php\/wp-json\/wp\/v2\/posts\/10849","targetHints":{"allow":["GET"]}}],"collection":[{"href":"https:\/\/infolanus.com\/index.php\/wp-json\/wp\/v2\/posts"}],"about":[{"href":"https:\/\/infolanus.com\/index.php\/wp-json\/wp\/v2\/types\/post"}],"author":[{"embeddable":true,"href":"https:\/\/infolanus.com\/index.php\/wp-json\/wp\/v2\/users\/2"}],"replies":[{"embeddable":true,"href":"https:\/\/infolanus.com\/index.php\/wp-json\/wp\/v2\/comments?post=10849"}],"version-history":[{"count":0,"href":"https:\/\/infolanus.com\/index.php\/wp-json\/wp\/v2\/posts\/10849\/revisions"}],"wp:featuredmedia":[{"embeddable":true,"href":"https:\/\/infolanus.com\/index.php\/wp-json\/wp\/v2\/media\/10850"}],"wp:attachment":[{"href":"https:\/\/infolanus.com\/index.php\/wp-json\/wp\/v2\/media?parent=10849"}],"wp:term":[{"taxonomy":"category","embeddable":true,"href":"https:\/\/infolanus.com\/index.php\/wp-json\/wp\/v2\/categories?post=10849"},{"taxonomy":"post_tag","embeddable":true,"href":"https:\/\/infolanus.com\/index.php\/wp-json\/wp\/v2\/tags?post=10849"}],"curies":[{"name":"wp","href":"https:\/\/api.w.org\/{rel}","templated":true}]}}