{"id":10891,"date":"2026-01-08T23:50:00","date_gmt":"2026-01-09T02:50:00","guid":{"rendered":"https:\/\/www.ambito.com\/c6232294"},"modified":"2026-01-08T23:50:00","modified_gmt":"2026-01-09T02:50:00","slug":"francia-mantiene-su-postura-y-votara-en-contra-del-acuerdo-union-europea-mercosur-en-bruselas","status":"publish","type":"post","link":"https:\/\/infolanus.com\/index.php\/2026\/01\/08\/francia-mantiene-su-postura-y-votara-en-contra-del-acuerdo-union-europea-mercosur-en-bruselas\/","title":{"rendered":"Francia mantiene su postura y votar\u00e1 en contra del acuerdo Uni\u00f3n Europea-Mercosur en Bruselas"},"content":{"rendered":"<div id>\n<p>El anuncio fue realizado el <strong>jueves<\/strong> a trav\u00e9s de un mensaje en la red social <strong>X<\/strong>, donde Macron sostuvo que &#8220;<strong>la firma del acuerdo no significa el final del proceso<\/strong>&#8221; y ratific\u00f3 que seguir\u00e1 exigiendo a la <strong>Comisi\u00f3n Europea<\/strong> el cumplimiento integral de los compromisos asumidos para <strong>proteger a los productores franceses<\/strong>.<\/p>\n<\/div>\n<div id>\n<p>El mandatario remarc\u00f3 que la postura cuenta con <strong>respaldo transversal<\/strong>, tras los debates recientes en la <strong>Asamblea Nacional<\/strong> y el <strong>Senado<\/strong>.<\/p>\n<\/div>\n<div id>\n<p>Est\u00e1 previsto que este viernes los pa\u00edses del bloque se pronuncien formalmente sobre la firma del entendimiento con el <strong>Mercosur,<\/strong> que contin\u00faa generando resistencias en el <strong>frente agropecuario<\/strong>.<\/p>\n<\/div>\n<div id>\n<div contenteditable=\"false\" class=\"embed_cont type_freetext\" rel=\"freetext\" id=\"embed5500_wrap\" data-provider=\"Twitter\" readability=\"31.316326530612\">\n<p>Embed &#8211; https:\/\/publish.x.com\/oembed?url=https:\/\/x.com\/EmmanuelMacron\/status\/2009325206452814042&amp;partner=&amp;hide_thread=false<span onclick=\"parent.parent.TinyMCETdcuerpo.preview_embed('embed5500')\" class=\"embed_colapse less\" id=\"embed5500_colapse\"><\/span><span onclick=\"parent.parent.TinyMCETdcuerpo.delete_embed('embed5500')\" class=\"embed_delete less\" id=\"embed5500_delete\"><\/span><\/p>\n<div id=\"embed5500_content\" class=\"embed_content\">\n<div id=\"embed5500_embed\" readability=\"5.9264705882353\">\n<blockquote data-td-script-src=\"https:\/\/platform.twitter.com\/widgets.js\" class=\"twitter-tweet\" readability=\"5.4705882352941\">\n<p dir=\"ltr\" lang=\"fr\"> La France a d\u00e9cid\u00e9 de voter contre la signature de l\u2019accord entre l\u2019Union europ\u00e9enne et les pays du Mercosur.<\/p>\n<p> \u2014 Emmanuel Macron (@EmmanuelMacron) <a href=\"https:\/\/twitter.com\/EmmanuelMacron\/status\/2009325206452814042?ref_src=twsrc%5Etfw\">January 8, 2026<\/a><\/p><\/blockquote>\n<\/div><\/div>\n<\/p><\/div>\n<h2>Francia, con protestas rurales contra el acuerdo<\/h2>\n<p>La definici\u00f3n se dio en un contexto de <strong>protestas rurales<\/strong> en Francia. Ese mismo d\u00eda, <strong>productores agropecuarios<\/strong> bloquearon accesos clave de <strong>Par\u00eds<\/strong> y zonas emblem\u00e1ticas como el <strong>Arco del Triunfo<\/strong>, con la movilizaci\u00f3n de <strong>unos 100 tractores<\/strong> en la regi\u00f3n. Los manifestantes advirtieron sobre el impacto de la <strong>competencia de productos agr\u00edcolas<\/strong> provenientes de <strong>Brasil, Argentina, Uruguay y Paraguay<\/strong>, pa\u00edses integrantes del <strong>Mercosur<\/strong>.<\/p>\n<\/div>\n<div id>\n<p>Uno de los productores presentes, <strong>Damien Cornier<\/strong>, resumi\u00f3 el reclamo al se\u00f1alar: &#8220;<strong>Solo queremos trabajar y vivir de nuestra profesi\u00f3n<\/strong>&#8220;. El malestar del sector se profundiz\u00f3 tras la reciente decisi\u00f3n oficial de <strong>sacrificar ganado<\/strong> para frenar la <strong>dermatitis nodular<\/strong>, una enfermedad que afecta al rodeo bovino.<\/p>\n<p>Macron afirm\u00f3 que la <strong>Comisi\u00f3n Europea<\/strong> incorpor\u00f3 avances reclamados por Francia, como las denominadas <strong>\u201ccl\u00e1usulas espejo\u201d<\/strong>, destinadas a asegurar que la <strong>carne importada<\/strong> desde <strong>Brasil y Argentina<\/strong> cumpla las <strong>mismas normas sanitarias y ambientales<\/strong> vigentes en la Uni\u00f3n Europea. Adem\u00e1s, insisti\u00f3 en la necesidad de <strong>mecanismos de salvaguardia<\/strong> que permitan frenar importaciones ante una eventual <strong>ca\u00edda de precios<\/strong> en el mercado interno.<\/p>\n<figure id=\"8173228-Libre-1163322622_wrap\" class=\"embed_cont type_imagen\" contenteditable=\"false\">\n<p>francia <span onclick=\"parent.parent.TinyMCETdcuerpo.preview_embed('8173228-Libre-1163322622')\" class=\"embed_colapse less\" id=\"8173228-Libre-1163322622_colapse\"><\/span> <span onclick=\"parent.parent.TinyMCETdcuerpo.delete_embed('8173228-Libre-1163322622')\" class=\"embed_delete less\" id=\"8173228-Libre-1163322622_delete\"><\/span><\/p>\n<div id=\"8173228-Libre-1163322622_content\" class=\"embed_content\"><img data-recalc-dims=\"1\" decoding=\"async\" src=\"https:\/\/i0.wp.com\/media.ambito.com\/p\/00d1ac40e3e05e585ce5a0cca4997568\/adjuntos\/239\/imagenes\/043\/084\/0043084672\/730x0\/smart\/francia.jpeg?resize=640%2C426&#038;ssl=1\" alt=\"Productores de la Coordinaci\u00f3n Rural se movilizaron con tractores en Par\u00eds y otras ciudades para rechazar el acuerdo Mercosur-UE.\" title=\"Productores de la Coordinaci\u00f3n Rural se movilizaron con tractores en Par\u00eds y otras ciudades para rechazar el acuerdo Mercosur-UE.\" width=\"640\" height=\"426\" id=\"8173228-Libre-1163322622_embed\" crossorigin=\"anonymous\" fetchpriority=\"high\" decode=\"async\"><\/div><figcaption class=\"embed_wrapper-cont\" readability=\"1.5\">\n<div id=\"8173228-Libre-1163322622_epigrafe\" class=\"embed_epigrafe\" readability=\"8\">\n<p>Productores de la Coordinaci\u00f3n Rural se movilizaron con tractores en Par\u00eds y otras ciudades para rechazar el acuerdo Mercosur-UE.<\/p>\n<\/div>\n<p>Voix Du Nord<\/p>\n<\/figcaption><\/figure>\n<p>La eventual <strong>ratificaci\u00f3n del acuerdo<\/strong> depende de conformar una <strong>minor\u00eda de bloqueo<\/strong> en el <strong>Consejo Europeo<\/strong>, lo que requiere el respaldo de <strong>al menos cuatro pa\u00edses<\/strong> que representen <strong>m\u00e1s del 35% de la poblaci\u00f3n<\/strong> del bloque. En ese escenario, el apoyo de <strong>Italia<\/strong>, confirmado por su canciller <strong>Antonio Tajani<\/strong>, complica la estrategia francesa.<\/p>\n<p>En la misma sinton\u00eda que Francia, el <strong>viceprimer ministro de Irlanda, Simon Harris<\/strong>, adelant\u00f3 que su pa\u00eds tambi\u00e9n <strong>votar\u00e1 en contra<\/strong> del tratado. Por su parte, <strong>Alemania y Espa\u00f1a<\/strong> mantienen su respaldo al acuerdo, al considerar que fortalecer\u00e1 a sus <strong>industrias<\/strong> frente a la competencia de <strong>China<\/strong> y a los <strong>aranceles de Estados Unidos<\/strong>.<\/p>\n<\/div>\n","protected":false},"excerpt":{"rendered":"<p>El anuncio fue realizado el jueves a trav\u00e9s de un mensaje en la red social X, donde Macron sostuvo que &#8220;la firma del acuerdo no significa el final del proceso&#8221; y ratific\u00f3 que seguir\u00e1 exigiendo a la Comisi\u00f3n Europea el cumplimiento integral de los compromisos asumidos para proteger a los productores franceses. El mandatario remarc\u00f3 [&hellip;]<\/p>\n","protected":false},"author":2,"featured_media":10892,"comment_status":"closed","ping_status":"closed","sticky":false,"template":"","format":"standard","meta":{"jetpack_post_was_ever_published":false,"_jetpack_newsletter_access":"","_jetpack_dont_email_post_to_subs":false,"_jetpack_newsletter_tier_id":0,"_jetpack_memberships_contains_paywalled_content":false,"_jetpack_memberships_contains_paid_content":false,"footnotes":"","jetpack_publicize_message":"","jetpack_publicize_feature_enabled":true,"jetpack_social_post_already_shared":true,"jetpack_social_options":{"image_generator_settings":{"template":"highway","enabled":false},"version":2}},"categories":[20],"tags":[],"class_list":["post-10891","post","type-post","status-publish","format-standard","has-post-thumbnail","hentry","category-mundo"],"jetpack_publicize_connections":[],"jetpack_featured_media_url":"https:\/\/i0.wp.com\/infolanus.com\/wp-content\/uploads\/2026\/01\/francia-mantiene-su-postura-y-votara-en-contra-del-acuerdo-union-europea-mercosur-en-bruselas.jpg?fit=730%2C487&ssl=1","jetpack_sharing_enabled":true,"jetpack_shortlink":"https:\/\/wp.me\/p9QtMr-2PF","_links":{"self":[{"href":"https:\/\/infolanus.com\/index.php\/wp-json\/wp\/v2\/posts\/10891","targetHints":{"allow":["GET"]}}],"collection":[{"href":"https:\/\/infolanus.com\/index.php\/wp-json\/wp\/v2\/posts"}],"about":[{"href":"https:\/\/infolanus.com\/index.php\/wp-json\/wp\/v2\/types\/post"}],"author":[{"embeddable":true,"href":"https:\/\/infolanus.com\/index.php\/wp-json\/wp\/v2\/users\/2"}],"replies":[{"embeddable":true,"href":"https:\/\/infolanus.com\/index.php\/wp-json\/wp\/v2\/comments?post=10891"}],"version-history":[{"count":0,"href":"https:\/\/infolanus.com\/index.php\/wp-json\/wp\/v2\/posts\/10891\/revisions"}],"wp:featuredmedia":[{"embeddable":true,"href":"https:\/\/infolanus.com\/index.php\/wp-json\/wp\/v2\/media\/10892"}],"wp:attachment":[{"href":"https:\/\/infolanus.com\/index.php\/wp-json\/wp\/v2\/media?parent=10891"}],"wp:term":[{"taxonomy":"category","embeddable":true,"href":"https:\/\/infolanus.com\/index.php\/wp-json\/wp\/v2\/categories?post=10891"},{"taxonomy":"post_tag","embeddable":true,"href":"https:\/\/infolanus.com\/index.php\/wp-json\/wp\/v2\/tags?post=10891"}],"curies":[{"name":"wp","href":"https:\/\/api.w.org\/{rel}","templated":true}]}}