{"id":10896,"date":"2026-01-09T21:53:00","date_gmt":"2026-01-10T00:53:00","guid":{"rendered":"https:\/\/www.ambito.com\/mundo\/gustavo-petro-llamo-coordinar-venezuela-una-estrategia-regional-contra-el-narcotrafico-n6232679"},"modified":"2026-01-09T21:53:00","modified_gmt":"2026-01-10T00:53:00","slug":"gustavo-petro-llamo-a-coordinar-con-venezuela-una-estrategia-regional-contra-el-narcotrafico","status":"publish","type":"post","link":"https:\/\/infolanus.com\/index.php\/2026\/01\/09\/gustavo-petro-llamo-a-coordinar-con-venezuela-una-estrategia-regional-contra-el-narcotrafico\/","title":{"rendered":"Gustavo Petro llam\u00f3 a coordinar con Venezuela una estrategia regional contra el narcotr\u00e1fico"},"content":{"rendered":"<p><img data-recalc-dims=\"1\" decoding=\"async\" src=\"https:\/\/i0.wp.com\/media.ambito.com\/p\/3696dac804c9af1f6b5be2687e681f5c\/adjuntos\/239\/imagenes\/041\/826\/0041826333\/petro.png?w=640&#038;ssl=1\"><!-- { REGION4 --> <\/p>\n<header class=\"news-headline\" readability=\"1.8265060240964\">\n<div class=\"news-headline__topics-and-date-wrapper\"> <span class=\"news-headline__publication-date\"> 9 de enero 2026 &#8211; 21:53 <\/span><\/div>\n<h2 class=\"news-headline__article-summary\" readability=\"24\">\n<p class=\"ignore-parser\">El presidente colombiano sostuvo que las organizaciones criminales dedicadas al tr\u00e1fico de drogas funcionan como factor de desestabilizaci\u00f3n en la regi\u00f3n y plante\u00f3 la necesidad de una respuesta conjunta entre Estados y Fuerzas Armadas latinoamericanas.<\/p>\n<\/h2>\n<\/header>\n<div class=\"detail-highlighted-multimedia content-protected-false\">\n<figure class=\"detail-highlighted-multimedia__figure\"> <img data-recalc-dims=\"1\" decoding=\"async\" src=\"https:\/\/i0.wp.com\/media.ambito.com\/p\/5ff7cb795f5e901dba7de62cf7a24500\/adjuntos\/239\/imagenes\/041\/826\/0041826329\/petro.png?resize=640%2C360&#038;ssl=1\" class=\"detail-highlighted-multimedia__figure-img img-fluid\" alt=\"Petro pidi\u00f3 unidad regional contra el narcotr\u00e1fico y cuestion\u00f3 su uso como justificaci\u00f3n para intervenciones en Am\u00e9rica Latina.\" width=\"640\" height=\"360\" crossorigin=\"anonymous\" fetchpriority=\"high\" decode=\"async\"><figcaption class=\"detail-highlighted-multimedia__figcaption\" readability=\"-23.5\"> <span class=\"detail-highlighted-multimedia__copyright\">Se\u00f1al Colombia<\/span><\/figcaption><\/figure>\n<\/div>\n<article class=\"article-body article-body--first-paragraph content-protected-false\" data-td-script-src=\"https:\/\/www.ambito.com\/td\/modulos\/encuestas\/js\/function-embeds-min-version-1767931616.js\" readability=\"30.292682926829\">\n<p data-start=\"570\" data-end=\"888\">El <a href=\"https:\/\/www.ambito.com\/mundo\/donald-trump-confirmo-que-se-reunira-gustavo-petro-febrero-n6232604\" target=\"_blank\" rel=\"follow\">presidente de Colombia, <strong>Gustavo Petro<\/strong><\/a>, convoc\u00f3 a avanzar en una estrategia regional conjunta contra el narcotr\u00e1fico y advirti\u00f3 que la existencia de grupos armados vinculados a esa actividad se ha convertido en la <strong> \u201cexcusa perfecta\u201d<\/strong> para promover acciones de agresi\u00f3n contra pa\u00edses de Am\u00e9rica Latina. \u201c<strong data-start=\"2144\" data-end=\"2237\">He invitado a la actual presidenta de Venezuela para que actuemos juntos en este objetivo<\/strong>\u201d, se\u00f1al\u00f3 en referencia a <strong data-start=\"2263\" data-end=\"2304\">Delcy Rodr\u00edguez<\/strong>.<\/p>\n<\/article>\n<article class=\"article-body article-body--second-paragraph content-protected-false\" readability=\"35\">\n<p data-start=\"890\" data-end=\"1286\">A trav\u00e9s de un extenso mensaje publicado en la red social <strong data-start=\"948\" data-end=\"989\">X<\/strong>, el mandatario colombiano afirm\u00f3 que las alianzas criminales asociadas al narcotr\u00e1fico no defienden los intereses de la regi\u00f3n y, por el contrario, favorecen procesos de desestabilizaci\u00f3n pol\u00edtica. \u201c<strong data-start=\"1189\" data-end=\"1274\">Dedicados al narcotr\u00e1fico, se convirtieron en la excusa perfecta para la agresi\u00f3n<\/strong>\u201d, escribi\u00f3.<\/p>\n<\/article>\n<section class=\"related-news\"> <span class=\"related-news__title\">Informate m\u00e1s<\/span> <\/p>\n<div class=\"row row--eq-height\">\n<div class=\"col-12 col-md-6\">\n<article class=\"news-article news-article--landscape-news news-article--landscape-news\">\n<figure class=\"news-article__figure figure\"> <a href=\"https:\/\/www.ambito.com\/mundo\/donald-trump-y-gustavo-petro-acuerdan-encuentro-medio-tensiones-bilaterales-n6231805\" target title=\"\u00e1mbito.com | Trump y Petro acuerdan encuentro en medio de tensiones bilaterales\" alt=\"\u00e1mbito.com | Trump y Petro acuerdan encuentro en medio de tensiones bilaterales\" rel=\"noindex nofollow noreferrer\"> <img loading=\"lazy\" decoding=\"async\" src=\"https:\/\/www.ambito.com\/css-custom\/239\/lazy.svg\" data-td-src-property=\"https:\/\/media.ambito.com\/p\/405104aff155122a149fe82d17428729\/adjuntos\/239\/imagenes\/042\/805\/0042805128\/93x52\/265x896:285x916\/trump-petro.jpg\" alt=\"Trump convers\u00f3 con Petro para bajar la tensi\u00f3n con Colombia tras la incursi\u00f3n en Venezuela.&nbsp;\" title=\"Trump convers\u00f3 con Petro para bajar la tensi\u00f3n con Colombia tras la incursi\u00f3n en Venezuela.&nbsp;\" width=\"93\" height=\"52\" class=\"news-article__figure-img figure-img img-fluid\"> <\/a><\/figure>\n<\/article><\/div>\n<div class=\"col-12 col-md-6\">\n<article class=\"news-article news-article--landscape-news news-article--landscape-news\">\n<figure class=\"news-article__figure figure\"> <a href=\"https:\/\/www.ambito.com\/mundo\/gustavo-petro-respondio-las-acusaciones-donald-trump-y-advirtio-que-volveria-tomar-las-armas-si-la-patria-lo-exige-n6230840\" target title=\"\u00e1mbito.com | Petro respondi\u00f3 a las acusaciones de Trump y advirti\u00f3 que volver\u00eda a tomar las armas si la Patria lo exige\" alt=\"\u00e1mbito.com | Petro respondi\u00f3 a las acusaciones de Trump y advirti\u00f3 que volver\u00eda a tomar las armas si la Patria lo exige\" rel=\"noindex nofollow noreferrer\"> <img loading=\"lazy\" decoding=\"async\" src=\"https:\/\/www.ambito.com\/css-custom\/239\/lazy.svg\" data-td-src-property=\"https:\/\/media.ambito.com\/p\/55308a0f2e44312de7881216265b4159\/adjuntos\/239\/imagenes\/040\/100\/0040100803\/93x52\/smart\/gustavo-petro.png\" alt=\"En un extenso mensaje publicado en X, Gustavo Petro apel\u00f3 a su pasado en la lucha armada y llam\u00f3 al pueblo colombiano a defender su gobierno frente a cualquier intento de intervenci\u00f3n estadounidenses, luego de nuevas amenazas de Washington.\" title=\"En un extenso mensaje publicado en X, Gustavo Petro apel\u00f3 a su pasado en la lucha armada y llam\u00f3 al pueblo colombiano a defender su gobierno frente a cualquier intento de intervenci\u00f3n estadounidenses, luego de nuevas amenazas de Washington.\" width=\"93\" height=\"52\" class=\"news-article__figure-img figure-img img-fluid\"> <\/a><\/figure>\n<\/article><\/div>\n<\/div>\n<\/section>\n<article class=\"article-body article-body--third-paragraph content-protected-false\" readability=\"33\">\n<p data-start=\"890\" data-end=\"1286\">El pronunciamiento se produjo luego del arresto del exmandatario venezolano <strong data-start=\"2384\" data-end=\"2425\">Nicol\u00e1s Maduro<\/strong>, quien enfrenta procesos judiciales en <strong data-start=\"2465\" data-end=\"2506\">Estados Unidos<\/strong>, y en un escenario especialmente sensible en la frontera colombo-venezolana, donde operan grupos armados y redes criminales financiadas por el tr\u00e1fico de coca\u00edna.<\/p>\n<\/article>\n<article class=\"article-body article-body--fourth-paragraph content-protected-false\" readability=\"34.030501089325\">\n<div contenteditable=\"false\" class=\"embed_cont type_freetext\" rel=\"freetext\" id=\"embed5901_wrap\" data-provider=\"Twitter\" readability=\"30.37106918239\">\n<p>Embed &#8211; https:\/\/publish.x.com\/oembed?url=https:\/\/x.com\/petrogustavo\/status\/2009667527916265627&amp;partner=&amp;hide_thread=false<span onclick=\"parent.parent.TinyMCETdcuerpo.preview_embed('embed5901')\" class=\"embed_colapse less\" id=\"embed5901_colapse\"><\/span><span onclick=\"parent.parent.TinyMCETdcuerpo.delete_embed('embed5901')\" class=\"embed_delete less\" id=\"embed5901_delete\"><\/span><\/p>\n<div id=\"embed5901_content\" class=\"embed_content\">\n<div id=\"embed5901_embed\" readability=\"9.8225352112676\">\n<blockquote data-td-script-src=\"https:\/\/platform.twitter.com\/widgets.js\" class=\"twitter-tweet\" readability=\"13.394366197183\">\n<p dir=\"ltr\" lang=\"es\"> La alianza que propone el se\u00f1or Iv\u00e1n Mordisco, no defiende a Venezuela, ni a Colombia ni a Am\u00e9rica Latina, al contrario, son la excusa de la invasi\u00f3n , y hasta dineros oscuros corren para sabotear las elecciones e impedir la libertad electoral.<\/p>\n<p>Dedicados al narcotr\u00e1fico, se\u2026 <a href=\"https:\/\/t.co\/IMP6kBLqVO\">https:\/\/t.co\/IMP6kBLqVO<\/a><\/p>\n<p> \u2014 Gustavo Petro (@petrogustavo) <a href=\"https:\/\/twitter.com\/petrogustavo\/status\/2009667527916265627?ref_src=twsrc%5Etfw\">January 9, 2026<\/a><\/p><\/blockquote>\n<\/div><\/div>\n<\/p><\/div>\n<h2 data-start=\"890\" data-end=\"1286\">Petro pidi\u00f3 a la mandataria interina de Venezuela combatir &#8220;juntos&#8221; al narcotr\u00e1fico<\/h2>\n<p data-start=\"1288\" data-end=\"1632\">En ese marco, Petro sostuvo que, pese al contexto de \u201cturbulencia\u201d generado por la reciente intervenci\u00f3n sobre Venezuela, los pa\u00edses de la regi\u00f3n deben coordinar esfuerzos para neutralizar a estas organizaciones. \u201c<strong data-start=\"1502\" data-end=\"1621\">Los Ej\u00e9rcitos latinoamericanos debemos reunirnos para sacar de nuestros pa\u00edses esta excusa que no hace bien a nadie<\/strong>\u201d, plante\u00f3.<\/p>\n<\/article>\n<article class=\"article-body article-body--fifth-paragraph content-protected-false\" readability=\"34\">\n<p data-start=\"1634\" data-end=\"2034\">El presidente colombiano llam\u00f3 adem\u00e1s a una respuesta integral que involucre a los Estados, sus instituciones y la sociedad. \u201c<strong data-start=\"1760\" data-end=\"1904\">Am\u00e9rica Latina debe defenderse de cualquier actor que la desestabilice y eso implica la unidad de sus pueblos, de sus armas y de sus Estados<\/strong>\u201d, afirm\u00f3, al tiempo que remarc\u00f3 que \u201c<strong data-start=\"1942\" data-end=\"2032\">los narcotraficantes armados deben ser derrotados por los pueblos unidos a sus Estados<\/strong>\u201d.<\/p>\n<\/article>\n<article class=\"article-body article-body--remaining-paragraph content-protected-false\" readability=\"31\">\n<p data-start=\"2036\" data-end=\"2305\">En ese contexto, Petro confirm\u00f3 que convoc\u00f3 a las autoridades venezolanas a trabajar de manera coordinada. \u201c<strong data-start=\"2144\" data-end=\"2237\">He invitado a la actual presidenta de Venezuela para que actuemos juntos en este objetivo<\/strong>\u201d, se\u00f1al\u00f3 en referencia a <strong data-start=\"2263\" data-end=\"2304\">Delcy Rodr\u00edguez<\/strong>.<\/p>\n<\/article>\n<p> <!-- REGION4 } --> <\/p>\n","protected":false},"excerpt":{"rendered":"<p>9 de enero 2026 &#8211; 21:53 El presidente colombiano sostuvo que las organizaciones criminales dedicadas al tr\u00e1fico de drogas funcionan como factor de desestabilizaci\u00f3n en la regi\u00f3n y plante\u00f3 la necesidad de una respuesta conjunta entre Estados y Fuerzas Armadas latinoamericanas. Se\u00f1al Colombia El presidente de Colombia, Gustavo Petro, convoc\u00f3 a avanzar en una estrategia [&hellip;]<\/p>\n","protected":false},"author":2,"featured_media":10897,"comment_status":"closed","ping_status":"closed","sticky":false,"template":"","format":"standard","meta":{"jetpack_post_was_ever_published":false,"_jetpack_newsletter_access":"","_jetpack_dont_email_post_to_subs":false,"_jetpack_newsletter_tier_id":0,"_jetpack_memberships_contains_paywalled_content":false,"_jetpack_memberships_contains_paid_content":false,"footnotes":"","jetpack_publicize_message":"","jetpack_publicize_feature_enabled":true,"jetpack_social_post_already_shared":true,"jetpack_social_options":{"image_generator_settings":{"template":"highway","enabled":false},"version":2}},"categories":[20],"tags":[1286],"class_list":["post-10896","post","type-post","status-publish","format-standard","has-post-thumbnail","hentry","category-mundo","tag-mundo"],"jetpack_publicize_connections":[],"jetpack_featured_media_url":"https:\/\/i0.wp.com\/infolanus.com\/wp-content\/uploads\/2026\/01\/gustavo-petro-llamo-a-coordinar-con-venezuela-una-estrategia-regional-contra-el-narcotrafico.jpg?fit=655%2C368&ssl=1","jetpack_sharing_enabled":true,"jetpack_shortlink":"https:\/\/wp.me\/p9QtMr-2PK","_links":{"self":[{"href":"https:\/\/infolanus.com\/index.php\/wp-json\/wp\/v2\/posts\/10896","targetHints":{"allow":["GET"]}}],"collection":[{"href":"https:\/\/infolanus.com\/index.php\/wp-json\/wp\/v2\/posts"}],"about":[{"href":"https:\/\/infolanus.com\/index.php\/wp-json\/wp\/v2\/types\/post"}],"author":[{"embeddable":true,"href":"https:\/\/infolanus.com\/index.php\/wp-json\/wp\/v2\/users\/2"}],"replies":[{"embeddable":true,"href":"https:\/\/infolanus.com\/index.php\/wp-json\/wp\/v2\/comments?post=10896"}],"version-history":[{"count":0,"href":"https:\/\/infolanus.com\/index.php\/wp-json\/wp\/v2\/posts\/10896\/revisions"}],"wp:featuredmedia":[{"embeddable":true,"href":"https:\/\/infolanus.com\/index.php\/wp-json\/wp\/v2\/media\/10897"}],"wp:attachment":[{"href":"https:\/\/infolanus.com\/index.php\/wp-json\/wp\/v2\/media?parent=10896"}],"wp:term":[{"taxonomy":"category","embeddable":true,"href":"https:\/\/infolanus.com\/index.php\/wp-json\/wp\/v2\/categories?post=10896"},{"taxonomy":"post_tag","embeddable":true,"href":"https:\/\/infolanus.com\/index.php\/wp-json\/wp\/v2\/tags?post=10896"}],"curies":[{"name":"wp","href":"https:\/\/api.w.org\/{rel}","templated":true}]}}