{"id":10911,"date":"2026-01-12T20:56:00","date_gmt":"2026-01-12T23:56:00","guid":{"rendered":"https:\/\/www.ambito.com\/c6233488"},"modified":"2026-01-12T20:56:00","modified_gmt":"2026-01-12T23:56:00","slug":"venezuela-libero-al-argentino-israeli-yacoov-harari-preso-desde-2024","status":"publish","type":"post","link":"https:\/\/infolanus.com\/index.php\/2026\/01\/12\/venezuela-libero-al-argentino-israeli-yacoov-harari-preso-desde-2024\/","title":{"rendered":"Venezuela liber\u00f3 al argentino-israel\u00ed Yacoov Harari, preso desde 2024"},"content":{"rendered":"<div id>\n<p>El hombre de 72 a\u00f1os hab\u00eda sido detenido el 4 de septiembre de 2024 cuando cruz\u00f3 la frontera con <strong>Colombia.<\/strong> Tras m\u00e1s de un a\u00f1o de arresto en la c\u00e1rcel <strong>El Rodeo I<\/strong>, la <strong>organizaci\u00f3n de derechos humanos Foro Penal<\/strong> confirm\u00f3 este lunes que Harari es uno de los nuevos liberados.<\/p>\n<\/div>\n<div id>\n<p>Durante la jornada, el gobierno venezolano entreg\u00f3 la lista de <strong>116 personas liberadas<\/strong>. Por el momento, la ONG contabiliz\u00f3 los nombres de unas 50 personas, entre los que se encuentran varios extranjeros.<\/p>\n<\/div>\n<div id>\n<p>Este lunes fueron excarcelados dos italianos: <strong>Alberto Trentini,<\/strong> de 46 a\u00f1os, y <strong>Mario Burl\u00f3,<\/strong> de 52. Ambos hab\u00edan sido detenidos en noviembre de 2024. El gobierno de Italia celebr\u00f3 la decisi\u00f3n y anunci\u00f3 que retomar\u00e1 v\u00ednculos diplom\u00e1ticos con el env\u00edo de un embajador a <strong>Caracas.<\/strong><\/p>\n<\/p><\/div>\n<div id>\n<p> Entre los nombres tambi\u00e9n se identific\u00f3 al hispano-venezolano <strong>Alejandro Gonz\u00e1lez,<\/strong> exesposo de una reconocida abogada y defensora de los derechos humanos, <strong>Roc\u00edo San Miguel,<\/strong> quien fuera liberada el pasado jueves en el marco del mismo proceso de excarcelaciones.<\/p>\n<\/div>\n<div id>\n<figure id=\"8173237-Libre-586985955_wrap\" class=\"embed_cont type_imagen\" contenteditable=\"false\" readability=\"2\">\n<p>nahuel gallo y germ\u00e1n giuliani <span onclick=\"parent.parent.TinyMCETdcuerpo.preview_embed('8173237-Libre-586985955')\" class=\"embed_colapse less\" id=\"8173237-Libre-586985955_colapse\"><\/span> <span onclick=\"parent.parent.TinyMCETdcuerpo.delete_embed('8173237-Libre-586985955')\" class=\"embed_delete less\" id=\"8173237-Libre-586985955_delete\"><\/span><\/p>\n<div id=\"8173237-Libre-586985955_content\" class=\"embed_content\"><img data-recalc-dims=\"1\" decoding=\"async\" src=\"https:\/\/i0.wp.com\/media.ambito.com\/p\/f596fbac2da647f74d15fac37be4d442\/adjuntos\/239\/imagenes\/043\/084\/0043084697\/730x0\/smart\/nahuel-gallo-y-german-giuliani.jpg?resize=640%2C359&#038;ssl=1\" alt title width=\"640\" height=\"359\" id=\"8173237-Libre-586985955_embed\" crossorigin=\"anonymous\" fetchpriority=\"high\" decode=\"async\"><\/div><figcaption class=\"embed_wrapper-cont\"> <\/figcaption><\/figure>\n<h2>Incertidumbre sobre Nahuel Gallo y Germ\u00e1n Giuliani<\/h2>\n<p>Mientras tanto, contin\u00faa la incertidumbre sobre el gendarme, <strong>Nahuel Gallo,<\/strong> y el abogado <strong>Germ\u00e1n Giuliani,<\/strong> quienes tambi\u00e9n se encuentran detenidos desde hace m\u00e1s de un a\u00f1o.<\/p>\n<p>Gallo se encuentra recluido en El Rodeo 1 desde diciembre de 2024 y, seg\u00fan denuncias familiares, tras m\u00e1s de un a\u00f1o y medio de prohibici\u00f3n, las autoridades habilitaron las visitas este domingo, aunque sin noticias claras sobre su situaci\u00f3n.<\/p>\n<p>Seg\u00fan familiares y allegados, desde que Gallo<strong> fue arrestado <\/strong>ninguna carta, mensaje, llamada ni visita hab\u00eda sido autorizada hasta este domingo, marcando un cambio relevante en las condiciones de comunicaci\u00f3n.<\/p>\n<p>La madre del gendarme, <strong>Griselda Heredia del Valle<\/strong>, describi\u00f3 el proceso como \u201cmuy duro\u201d para la familia, subrayando el impacto que ha tenido la incertidumbre y la falta de informaci\u00f3n clara sobre el estado de su hijo durante m\u00e1s de un a\u00f1o de detenci\u00f3n.<\/p>\n<p>El centro de detenci\u00f3n, rebautizado como <strong>Servicio Especial de M\u00e1xima Seguridad (CESMAS)<\/strong>, tiene reputaci\u00f3n de r\u00e9gimen estricto y de alto aislamiento para detenidos pol\u00edticos, lo que ha generado cr\u00edticas de organismos internacionales y familiares por la falta de transparencia y las condiciones de reclusi\u00f3n.<\/p>\n<p>Hasta el momento <strong>no existe una lista oficial<\/strong> ni informaci\u00f3n fehaciente sobre pr\u00f3ximas liberaciones, y la metodolog\u00eda empleada por las autoridades venezolanas ha consistido en avisar a las familias con minutos de antelaci\u00f3n antes de excarcelaciones y dejar a los liberados en puntos espec\u00edficos fuera de los centros.<\/p>\n<p>La apertura a visitas se produce en un contexto de <strong>expectativa e incertidumbre<\/strong>, con la familia de Gallo esperanzada en que esta flexibilizaci\u00f3n refleje un avance hacia futuras liberaciones y, eventualmente, el regreso seguro del gendarme a la Argentina.<\/p>\n<h2>La ONU exige la liberaci\u00f3n total de todos los presos pol\u00edticos en Venezuela<\/h2>\n<p>La <a href=\"https:\/\/www.ambito.com\/mundo\/la-onu-se-reune-urgencia-la-intervencion-eeuu-venezuela-n6230606\" target=\"_blank\" rel=\"follow noopener\">Organizaci\u00f3n de las Naciones Unidas (ONU)<\/a> reclam\u00f3 este lunes la<strong> liberaci\u00f3n inmediata e incondicional de todos los presos pol\u00edticos del pa\u00eds<\/strong> y advirti\u00f3 que las excarcelaciones informadas en los \u00faltimos d\u00edas resultan <strong>claramente insuficientes<\/strong> frente a las <strong>obligaciones <\/strong>internacionales asumidas por el<strong> Estado venezolano <\/strong>en materia de derechos humanos.<\/p>\n<p>En un pronunciamiento difundido desde <strong>Panam\u00e1 y Ginebra<\/strong>, el organismo creado por el Consejo de Derechos Humanos de la ONU reconoci\u00f3 como un<strong> \u201cpaso importante\u201d<\/strong> la liberaci\u00f3n de algunas personas detenidas arbitrariamente, pero subray\u00f3 que la medida est\u00e1 muy <strong>lejos de resolver la magnitud del problema. <\/strong>Seg\u00fan sus estimaciones, Venezuela mantiene alrededor de<strong> 800 presos pol\u00edticos<\/strong>, mientras que hasta ahora solo unas<strong> 50 personas <\/strong>habr\u00edan recuperado la libertad.<\/p>\n<p>La advertencia se conoci\u00f3 el mismo d\u00eda en que el Gobierno venezolano y distintas organizaciones de derechos humanos difundieron <a href=\"https:\/\/www.ambito.com\/mundo\/venezuela-libero-otros-24-presos-politicos-nahuel-gallo-y-german-giuliani-no-aparecen-la-lista-n6233139\" target=\"_blank\" rel=\"follow noopener\">n\u00fameros contradictorios sobre el proceso de excarcelaciones.<\/a> El Ministerio para el Servicio Penitenciario inform\u00f3 la liberaci\u00f3n de <strong>116 personas,<\/strong> a las que defini\u00f3 como<strong> \u201cnuevas excarcelaciones\u201d <\/strong>surgidas de una revisi\u00f3n de causas ordenada por el Ejecutivo, y asegur\u00f3 que el procedimiento continuar\u00e1 de forma permanente.<\/p>\n<p>Sin embargo, los registros independientes ofrecen un panorama diferente. La ONG Justicia, Encuentro y Perd\u00f3n <strong>confirm\u00f3 hasta el momento 53 liberaciones<\/strong>, mientras que Foro Penal verific\u00f3<strong> poco m\u00e1s de 40<\/strong> y alert\u00f3 que el proceso avanza<strong> \u201ca cuentagotas\u201d. <\/strong>Entre las personas liberadas figuran <strong>24 <\/strong>presos pol\u00edticos, incluidas nueve mujeres de la c\u00e1rcel La Cris\u00e1lida y varios extranjeros que permanec\u00edan <strong>detenidos en El Rodeo I.<\/strong><\/p>\n<p><strong> \u201cEsto est\u00e1 muy lejos de cumplir con las obligaciones internacionales de Venezuela en materia de derechos humanos\u201d<\/strong>, se\u00f1al\u00f3 la Misi\u00f3n de la ONU, al remarcar la brecha entre los anuncios oficiales y los datos verificados por organizaciones independientes.<\/p>\n<\/div>\n","protected":false},"excerpt":{"rendered":"<p>El hombre de 72 a\u00f1os hab\u00eda sido detenido el 4 de septiembre de 2024 cuando cruz\u00f3 la frontera con Colombia. Tras m\u00e1s de un a\u00f1o de arresto en la c\u00e1rcel El Rodeo I, la organizaci\u00f3n de derechos humanos Foro Penal confirm\u00f3 este lunes que Harari es uno de los nuevos liberados. Durante la jornada, el [&hellip;]<\/p>\n","protected":false},"author":2,"featured_media":10912,"comment_status":"closed","ping_status":"closed","sticky":false,"template":"","format":"standard","meta":{"jetpack_post_was_ever_published":false,"_jetpack_newsletter_access":"","_jetpack_dont_email_post_to_subs":false,"_jetpack_newsletter_tier_id":0,"_jetpack_memberships_contains_paywalled_content":false,"_jetpack_memberships_contains_paid_content":false,"footnotes":"","jetpack_publicize_message":"","jetpack_publicize_feature_enabled":true,"jetpack_social_post_already_shared":true,"jetpack_social_options":{"image_generator_settings":{"template":"highway","enabled":false},"version":2}},"categories":[20],"tags":[],"class_list":["post-10911","post","type-post","status-publish","format-standard","has-post-thumbnail","hentry","category-mundo"],"jetpack_publicize_connections":[],"jetpack_featured_media_url":"https:\/\/i0.wp.com\/infolanus.com\/wp-content\/uploads\/2026\/01\/venezuela-libero-al-argentino-israeli-yacoov-harari-preso-desde-2024.jpg?fit=730%2C411&ssl=1","jetpack_sharing_enabled":true,"jetpack_shortlink":"https:\/\/wp.me\/p9QtMr-2PZ","_links":{"self":[{"href":"https:\/\/infolanus.com\/index.php\/wp-json\/wp\/v2\/posts\/10911","targetHints":{"allow":["GET"]}}],"collection":[{"href":"https:\/\/infolanus.com\/index.php\/wp-json\/wp\/v2\/posts"}],"about":[{"href":"https:\/\/infolanus.com\/index.php\/wp-json\/wp\/v2\/types\/post"}],"author":[{"embeddable":true,"href":"https:\/\/infolanus.com\/index.php\/wp-json\/wp\/v2\/users\/2"}],"replies":[{"embeddable":true,"href":"https:\/\/infolanus.com\/index.php\/wp-json\/wp\/v2\/comments?post=10911"}],"version-history":[{"count":0,"href":"https:\/\/infolanus.com\/index.php\/wp-json\/wp\/v2\/posts\/10911\/revisions"}],"wp:featuredmedia":[{"embeddable":true,"href":"https:\/\/infolanus.com\/index.php\/wp-json\/wp\/v2\/media\/10912"}],"wp:attachment":[{"href":"https:\/\/infolanus.com\/index.php\/wp-json\/wp\/v2\/media?parent=10911"}],"wp:term":[{"taxonomy":"category","embeddable":true,"href":"https:\/\/infolanus.com\/index.php\/wp-json\/wp\/v2\/categories?post=10911"},{"taxonomy":"post_tag","embeddable":true,"href":"https:\/\/infolanus.com\/index.php\/wp-json\/wp\/v2\/tags?post=10911"}],"curies":[{"name":"wp","href":"https:\/\/api.w.org\/{rel}","templated":true}]}}