{"id":10919,"date":"2026-01-14T21:04:00","date_gmt":"2026-01-15T00:04:00","guid":{"rendered":"https:\/\/www.ambito.com\/mundo\/el-fbi-allano-una-periodista-del-washington-post-una-investigacion-filtracion-secretos-gubernamentales-n6234408"},"modified":"2026-01-14T21:04:00","modified_gmt":"2026-01-15T00:04:00","slug":"el-fbi-allano-a-una-periodista-del-washington-post-en-una-investigacion-por-filtracion-de-secretos-gubernamentales","status":"publish","type":"post","link":"https:\/\/infolanus.com\/index.php\/2026\/01\/14\/el-fbi-allano-a-una-periodista-del-washington-post-en-una-investigacion-por-filtracion-de-secretos-gubernamentales\/","title":{"rendered":"El FBI allan\u00f3 a una periodista del Washington Post en una investigaci\u00f3n por filtraci\u00f3n de secretos gubernamentales"},"content":{"rendered":"<p><img data-recalc-dims=\"1\" decoding=\"async\" src=\"https:\/\/i0.wp.com\/media.ambito.com\/p\/4617ef32f465df58becb351c9962dc03\/adjuntos\/239\/imagenes\/043\/098\/0043098452\/1200x675\/smart\/hannah-natanson.jpg?w=640&#038;ssl=1\"><!-- { REGION4 --> <\/p>\n<header class=\"news-headline\" readability=\"1.8250591016548\">\n<div class=\"news-headline__topics-and-date-wrapper\"> <span class=\"news-headline__publication-date\"> 14 de enero 2026 &#8211; 21:04 <\/span><\/div>\n<h2 class=\"news-headline__article-summary\" readability=\"24\">\n<p class=\"ignore-parser\">Hannah Natanson hab\u00eda realizado una cobertura sobre los despidos masivos de funcionarios. La agencia de seguridad buscaba obtener informaci\u00f3n sobre una persona sospechosa de difundir datos militares considerados sensibles y clasificados.<\/p>\n<\/h2>\n<\/header>\n<div class=\"detail-highlighted-multimedia content-protected-false\">\n<figure class=\"detail-highlighted-multimedia__figure\"> <img data-recalc-dims=\"1\" decoding=\"async\" src=\"https:\/\/i0.wp.com\/media.ambito.com\/p\/2bff040442b39721d5fb3ba731bcea76\/adjuntos\/239\/imagenes\/043\/098\/0043098452\/655x368\/smart\/hannah-natanson.jpg?resize=640%2C427&#038;ssl=1\" class=\"detail-highlighted-multimedia__figure-img img-fluid\" alt=\"Hannah Natanson, periodista del Washington Post.\" width=\"640\" height=\"427\" crossorigin=\"anonymous\" fetchpriority=\"high\" decode=\"async\"><figcaption class=\"detail-highlighted-multimedia__figcaption\" readability=\"-23.5\"> <\/figcaption><\/figure>\n<\/p><\/div>\n<article class=\"article-body article-body--first-paragraph content-protected-false\" data-td-script-src=\"https:\/\/www.ambito.com\/td\/modulos\/encuestas\/js\/function-embeds-min-version-1768363682.js\" readability=\"24.69964664311\">\n<p class>Agentes del <a href=\"https:\/\/www.ambito.com\/opiniones\/anatomia-un-engano-como-una-logistica-ficticia-termino-una-causa-federal-el-fbi-n6233100\" target=\"_blank\" rel=\"follow\"> <strong>FBI<\/strong><\/a> allanaron este mi\u00e9rcoles la casa de una periodista del <strong>Washington Post,<\/strong> en el marco de una investigaci\u00f3n por la<a href=\"https:\/\/www.ambito.com\/mundo\/eeuu-avanzaria-su-plan-administrar-gaza-la-guerra-n6234094\" target=\"_blank\" rel=\"follow\"> posible filtraci\u00f3n de secretos gubernamentales<\/a>. Se trata de una reportera que hab\u00eda realizado una<strong> cobertura sobre los despidos masivos de funcionarios.<\/strong><\/p>\n<\/article>\n<article class=\"article-body article-body--second-paragraph content-protected-false\" readability=\"31\">\n<p class>El objetivo fue <strong>Hannah Natanson,<\/strong> quien realiz\u00f3 una nota en la que habl\u00f3 con varios <strong>empleados federales<\/strong> que acusaron al gobierno de <strong>ejercer presiones durante el proceso<\/strong>. La informaci\u00f3n fue revelada por el <strong>New York Times,<\/strong> que cit\u00f3 a fuentes familiarizadas con el asunto.<\/p>\n<\/article>\n<section class=\"related-news\"> <span class=\"related-news__title\">Informate m\u00e1s<\/span> <\/p>\n<div class=\"row row--eq-height\">\n<div class=\"col-12 col-md-6\">\n<article class=\"news-article news-article--landscape-news news-article--landscape-news\">\n<figure class=\"news-article__figure figure\"> <a href=\"https:\/\/www.ambito.com\/mundo\/donald-trump-confirmo-un-nuevo-contacto-delcy-rodriguez-es-una-persona-fantastica-n6234400\" target title=\"\u00e1mbito.com | Trump confirm\u00f3 un nuevo contacto con Delcy Rodr\u00edguez: Es una persona fant\u00e1stica\" alt=\"\u00e1mbito.com | Trump confirm\u00f3 un nuevo contacto con Delcy Rodr\u00edguez: Es una persona fant\u00e1stica\" rel=\"noindex nofollow noreferrer\"> <img loading=\"lazy\" decoding=\"async\" src=\"https:\/\/www.ambito.com\/css-custom\/239\/lazy.svg\" data-td-src-property=\"https:\/\/media.ambito.com\/p\/62e27503706fde964bdb5643447c779b\/adjuntos\/239\/imagenes\/043\/073\/0043073409\/93x52\/smart\/delcy-rodriguez-doland-trump.jpg\" alt=\"Donald Trump mantuvo un nuevo contacto con Delcy Rodr\u00edguez y mejora la relaci\u00f3n bilateral.\" title=\"Donald Trump mantuvo un nuevo contacto con Delcy Rodr\u00edguez y mejora la relaci\u00f3n bilateral.\" width=\"93\" height=\"52\" class=\"news-article__figure-img figure-img img-fluid\"> <\/a><\/figure>\n<\/article><\/div>\n<div class=\"col-12 col-md-6\">\n<article class=\"news-article news-article--landscape-news news-article--landscape-news\">\n<figure class=\"news-article__figure figure\"> <a href=\"https:\/\/www.ambito.com\/eeuu-anuncio-el-inicio-la-segunda-fase-del-plan-paz-gaza-y-un-gobierno-tecnocratico-n6234391\" target title=\"\u00e1mbito.com | EEUU anunci\u00f3 el inicio de la segunda fase del plan de paz para Gaza y un gobierno tecnocr\u00e1tico\" alt=\"\u00e1mbito.com | EEUU anunci\u00f3 el inicio de la segunda fase del plan de paz para Gaza y un gobierno tecnocr\u00e1tico\" rel=\"noindex nofollow noreferrer\"> <img loading=\"lazy\" decoding=\"async\" src=\"https:\/\/www.ambito.com\/css-custom\/239\/lazy.svg\" data-td-src-property=\"https:\/\/media.ambito.com\/p\/53136594084bbdc8e7f6f2c3254e6755\/adjuntos\/239\/imagenes\/043\/075\/0043075250\/franja-gaza.jpg\" alt=\"Steve Witkoff, enviado especial de EEUU para Medio Oriente, anunci\u00f3 el inicio de la fase dos del plan de paz para Gaza. Uno de los puntos del acuerdo consiste en que Ham\u00e1s no integrue la nueva c\u00fapula de poder.\" title=\"Steve Witkoff, enviado especial de EEUU para Medio Oriente, anunci\u00f3 el inicio de la fase dos del plan de paz para Gaza. Uno de los puntos del acuerdo consiste en que Ham\u00e1s no integrue la nueva c\u00fapula de poder.\" width=\"93\" height=\"52\" class=\"news-article__figure-img figure-img img-fluid\"> <\/a><\/figure>\n<\/article><\/div>\n<\/div>\n<\/section>\n<article class=\"article-body article-body--third-paragraph content-protected-false\" readability=\"29\">\n<h2>Qui\u00e9n es Hannah Natanson y por qu\u00e9 la allan\u00f3 el FBI<\/h2>\n<p class>La periodista public\u00f3 en diciembre una publicaci\u00f3n titulada <strong>&#8220;Soy el contacto del The Post con el Gobierno federal. Ha sido brutal&#8221;<\/strong>, en la que relat\u00f3 su experiencia cubriendo el caso.<\/p>\n<\/article>\n<article class=\"article-body article-body--fourth-paragraph content-protected-false\" readability=\"30\">\n<p class>En el reportaje, Natanson relat\u00f3 el ritmo de <strong>llamadas<\/strong> y <strong>mensajes<\/strong> que recib\u00eda de antiguos y actuales empleados federales que estaban frustrados por los cambios llevados adelante por la administraci\u00f3n de <strong>Donald Trump.<\/strong><\/p>\n<\/article>\n<article class=\"article-body article-body--fifth-paragraph content-protected-false\" readability=\"32\">\n<p class> Seg\u00fan constat\u00f3 el director del FBI, <strong>Kash Patel,<\/strong> el operativo se realiz\u00f3 tras una orden judicial emitida por las autoridades pertinentes y que el objetivo de la pesquisa era obtener informaci\u00f3n sobre una persona sospechosa de <strong>obtener y difundir datos militares considerados sensibles y clasificados.<\/strong><\/p>\n<\/article>\n<article class=\"article-body article-body--remaining-paragraph content-protected-false\" readability=\"43.877622377622\">\n<p class> Seg\u00fan la investigaci\u00f3n, esta informaci\u00f3n habr\u00eda sido proporcionada por un contratista y que<strong> &#8220;podr\u00eda haber puesto en peligro tanto a soldados como a la seguridad nacional&#8221;.<\/strong><\/p>\n<p class data-mrf-recirculation=\"Links inline\">Por su parte, el fiscal general de EEUU, <strong>Pam Bondi,<\/strong> confirm\u00f3 el allanamiento en la casa de Natanson, mientras que asegur\u00f3 que el presunto responsable de la filtraci\u00f3n <strong>se encuentra actualmente detenido.<\/strong><\/p>\n<p class data-mrf-recirculation=\"Links inline\">&#8220;A petici\u00f3n del Departamento de Guerra (de Defensa), el Departamento de Justicia y el FBI llevaron a cabo un registro en el domicilio de<strong> una periodista del Washington Post que recib\u00eda y publicaba informaci\u00f3n clasificada y divulgada ilegalmente por un subcontratista del Pent\u00e1gono&#8221;, <\/strong>asegur\u00f3.<\/p>\n<div contenteditable=\"false\" class=\"embed_cont type_freetext\" rel=\"freetext\" id=\"embed1204_wrap\" data-provider=\"Twitter\" readability=\"31.8669527897\">\n<p>Embed &#8211; https:\/\/publish.x.com\/oembed?url=https:\/\/x.com\/AGPamBondi\/status\/2011456849711612019&amp;partner=&amp;hide_thread=false<span onclick=\"parent.parent.TinyMCETdcuerpo.preview_embed('embed1204')\" class=\"embed_colapse less\" id=\"embed1204_colapse\"><\/span><span onclick=\"parent.parent.TinyMCETdcuerpo.delete_embed('embed1204')\" class=\"embed_delete less\" id=\"embed1204_delete\"><\/span><\/p>\n<div id=\"embed1204_content\" class=\"embed_content\">\n<div id=\"embed1204_embed\" readability=\"7.6300578034682\">\n<blockquote data-td-script-src=\"https:\/\/platform.twitter.com\/widgets.js\" class=\"twitter-tweet\" readability=\"8.5838150289017\">\n<p dir=\"ltr\" lang=\"en\"> This past week, at the request of the Department of War, the Department of Justice and FBI executed a search warrant at the home of a Washington Post journalist who was obtaining and reporting classified and illegally leaked information from a Pentagon contractor. The leaker is\u2026<\/p>\n<p> \u2014 Attorney General Pamela Bondi (@AGPamBondi) <a href=\"https:\/\/twitter.com\/AGPamBondi\/status\/2011456849711612019?ref_src=twsrc%5Etfw\">January 14, 2026<\/a><\/p><\/blockquote>\n<\/div><\/div>\n<\/p><\/div>\n<\/article>\n<p> <!-- REGION4 } --> <\/p>\n","protected":false},"excerpt":{"rendered":"<p>14 de enero 2026 &#8211; 21:04 Hannah Natanson hab\u00eda realizado una cobertura sobre los despidos masivos de funcionarios. La agencia de seguridad buscaba obtener informaci\u00f3n sobre una persona sospechosa de difundir datos militares considerados sensibles y clasificados. Agentes del FBI allanaron este mi\u00e9rcoles la casa de una periodista del Washington Post, en el marco de [&hellip;]<\/p>\n","protected":false},"author":2,"featured_media":10920,"comment_status":"closed","ping_status":"closed","sticky":false,"template":"","format":"standard","meta":{"jetpack_post_was_ever_published":false,"_jetpack_newsletter_access":"","_jetpack_dont_email_post_to_subs":false,"_jetpack_newsletter_tier_id":0,"_jetpack_memberships_contains_paywalled_content":false,"_jetpack_memberships_contains_paid_content":false,"footnotes":"","jetpack_publicize_message":"","jetpack_publicize_feature_enabled":true,"jetpack_social_post_already_shared":true,"jetpack_social_options":{"image_generator_settings":{"template":"highway","enabled":false},"version":2}},"categories":[20],"tags":[1286],"class_list":["post-10919","post","type-post","status-publish","format-standard","has-post-thumbnail","hentry","category-mundo","tag-mundo"],"jetpack_publicize_connections":[],"jetpack_featured_media_url":"https:\/\/i0.wp.com\/infolanus.com\/wp-content\/uploads\/2026\/01\/el-fbi-allano-a-una-periodista-del-washington-post-en-una-investigacion-por-filtracion-de-secretos-gubernamentales.jpg?fit=655%2C368&ssl=1","jetpack_sharing_enabled":true,"jetpack_shortlink":"https:\/\/wp.me\/p9QtMr-2Q7","_links":{"self":[{"href":"https:\/\/infolanus.com\/index.php\/wp-json\/wp\/v2\/posts\/10919","targetHints":{"allow":["GET"]}}],"collection":[{"href":"https:\/\/infolanus.com\/index.php\/wp-json\/wp\/v2\/posts"}],"about":[{"href":"https:\/\/infolanus.com\/index.php\/wp-json\/wp\/v2\/types\/post"}],"author":[{"embeddable":true,"href":"https:\/\/infolanus.com\/index.php\/wp-json\/wp\/v2\/users\/2"}],"replies":[{"embeddable":true,"href":"https:\/\/infolanus.com\/index.php\/wp-json\/wp\/v2\/comments?post=10919"}],"version-history":[{"count":0,"href":"https:\/\/infolanus.com\/index.php\/wp-json\/wp\/v2\/posts\/10919\/revisions"}],"wp:featuredmedia":[{"embeddable":true,"href":"https:\/\/infolanus.com\/index.php\/wp-json\/wp\/v2\/media\/10920"}],"wp:attachment":[{"href":"https:\/\/infolanus.com\/index.php\/wp-json\/wp\/v2\/media?parent=10919"}],"wp:term":[{"taxonomy":"category","embeddable":true,"href":"https:\/\/infolanus.com\/index.php\/wp-json\/wp\/v2\/categories?post=10919"},{"taxonomy":"post_tag","embeddable":true,"href":"https:\/\/infolanus.com\/index.php\/wp-json\/wp\/v2\/tags?post=10919"}],"curies":[{"name":"wp","href":"https:\/\/api.w.org\/{rel}","templated":true}]}}