{"id":10928,"date":"2026-01-16T13:24:00","date_gmt":"2026-01-16T16:24:00","guid":{"rendered":"https:\/\/www.ambito.com\/c6235058"},"modified":"2026-01-16T13:24:00","modified_gmt":"2026-01-16T16:24:00","slug":"aseguran-que-las-protestas-en-iran-disminuyeron-tras-una-fuerte-presencia-militar-en-los-focos-de-conflicto","status":"publish","type":"post","link":"https:\/\/infolanus.com\/index.php\/2026\/01\/16\/aseguran-que-las-protestas-en-iran-disminuyeron-tras-una-fuerte-presencia-militar-en-los-focos-de-conflicto\/","title":{"rendered":"Aseguran que las protestas en Ir\u00e1n disminuyeron tras una fuerte presencia militar en los focos de conflicto"},"content":{"rendered":"<div id>\n<p>Residentes y grupos de DDHH de <strong><a href=\"https:\/\/www.ambito.com\/mundo\/el-regimen-iran-nego-planes-ahorcamiento-manifestantes-y-hablo-una-campana-desinformacion-n6234456\" target=\"_blank\" rel=\"follow\">Ir\u00e1n<\/a> aseguran <\/strong>que <strong>las protestas disminuyeron tras una represi\u00f3n mortal, <\/strong>tras semanas de <strong><a href=\"https:\/\/www.ambito.com\/mundo\/el-consejo-seguridad-la-onu-se-reune-urgencia-iran-queremos-que-la-gente-proteste-pacificamente-n6234635\" target=\"_blank\" rel=\"follow\">caos y disturbios sociales<\/a><\/strong> en contra del actual r\u00e9gimen comandado por el ayatol\u00e1 <strong>Ali Jamenei<\/strong>. En este escenario, los medios informaron sobre m\u00e1s arrestos tras la <strong>tentativa de una intervenci\u00f3n de EEUU<\/strong>.<\/p>\n<\/div>\n<div id>\n<p>En las \u00faltimas horas, el ministro de Relaciones Exteriores de <strong><a href=\"https:\/\/www.ambito.com\/mundo\/en-medio-la-tension-manifestaciones-iran-cerro-su-espacio-aereo-n6234423\" target=\"_blank\" rel=\"follow noopener\" data-mrf-recirculation=\"Article - Paragraph Links\" data-mrf-link=\"https:\/\/www.ambito.com\/mundo\/en-medio-la-tension-manifestaciones-iran-cerro-su-espacio-aereo-n6234423\" cmp-ltrk=\"Article - Paragraph Links\" cmp-ltrk-idx=\"0\" mrfobservableid=\"1527ec4c-b26e-426c-a80c-7005cf332bc6\">Ir\u00e1n<\/a><\/strong>, <strong> Abbas Araqchi<\/strong>, neg\u00f3 que<strong> exista un plan para ahorcar a manifestantes detenidos<\/strong> durante las protestas en el pa\u00eds. En una entrevista con Fox News, remarc\u00f3 que esas versiones son falsas<strong>,<\/strong> habl\u00f3 de <strong>desinformaci\u00f3n<\/strong> y <a href=\"https:\/\/www.ambito.com\/mundo\/eeuu-ordeno-la-evacuacion-parcial-su-mayor-base-militar-medio-oriente-las-amenazas-iran-n6234263\" target=\"_blank\" rel=\"follow noopener\" data-mrf-recirculation=\"Article - Paragraph Links\" data-mrf-link=\"https:\/\/www.ambito.com\/mundo\/eeuu-ordeno-la-evacuacion-parcial-su-mayor-base-militar-medio-oriente-las-amenazas-iran-n6234263\" cmp-ltrk=\"Article - Paragraph Links\" cmp-ltrk-idx=\"1\" mrfobservableid=\"27697e7d-ae2d-4d9b-851d-d9c133ff7d3e\">asegur\u00f3 que <strong>no se prev\u00e9n ejecuciones<\/strong><\/a>.<\/p>\n<\/p><\/div>\n<div id>\n<h2>Aseguran que las protestas en Ir\u00e1n disminuyeron<\/h2>\n<p><strong>La represi\u00f3n en Ir\u00e1n parece haber sofocado ampliamente las protestas por ahora<\/strong>, seg\u00fan un grupo de derechos humanos (DDHH) y residentes, mientras los medios estatales informaron de <strong>m\u00e1s arrestos el viernes a la sombra de las reiteradas amenazas de intervenci\u00f3n estadounidense si contin\u00faan los asesinatos.<\/strong><\/p>\n<\/p><\/div>\n<div id>\n<p> Ante la obstrucci\u00f3n del flujo de informaci\u00f3n por un apag\u00f3n de internet, <strong>varios residentes de Teher\u00e1n sostuvieron que la capital hab\u00eda estado tranquila desde el domingo<\/strong> y que una serie de drones sobrevol\u00f3 la ciudad, donde no hubo se\u00f1ales de protestas el jueves ni el viernes.<\/p>\n<\/div>\n<div id>\n<figure id=\"8170934-Libre-1044685397_wrap\" class=\"embed_cont type_imagen\" contenteditable=\"false\">\n<p>Ir\u00e1n protestas <span onclick=\"parent.parent.TinyMCETdcuerpo.preview_embed('8170934-Libre-1044685397')\" class=\"embed_colapse less\" id=\"8170934-Libre-1044685397_colapse\"><\/span> <span onclick=\"parent.parent.TinyMCETdcuerpo.delete_embed('8170934-Libre-1044685397')\" class=\"embed_delete less\" id=\"8170934-Libre-1044685397_delete\"><\/span><\/p>\n<div id=\"8170934-Libre-1044685397_content\" class=\"embed_content\"><img data-recalc-dims=\"1\" decoding=\"async\" src=\"https:\/\/i0.wp.com\/media.ambito.com\/p\/c5f03bc62007981f6f4f0ea22bf2f9be\/adjuntos\/239\/imagenes\/043\/069\/0043069091\/iran-protestas.png?resize=640%2C360&#038;ssl=1\" alt=\"Mientras los medios estatales informaron de m\u00e1s arrestos el viernes a la sombra de las reiteradas amenazas de intervenci\u00f3n de EEUU.\" title=\"Mientras los medios estatales informaron de m\u00e1s arrestos el viernes a la sombra de las reiteradas amenazas de intervenci\u00f3n de EEUU.\" width=\"640\" height=\"360\" id=\"8170934-Libre-1044685397_embed\" crossorigin=\"anonymous\" fetchpriority=\"high\" decode=\"async\"><\/div><figcaption class=\"embed_wrapper-cont\" readability=\"1.5\">\n<div id=\"8170934-Libre-1044685397_epigrafe\" class=\"embed_epigrafe\" readability=\"8\">\n<p>Mientras los medios estatales informaron de m\u00e1s arrestos el viernes a la sombra de las reiteradas amenazas de intervenci\u00f3n de EEUU.<\/p>\n<\/div>\n<p>Foto: Medialine<\/p>\n<\/figcaption><\/figure>\n<p>El grupo de DDHH kurdo-iran\u00ed <strong>Hengaw <\/strong>indic\u00f3 que no hab\u00eda habido reuniones de protesta desde el domingo, pero &#8220;el ambiente de seguridad sigue siendo muy restrictivo&#8221;: &#8220;Nuestras fuentes confirman una fuerte presencia militar y de seguridad en ciudades y pueblos donde anteriormente hubo protestas, as\u00ed como en varios lugares donde no hubo grandes manifestaciones&#8221;, indicaron a Reuters.<\/p>\n<\/div>\n<div id>\n<p><strong>Sin embargo, hubo indicios de malestar en algunas zonas:<\/strong> Hengaw inform\u00f3 que una enfermera muri\u00f3 por disparos directos de las fuerzas gubernamentales durante las protestas en <strong>Karaj<\/strong>, al oeste de Ir\u00e1n mientras el medio de comunicaci\u00f3n <strong>Tasnim<\/strong>, afiliado al estado, inform\u00f3 que &#8220;los alborotadores prendieron fuego a una oficina de educaci\u00f3n local en el condado de Falavarjan&#8221; ayer.<\/p>\n<p>Por otro lado, un anciano residente al noroeste de Ir\u00e1n, donde fue el foco de muchos de los mayores estallidos, indic\u00f3 que las protestas espor\u00e1dicas hab\u00edan continuado, aunque no con tanta intensidad.<\/p>\n<h2>El Consejo de Seguridad de la ONU debati\u00f3 la crisis en Ir\u00e1n: EEUU advirti\u00f3 que &#8220;todas las opciones est\u00e1n sobre la mesa&#8221;<\/h2>\n<p data-start=\"340\" data-end=\"634\">El <strong data-start=\"343\" data-end=\"384\"><a href=\"https:\/\/www.ambito.com\/mundo\/la-onu-denuncia-que-murieron-mas-100-ninos-gaza-el-acuerdo-alto-el-fuego-n6233773\" target=\"_blank\" rel=\"follow noopener\" data-mrf-recirculation=\"Article - Paragraph Links\" data-mrf-link=\"https:\/\/www.ambito.com\/mundo\/la-onu-denuncia-que-murieron-mas-100-ninos-gaza-el-acuerdo-alto-el-fuego-n6233773\" cmp-ltrk=\"Article - Paragraph Links\" cmp-ltrk-idx=\"0\" mrfobservableid=\"b623bfd0-e4bd-4a21-92b0-9799dcc6a782\">Consejo de Seguridad de la ONU<\/a><\/strong> se reuni\u00f3 este jueves de urgencia para analizar la situaci\u00f3n en <strong data-start=\"449\" data-end=\"490\">Ir\u00e1n<\/strong>, en un contexto marcado por la represi\u00f3n de protestas antigubernamentales y <a href=\"https:\/\/www.ambito.com\/mundo\/en-medio-la-tension-manifestaciones-iran-cerro-su-espacio-aereo-n6234423\" target=\"_blank\" rel=\"follow noopener\" data-mrf-recirculation=\"Article - Paragraph Links\" data-mrf-link=\"https:\/\/www.ambito.com\/mundo\/en-medio-la-tension-manifestaciones-iran-cerro-su-espacio-aereo-n6234423\" cmp-ltrk=\"Article - Paragraph Links\" cmp-ltrk-idx=\"1\" mrfobservableid=\"78188023-23d3-4f3c-8136-ba539d70a3cf\">la creciente tensi\u00f3n con <strong>Estados Unidos.<\/strong><\/a><\/p>\n<p data-start=\"636\" data-end=\"936\">La sesi\u00f3n, solicitada por Washington y realizada en la sede de las <strong data-start=\"703\" data-end=\"744\">Naciones Unidas<\/strong> en Nueva York, se desarroll\u00f3 mientras organismos internacionales y gobiernos expresaban preocupaci\u00f3n por el uso de la fuerza contra manifestantes y el deterioro de la situaci\u00f3n interna iran\u00ed.<\/p>\n<p data-start=\"938\" data-end=\"1367\">Antes del encuentro, desde la Secretar\u00eda General de la ONU se hab\u00eda se\u00f1alado que el organismo observa con \u201csuma preocupaci\u00f3n\u201d las im\u00e1genes de represi\u00f3n y muertes durante las manifestaciones. El vocero del secretario general, <strong data-start=\"1163\" data-end=\"1204\">St\u00e9phane Dujarric<\/strong>, afirm\u00f3 que la prioridad es que las personas puedan <strong data-start=\"1257\" data-end=\"1319\">protestar de manera pac\u00edfica y en condiciones de seguridad<\/strong>, tal como lo reconoce el derecho internacional.<\/p>\n<\/div>\n","protected":false},"excerpt":{"rendered":"<p>Residentes y grupos de DDHH de Ir\u00e1n aseguran que las protestas disminuyeron tras una represi\u00f3n mortal, tras semanas de caos y disturbios sociales en contra del actual r\u00e9gimen comandado por el ayatol\u00e1 Ali Jamenei. En este escenario, los medios informaron sobre m\u00e1s arrestos tras la tentativa de una intervenci\u00f3n de EEUU. En las \u00faltimas horas, [&hellip;]<\/p>\n","protected":false},"author":2,"featured_media":10929,"comment_status":"closed","ping_status":"closed","sticky":false,"template":"","format":"standard","meta":{"jetpack_post_was_ever_published":false,"_jetpack_newsletter_access":"","_jetpack_dont_email_post_to_subs":false,"_jetpack_newsletter_tier_id":0,"_jetpack_memberships_contains_paywalled_content":false,"_jetpack_memberships_contains_paid_content":false,"footnotes":"","jetpack_publicize_message":"","jetpack_publicize_feature_enabled":true,"jetpack_social_post_already_shared":true,"jetpack_social_options":{"image_generator_settings":{"template":"highway","enabled":false},"version":2}},"categories":[20],"tags":[],"class_list":["post-10928","post","type-post","status-publish","format-standard","has-post-thumbnail","hentry","category-mundo"],"jetpack_publicize_connections":[],"jetpack_featured_media_url":"https:\/\/i0.wp.com\/infolanus.com\/wp-content\/uploads\/2026\/01\/aseguran-que-las-protestas-en-iran-disminuyeron-tras-una-fuerte-presencia-militar-en-los-focos-de-conflicto.jpg?fit=730%2C411&ssl=1","jetpack_sharing_enabled":true,"jetpack_shortlink":"https:\/\/wp.me\/p9QtMr-2Qg","_links":{"self":[{"href":"https:\/\/infolanus.com\/index.php\/wp-json\/wp\/v2\/posts\/10928","targetHints":{"allow":["GET"]}}],"collection":[{"href":"https:\/\/infolanus.com\/index.php\/wp-json\/wp\/v2\/posts"}],"about":[{"href":"https:\/\/infolanus.com\/index.php\/wp-json\/wp\/v2\/types\/post"}],"author":[{"embeddable":true,"href":"https:\/\/infolanus.com\/index.php\/wp-json\/wp\/v2\/users\/2"}],"replies":[{"embeddable":true,"href":"https:\/\/infolanus.com\/index.php\/wp-json\/wp\/v2\/comments?post=10928"}],"version-history":[{"count":0,"href":"https:\/\/infolanus.com\/index.php\/wp-json\/wp\/v2\/posts\/10928\/revisions"}],"wp:featuredmedia":[{"embeddable":true,"href":"https:\/\/infolanus.com\/index.php\/wp-json\/wp\/v2\/media\/10929"}],"wp:attachment":[{"href":"https:\/\/infolanus.com\/index.php\/wp-json\/wp\/v2\/media?parent=10928"}],"wp:term":[{"taxonomy":"category","embeddable":true,"href":"https:\/\/infolanus.com\/index.php\/wp-json\/wp\/v2\/categories?post=10928"},{"taxonomy":"post_tag","embeddable":true,"href":"https:\/\/infolanus.com\/index.php\/wp-json\/wp\/v2\/tags?post=10928"}],"curies":[{"name":"wp","href":"https:\/\/api.w.org\/{rel}","templated":true}]}}