{"id":10935,"date":"2026-01-17T12:16:00","date_gmt":"2026-01-17T15:16:00","guid":{"rendered":"https:\/\/www.ambito.com\/c6235410"},"modified":"2026-01-17T12:16:00","modified_gmt":"2026-01-17T15:16:00","slug":"la-justicia-de-eeuu-investiga-al-gobernador-de-minnesota-tras-la-muerte-de-renee-good-en-un-operativo-de-ice","status":"publish","type":"post","link":"https:\/\/infolanus.com\/index.php\/2026\/01\/17\/la-justicia-de-eeuu-investiga-al-gobernador-de-minnesota-tras-la-muerte-de-renee-good-en-un-operativo-de-ice\/","title":{"rendered":"La Justicia de EEUU investiga al gobernador de Minnesota, tras la muerte de Renee Good en un operativo de ICE"},"content":{"rendered":"<p><!-- { REGION4 --> <\/p>\n<header class=\"news-headline\" readability=\"2.2787081339713\">\n<div class=\"news-headline__topics-and-date-wrapper\"> <span class=\"news-headline__publication-date\"> 17 de enero 2026 &#8211; 12:16 <\/span><\/div>\n<h2 class=\"news-headline__article-summary\" readability=\"25\">\n<p class=\"ignore-parser\">El Departamento de Justicia abri\u00f3 una investigaci\u00f3n contra el gobernador Tim Walz y el alcalde de Minneapolis Jacob Frey, donde ocurri\u00f3 la muerte de Good. Algunos sectores denuncian que Trump usa el sistema judicial &#8220;contra sus oponentes&#8221;.<\/p>\n<\/h2>\n<\/header>\n<div class=\"detail-highlighted-multimedia content-protected-false\">\n<figure class=\"detail-highlighted-multimedia__figure\"> <img data-recalc-dims=\"1\" decoding=\"async\" src=\"https:\/\/i0.wp.com\/media.ambito.com\/p\/086f03403ff4fbd376abab01e0d2f611\/adjuntos\/239\/imagenes\/041\/913\/0041913540\/tim-walz-minnesotajpg.jpg?resize=640%2C360&#038;ssl=1\" class=\"detail-highlighted-multimedia__figure-img img-fluid\" alt=\"Utilizar el sistema judicial como arma contra los oponentes es una t\u00e1ctica autoritaria, asegur\u00f3 Walz.\" width=\"640\" height=\"360\" crossorigin=\"anonymous\" fetchpriority=\"high\" decode=\"async\"><figcaption class=\"detail-highlighted-multimedia__figcaption\" readability=\"-23\"> <span class=\"detail-highlighted-multimedia__copyright\">@GovTimWalz<\/span><\/figcaption><\/figure>\n<\/div>\n<article class=\"article-body article-body--first-paragraph content-protected-false\" data-td-script-src=\"https:\/\/www.ambito.com\/td\/modulos\/encuestas\/js\/function-embeds-min-version-1768536423.js\" readability=\"25.976470588235\">\n<p>El <strong><a href=\"https:\/\/www.ambito.com\/mundo\/eeuu-admite-que-el-cartel-los-soles-no-es-una-organizacion-criminal-real-la-captura-nicolas-maduro-n6231023\" target=\"_blank\" rel=\"follow\">Departamento de Justicia de EEUU<\/a><\/strong> abri\u00f3 una investigaci\u00f3n criminal contra el gobernador de Minnesota <strong>Tim Walz,<\/strong> junto a otros funcionarios, por una presunta conspiraci\u00f3n contra los operativos del <strong>Servicio de Inmigraci\u00f3n y Control de Aduana (ICE)<\/strong>. Fue luego de que <strong>un agente<a href=\"https:\/\/www.ambito.com\/mundo\/difunden-el-video-que-grabo-el-agente-ice-los-momentos-previos-al-asesinato-una-mujer-eeuu-n6232720\" target=\"_blank\" rel=\"follow\"> matara a la ciudadana Renee Good <\/a> en la ciudad de Minneapolis<\/strong>.<\/p>\n<\/article>\n<article class=\"article-body article-body--second-paragraph content-protected-false\" readability=\"34\">\n<p>La investigaci\u00f3n tambi\u00e9n alcanza al alcalde de Minneapolis, <strong>Jacob Frey<\/strong>, por una supuesta conspiraci\u00f3n para <strong>obstaculizar a los agentes de inmigraci\u00f3n<\/strong>, se\u00f1al\u00f3 una fuente an\u00f3nima familiarizada a Reuters. Si bien se prepararon citaciones para Walz y Frey, no estaba claro de inmediato si se hab\u00edan entregado.<\/p>\n<\/article>\n<section class=\"related-news\"> <span class=\"related-news__title\">Informate m\u00e1s<\/span> <\/p>\n<div class=\"row row--eq-height\">\n<div class=\"col-12 col-md-6\">\n<article class=\"news-article news-article--landscape-news news-article--landscape-news\">\n<figure class=\"news-article__figure figure\"> <a href=\"https:\/\/www.ambito.com\/mundo\/negociadores-ucrania-y-eeuu-se-reunen-cerrar-acuerdos-seguridad-e-intentar-sellar-el-plan-paz-n6235385\" target title=\"\u00e1mbito.com | Ucrania y EEUU se re\u00fanen para cerrar acuerdos en seguridad e intentar sellar el plan de paz\" alt=\"\u00e1mbito.com | Ucrania y EEUU se re\u00fanen para cerrar acuerdos en seguridad e intentar sellar el plan de paz\" rel=\"noindex nofollow noreferrer\"> <img loading=\"lazy\" decoding=\"async\" src=\"https:\/\/www.ambito.com\/css-custom\/239\/lazy.svg\" data-td-src-property=\"https:\/\/media.ambito.com\/p\/986a4b85319d8464b786bedd1ef8db03\/adjuntos\/239\/imagenes\/043\/059\/0043059920\/93x52\/smart\/trump-zelenski-mar-lago.jpg\" alt=\"Zelenski mand\u00f3 a una comitiva a terminar de sellar la paz con negociadores de Trump.\" title=\"Zelenski mand\u00f3 a una comitiva a terminar de sellar la paz con negociadores de Trump.\" width=\"93\" height=\"52\" class=\"news-article__figure-img figure-img img-fluid\"> <\/a><\/figure>\n<\/article><\/div>\n<div class=\"col-12 col-md-6\">\n<article class=\"news-article news-article--landscape-news news-article--landscape-news\">\n<figure class=\"news-article__figure figure\"> <a href=\"https:\/\/www.ambito.com\/mundo\/donald-trump-volvio-presionar-groenlandia-y-amenazo-aranceles-comerciales-quienes-lo-respalden-n6235342\" target title=\"\u00e1mbito.com | Trump presiona por Groenlandia y amenaz\u00f3 con aranceles comerciales a quienes lo respalden\" alt=\"\u00e1mbito.com | Trump presiona por Groenlandia y amenaz\u00f3 con aranceles comerciales a quienes lo respalden\" rel=\"noindex nofollow noreferrer\"> <img loading=\"lazy\" decoding=\"async\" src=\"https:\/\/www.ambito.com\/css-custom\/239\/lazy.svg\" data-td-src-property=\"https:\/\/media.ambito.com\/p\/d1383b6dd2f6ac21eaa2e1d076405881\/adjuntos\/239\/imagenes\/043\/082\/0043082112\/donald-trump.jpg\" alt=\"La advertencia se suma a una serie de gestos pol\u00edticos y militares que reactivaron el respaldo europeo a Dinamarca y abrieron un nuevo frente de fricci\u00f3n entre Washington y sus aliados.\" title=\"La advertencia se suma a una serie de gestos pol\u00edticos y militares que reactivaron el respaldo europeo a Dinamarca y abrieron un nuevo frente de fricci\u00f3n entre Washington y sus aliados.\" width=\"93\" height=\"52\" class=\"news-article__figure-img figure-img img-fluid\"> <\/a><\/figure>\n<\/article><\/div>\n<\/div>\n<\/section>\n<article class=\"article-body article-body--third-paragraph content-protected-false\" readability=\"31\">\n<p>La investigaci\u00f3n, reportada primero por CBS News, se deriva de las <strong>declaraciones de Walz y Frey sobre los miles de oficiales de inmigraci\u00f3n y de la Patrulla Fronteriza desplegados en la regi\u00f3n en las \u00faltimas semanas bajo \u00f3rdenes del presidente Donald Trump<\/strong>.<\/p>\n<\/article>\n<article class=\"article-body article-body--fourth-paragraph content-protected-false\" readability=\"28\">\n<h2>La Justicia de EEUU investiga al gobernador de Minnesota, tras la muerte de Renee Good<\/h2>\n<p>Walz apunt\u00f3 que <strong>el sistema de justicia federal estaba siendo utilizado como arma para intimidar a los enemigos pol\u00edticos de Trump.<\/strong><\/p>\n<\/article>\n<article class=\"article-body article-body--fifth-paragraph content-protected-false\" readability=\"36\">\n<p> &#8220;Hace dos d\u00edas fue <strong>Elissa Slotkin.<\/strong> La semana pasada fue Jerome Powell. Antes de eso, <strong>Mark Kelly<\/strong>. Utilizar el sistema judicial como arma contra los oponentes es una t\u00e1ctica autoritaria&#8221;, sostuvo en referencia a los senadores dem\u00f3cratas de Michigan y Arizona, quienes instaron a los miembros de las fuerzas armadas a resistir las \u00f3rdenes ilegales, y al presidente de la Reserva Federal, Powell, criticado reiteradamente por aumentar las tasas de inter\u00e9s.<\/p>\n<\/article>\n<article class=\"article-body article-body--remaining-paragraph content-protected-false\" readability=\"51.105816398038\">\n<div id=\"8173726-701847630_wrap\" class=\"embed_cont type_video\" contenteditable=\"false\" readability=\"7\">\n<p>renee good asesinada por ice <span onclick=\"parent.parent.TinyMCETdcuerpo.preview_embed('8173726-701847630')\" class=\"embed_colapse less\" id=\"8173726-701847630_colapse\"><\/span> <span onclick=\"parent.parent.TinyMCETdcuerpo.delete_embed('8173726-701847630')\" class=\"embed_delete less\" id=\"8173726-701847630_delete\"><\/span><\/p>\n<div class=\"embed_wrapper-cont\" readability=\"6\">\n<div id=\"8173726-701847630_epigrafe\" class=\"embed_epigrafe\" readability=\"7\">\n<p>Renee Good ten\u00eda 37 a\u00f1os cuando se cruz\u00f3 con un agente de ICE que le dispar\u00f3.<\/p>\n<\/div>\n<p>Alpha News<\/p>\n<\/div><\/div>\n<p>Por su lado, en reacci\u00f3n a un informe de CNN sobre la investigaci\u00f3n, Frey dijo que &#8220;<strong>este es un intento obvio de intimidarme por defender a Minneapolis, a las fuerzas del orden locales y a los residentes contra el caos y el peligro que esta Administraci\u00f3n trajo<\/strong>&#8220;.<\/p>\n<p>Cerca de 3.000 agentes federales fueron a Minnesota desde principios de la semana pasada, lo que provoc\u00f3 protestas airadas. Recientemente, la ciudadana <strong>Renee Good (37) <\/strong>fue disparada por un agente en un encuentro vehicular en la v\u00eda p\u00fablica lo que gener\u00f3 a\u00fan m\u00e1s rechazo.<\/p>\n<h2>Difunden el video que grab\u00f3 el agente de ICE en los momentos previos al asesinato de una mujer en EEUU<\/h2>\n<p class>Un video filmado por el <strong>agente del <a href=\"https:\/\/www.ambito.com\/mundo\/un-agente-ice-mato-una-mujer-un-operativo-quien-era-renee-good-n6232053\" target=\"_blank\" rel=\"follow noopener\" data-mrf-recirculation=\"Article - Paragraph Links\" data-mrf-link=\"https:\/\/www.ambito.com\/mundo\/un-agente-ice-mato-una-mujer-un-operativo-quien-era-renee-good-n6232053\" cmp-ltrk=\"Article - Paragraph Links\" cmp-ltrk-idx=\"0\" mrfobservableid=\"a83884a3-eff7-401d-8fe0-aaa746c6d997\">Servicio de Inmigraci\u00f3n y Control de Aduanas (ICE)<\/a> de EEUU<\/strong> que dispar\u00f3 fatalmente a una mujer en <strong>Minneapolis<\/strong> fue conocido en las \u00faltimas horas. La grabaci\u00f3n muestra los momentos previos a los disparos contra la ciudadana <strong>Renee Good<\/strong>, quien fue atacada desde auto.<\/p>\n<p class>El viernes se conoci\u00f3 el caso de Good, una mujer de 37 a\u00f1os y madre de tres hijos, que fue asesinada por un agente de ICE durante un operativo en la v\u00eda p\u00fablica. Al respecto, el vicepresidente <strong>JD Vance<\/strong> coment\u00f3 en X que el agente hab\u00eda actuado en defensa propia mientras autoridades locales insistieron <strong>en que la mujer no representaba ning\u00fan peligro.<\/strong><\/p>\n<\/article>\n<p> <!-- REGION4 } --> <\/p>\n","protected":false},"excerpt":{"rendered":"<p>17 de enero 2026 &#8211; 12:16 El Departamento de Justicia abri\u00f3 una investigaci\u00f3n contra el gobernador Tim Walz y el alcalde de Minneapolis Jacob Frey, donde ocurri\u00f3 la muerte de Good. Algunos sectores denuncian que Trump usa el sistema judicial &#8220;contra sus oponentes&#8221;. @GovTimWalz El Departamento de Justicia de EEUU abri\u00f3 una investigaci\u00f3n criminal contra [&hellip;]<\/p>\n","protected":false},"author":2,"featured_media":10936,"comment_status":"closed","ping_status":"closed","sticky":false,"template":"","format":"standard","meta":{"jetpack_post_was_ever_published":false,"_jetpack_newsletter_access":"","_jetpack_dont_email_post_to_subs":false,"_jetpack_newsletter_tier_id":0,"_jetpack_memberships_contains_paywalled_content":false,"_jetpack_memberships_contains_paid_content":false,"footnotes":"","jetpack_publicize_message":"","jetpack_publicize_feature_enabled":true,"jetpack_social_post_already_shared":true,"jetpack_social_options":{"image_generator_settings":{"template":"highway","enabled":false},"version":2}},"categories":[20],"tags":[],"class_list":["post-10935","post","type-post","status-publish","format-standard","has-post-thumbnail","hentry","category-mundo"],"jetpack_publicize_connections":[],"jetpack_featured_media_url":"https:\/\/i0.wp.com\/infolanus.com\/wp-content\/uploads\/2026\/01\/la-justicia-de-eeuu-investiga-al-gobernador-de-minnesota-tras-la-muerte-de-renee-good-en-un-operativo-de-ice.jpg?fit=655%2C368&ssl=1","jetpack_sharing_enabled":true,"jetpack_shortlink":"https:\/\/wp.me\/p9QtMr-2Qn","_links":{"self":[{"href":"https:\/\/infolanus.com\/index.php\/wp-json\/wp\/v2\/posts\/10935","targetHints":{"allow":["GET"]}}],"collection":[{"href":"https:\/\/infolanus.com\/index.php\/wp-json\/wp\/v2\/posts"}],"about":[{"href":"https:\/\/infolanus.com\/index.php\/wp-json\/wp\/v2\/types\/post"}],"author":[{"embeddable":true,"href":"https:\/\/infolanus.com\/index.php\/wp-json\/wp\/v2\/users\/2"}],"replies":[{"embeddable":true,"href":"https:\/\/infolanus.com\/index.php\/wp-json\/wp\/v2\/comments?post=10935"}],"version-history":[{"count":0,"href":"https:\/\/infolanus.com\/index.php\/wp-json\/wp\/v2\/posts\/10935\/revisions"}],"wp:featuredmedia":[{"embeddable":true,"href":"https:\/\/infolanus.com\/index.php\/wp-json\/wp\/v2\/media\/10936"}],"wp:attachment":[{"href":"https:\/\/infolanus.com\/index.php\/wp-json\/wp\/v2\/media?parent=10935"}],"wp:term":[{"taxonomy":"category","embeddable":true,"href":"https:\/\/infolanus.com\/index.php\/wp-json\/wp\/v2\/categories?post=10935"},{"taxonomy":"post_tag","embeddable":true,"href":"https:\/\/infolanus.com\/index.php\/wp-json\/wp\/v2\/tags?post=10935"}],"curies":[{"name":"wp","href":"https:\/\/api.w.org\/{rel}","templated":true}]}}