{"id":10940,"date":"2026-01-18T13:11:31","date_gmt":"2026-01-18T16:11:31","guid":{"rendered":"https:\/\/www.ambito.com\/c6235615"},"modified":"2026-01-18T13:11:31","modified_gmt":"2026-01-18T16:11:31","slug":"incendios-en-chile-15-muertos-y-50-000-evacuados-por-el-avance-del-fuego-en-el-sur-del-pais","status":"publish","type":"post","link":"https:\/\/infolanus.com\/index.php\/2026\/01\/18\/incendios-en-chile-15-muertos-y-50-000-evacuados-por-el-avance-del-fuego-en-el-sur-del-pais\/","title":{"rendered":"Incendios en Chile: 15 muertos y 50.000 evacuados por el avance del fuego en el sur del pa\u00eds"},"content":{"rendered":"<p><!-- { REGION4 --> <\/p>\n<header class=\"news-headline\" readability=\"1.36\">\n<div class=\"news-headline__topics-and-date-wrapper\"> <span class=\"news-headline__publication-date\"> 18 de enero 2026 &#8211; 13:11 <\/span><\/div>\n<h2 class=\"news-headline__article-summary\" readability=\"23\">\n<p data-start=\"96\" data-end=\"280\" class=\"ignore-parser\">El gobierno chileno decret\u00f3 el Estado de Cat\u00e1strofe tras confirmar 15 muertes y m\u00e1s de 20 mil evacuados por incendios activos en el sur del pa\u00eds.<\/p>\n<\/h2>\n<\/header>\n<div class=\"detail-highlighted-multimedia content-protected-false\">\n<figure class=\"detail-highlighted-multimedia__figure\"> <img data-recalc-dims=\"1\" decoding=\"async\" src=\"https:\/\/i0.wp.com\/media.ambito.com\/p\/d9b0201095c6581c374affb138212eac\/adjuntos\/239\/imagenes\/043\/107\/0043107089\/655x368\/smart\/incendios-chile.jpg?resize=640%2C364&#038;ssl=1\" class=\"detail-highlighted-multimedia__figure-img img-fluid\" alt=\"Las llamas avanzan sobre zonas pobladas del sur de Chile, con focos activos en \u00d1uble y Biob\u00edo.\" width=\"640\" height=\"364\" crossorigin=\"anonymous\" fetchpriority=\"high\" decode=\"async\"><figcaption class=\"detail-highlighted-multimedia__figcaption\" readability=\"-23.5\"> <\/figcaption><\/figure>\n<\/p><\/div>\n<article class=\"article-body article-body--first-paragraph content-protected-false\" data-td-script-src=\"https:\/\/www.ambito.com\/td\/modulos\/encuestas\/js\/function-embeds-min-version-1768536423.js\" readability=\"30.346504559271\">\n<p data-start=\"259\" data-end=\"582\">El <a href=\"https:\/\/www.ambito.com\/economia\/equipo-economico-chile-dan-caida-la-llegada-jose-luis-daza-el-segundo-luis-toto-caputo-n6233954\" target=\"_blank\" rel=\"follow\">gobierno de Chile<\/a> confirm\u00f3 este domingo que <strong>los incendios forestales <\/strong>que afectan al sur del pa\u00eds dejaron <strong>al menos 15 personas fallecidas y obligaron a evacuar a unas 50.000<\/strong>, principalmente en las regiones de<strong> Biob\u00edo y \u00d1uble<\/strong>, donde el avance del fuego y las condiciones clim\u00e1ticas extremas configuran un escenario cr\u00edtico.<\/p>\n<\/article>\n<article class=\"article-body article-body--second-paragraph content-protected-false\" readability=\"31\">\n<p data-start=\"584\" data-end=\"876\">La informaci\u00f3n fue ratificada por las autoridades nacionales en el marco de la emergencia declarada por el presidente Gabriel Boric, mientras brigadistas, bomberos y Fuerzas Armadas intentan contener el avance de las llamas en zonas pobladas ubicadas a unos <strong>500 kil\u00f3metros al sur de Santiago.<\/strong><\/p>\n<\/article>\n<section class=\"related-news\"><span class=\"related-news__title\"> Informate m\u00e1s<\/span> <\/p>\n<div class=\"row row--eq-height\">\n<div class=\"col-12 col-md-6\">\n<article class=\"news-article news-article--landscape-news news-article--landscape-news\">\n<figure class=\"news-article__figure figure\"> <a href=\"https:\/\/www.ambito.com\/autos\/un-vehiculo-fabricado-la-argentina-volvio-liderar-las-ventas-chile-n6234504\" target title=\"\u00e1mbito.com | Un veh\u00edculo fabricado en la Argentina volvi\u00f3 a liderar las ventas en Chile\" alt=\"\u00e1mbito.com | Un veh\u00edculo fabricado en la Argentina volvi\u00f3 a liderar las ventas en Chile\" rel=\"noindex nofollow noreferrer\"> <img loading=\"lazy\" decoding=\"async\" src=\"https:\/\/www.ambito.com\/css-custom\/239\/lazy.svg\" data-td-src-property=\"https:\/\/media.ambito.com\/p\/4b19e952172b06fdb691c874c3709c1c\/adjuntos\/239\/imagenes\/043\/099\/0043099040\/toyota-va.jpeg\" alt=\"La f\u00e1brica de Z\u00e1rate, casa de producci\u00f3n de la Toyota Hilux\" title=\"La f\u00e1brica de Z\u00e1rate, casa de producci\u00f3n de la Toyota Hilux\" width=\"93\" height=\"52\" class=\"news-article__figure-img figure-img img-fluid\"> <\/a><\/figure>\n<\/article><\/div>\n<div class=\"col-12 col-md-6\">\n<article class=\"news-article news-article--landscape-news news-article--landscape-news\">\n<figure class=\"news-article__figure figure\"> <a href=\"https:\/\/www.ambito.com\/mundo\/gabriel-boric-inscribira-michele-bachelet-como-candidata-la-secretaria-general-la-onu-n6234217\" target title=\"\u00e1mbito.com | Boric inscribir\u00e1 a Michele Bachelet como candidata a la Secretar\u00eda General de la ONU\" alt=\"\u00e1mbito.com | Boric inscribir\u00e1 a Michele Bachelet como candidata a la Secretar\u00eda General de la ONU\" rel=\"noindex nofollow noreferrer\"> <img loading=\"lazy\" decoding=\"async\" src=\"https:\/\/www.ambito.com\/css-custom\/239\/lazy.svg\" data-td-src-property=\"https:\/\/media.ambito.com\/p\/95e473d62f2d630814b9d82e635a1c7b\/adjuntos\/239\/imagenes\/043\/097\/0043097019\/boric-y-bachelet.jpeg\" alt=\"Bachelet podr\u00eda ser la primera mujer en dirigir el organismo si fuera seleccionada.\" title=\"Bachelet podr\u00eda ser la primera mujer en dirigir el organismo si fuera seleccionada.\" width=\"93\" height=\"52\" class=\"news-article__figure-img figure-img img-fluid\"> <\/a><\/figure>\n<\/article><\/div>\n<\/div>\n<\/section>\n<article class=\"article-body article-body--third-paragraph content-protected-false\" readability=\"34\">\n<p data-start=\"878\" data-end=\"1139\">\u201cAdem\u00e1s del fallecido del d\u00eda de ayer,<strong> tenemos 15 fallecidos en lo que va el transcurso de esta ma\u00f1ana<\/strong>, espec\u00edficamente estos en la regi\u00f3n del Biob\u00edo\u201d, inform\u00f3 el ministro de Seguridad P\u00fablica, Luis Cordero, al actualizar el balance oficial de v\u00edctimas fatales.<\/p>\n<\/article>\n<article class=\"article-body article-body--fourth-paragraph content-protected-false\" readability=\"33\">\n<div id=\"8176777-176453155_wrap\" class=\"embed_cont type_video\" contenteditable=\"false\">\n<p> incendios chile <span onclick=\"parent.parent.TinyMCETdcuerpo.preview_embed('8176777-176453155')\" class=\"embed_colapse less\" id=\"8176777-176453155_colapse\"><\/span> <span onclick=\"parent.parent.TinyMCETdcuerpo.delete_embed('8176777-176453155')\" class=\"embed_delete less\" id=\"8176777-176453155_delete\"><\/span><\/p>\n<div class=\"embed_wrapper-cont\" readability=\"6.5\">\n<div id=\"8176777-176453155_epigrafe\" class=\"embed_epigrafe\" readability=\"8\">\n<p data-start=\"205\" data-end=\"338\">Brigadistas y bomberos trabajan contrarreloj mientras el fuego permanece fuera de control por el viento y las altas temperaturas.<\/p>\n<\/p><\/div>\n<p>X: @MundoEConflicto<\/p>\n<\/div><\/div>\n<h2 data-start=\"1141\" data-end=\"1185\">Una emergencia que se agrava con el clima<\/h2>\n<p data-start=\"1187\" data-end=\"1504\">Pese al despliegue masivo de recursos tras el decreto de Estado de Cat\u00e1strofe, las autoridades reconocen que<strong> el clima se convirti\u00f3 en el principal obst\u00e1culo. <\/strong>Las altas temperaturas, sumadas a r\u00e1fagas de viento intensas, mantienen al menos<strong> 14 focos activos <\/strong>que avanzan sin control en distintos puntos del sur del pa\u00eds.<\/p>\n<\/article>\n<article class=\"article-body article-body--fifth-paragraph content-protected-false\" readability=\"34\">\n<p data-start=\"1506\" data-end=\"1846\">El ministro del Interior, \u00c1lvaro Elizalde, describi\u00f3 el escenario tras la reuni\u00f3n del comit\u00e9 de crisis y fue categ\u00f3rico:<strong> \u201cEstamos enfrentando un cuadro complejo\u201d.<\/strong> Las llamas contin\u00faan amenazando viviendas, hospitales y rutas estrat\u00e9gicas, mientras los equipos de emergencia priorizan la protecci\u00f3n de la vida humana y las tareas de rescate.<\/p>\n<\/article>\n<article class=\"article-body article-body--remaining-paragraph content-protected-false\" readability=\"59\">\n<p data-start=\"1848\" data-end=\"2079\">En algunos sectores, el fuego lleg\u00f3 a cercar a brigadistas que combat\u00edan los incendios en zonas de dif\u00edcil acceso, lo que oblig\u00f3 al Gobierno a reforzar el apoyo con personal militar y log\u00edstica a\u00e9rea para evitar una tragedia mayor.<\/p>\n<div id=\"8176779-1304400579_wrap\" class=\"embed_cont type_video\" contenteditable=\"false\">\n<p> incendios chile <span onclick=\"parent.parent.TinyMCETdcuerpo.preview_embed('8176779-1304400579')\" class=\"embed_colapse less\" id=\"8176779-1304400579_colapse\"><\/span> <span onclick=\"parent.parent.TinyMCETdcuerpo.delete_embed('8176779-1304400579')\" class=\"embed_delete less\" id=\"8176779-1304400579_delete\"><\/span><\/p>\n<div class=\"embed_wrapper-cont\" readability=\"6\">\n<div id=\"8176779-1304400579_epigrafe\" class=\"embed_epigrafe\" readability=\"7\">\n<p data-start=\"343\" data-end=\"442\">Autoridades confirmaron 15 muertos y un aumento sostenido de evacuaciones en las \u00faltimas horas.<\/p>\n<\/p><\/div>\n<p>X: @golden_j555<\/p>\n<\/div><\/div>\n<h2 data-start=\"2081\" data-end=\"2127\">Evacuaciones masivas y colapso de servicios<\/h2>\n<p data-start=\"2129\" data-end=\"2428\">Al impacto de las muertes se suma el drama de miles de familias que debieron abandonar sus hogares. En las \u00faltimas 24 horas, unas<strong> 50.000 personas fueron evacuadas<\/strong> de manera preventiva ante el avance del fuego, que provoc\u00f3 el<strong> cierre de rutas, cortes de energ\u00eda y el desalojo de centros asistenciales.<\/strong><\/p>\n<p data-start=\"2430\" data-end=\"2754\">Uno de los casos m\u00e1s delicados fue el del <strong>hospital de Lirqu\u00e9n<\/strong>, que tuvo que ser evacuado ante la cercan\u00eda de las llamas. En paralelo, las autoridades locales reforzaron los operativos de seguridad para prevenir saqueos y garantizar asistencia b\u00e1sica a los damnificados, muchos de los cuales perdieron todas sus pertenencias.g<\/p>\n<h2 data-start=\"2430\" data-end=\"2754\">El gobierno de Chile decret\u00f3 &#8220;Estado de Cat\u00e1strofe&#8221;: que significa<\/h2>\n<p data-start=\"3365\" data-end=\"3726\">La declaraci\u00f3n del Estado de Cat\u00e1strofe habilita al Ejecutivo chileno a<strong> adoptar medidas extraordinarias <\/strong>para enfrentar la emergencia. Entre ellas, la designaci\u00f3n de<strong> jefes de Defensa <\/strong>para coordinar el orden p\u00fablico y la log\u00edstica, la restricci\u00f3n de ciertas libertades (como el toque de queda ya anunciado en Biob\u00edo) y el control directo de recursos estrat\u00e9gicos.<\/p>\n<p data-start=\"3728\" data-end=\"3989\" data-is-last-node data-is-only-node>Con el fuego a\u00fan activo y condiciones clim\u00e1ticas adversas, las autoridades advierten que las pr\u00f3ximas horas<strong> ser\u00e1n decisivas para evitar que la tragedia siga cobrando v\u00edctimas<\/strong> y profundizando una de las peores emergencias forestales de los \u00faltimos a\u00f1os en Chile.<\/p>\n<\/article>\n<p> <!-- REGION4 } --> <\/p>\n","protected":false},"excerpt":{"rendered":"<p>18 de enero 2026 &#8211; 13:11 El gobierno chileno decret\u00f3 el Estado de Cat\u00e1strofe tras confirmar 15 muertes y m\u00e1s de 20 mil evacuados por incendios activos en el sur del pa\u00eds. El gobierno de Chile confirm\u00f3 este domingo que los incendios forestales que afectan al sur del pa\u00eds dejaron al menos 15 personas fallecidas [&hellip;]<\/p>\n","protected":false},"author":2,"featured_media":10941,"comment_status":"closed","ping_status":"closed","sticky":false,"template":"","format":"standard","meta":{"jetpack_post_was_ever_published":false,"_jetpack_newsletter_access":"","_jetpack_dont_email_post_to_subs":false,"_jetpack_newsletter_tier_id":0,"_jetpack_memberships_contains_paywalled_content":false,"_jetpack_memberships_contains_paid_content":false,"footnotes":"","jetpack_publicize_message":"","jetpack_publicize_feature_enabled":true,"jetpack_social_post_already_shared":true,"jetpack_social_options":{"image_generator_settings":{"template":"highway","enabled":false},"version":2}},"categories":[20],"tags":[],"class_list":["post-10940","post","type-post","status-publish","format-standard","has-post-thumbnail","hentry","category-mundo"],"jetpack_publicize_connections":[],"jetpack_featured_media_url":"https:\/\/i0.wp.com\/infolanus.com\/wp-content\/uploads\/2026\/01\/incendios-en-chile-15-muertos-y-50-000-evacuados-por-el-avance-del-fuego-en-el-sur-del-pais.jpg?fit=655%2C368&ssl=1","jetpack_sharing_enabled":true,"jetpack_shortlink":"https:\/\/wp.me\/p9QtMr-2Qs","_links":{"self":[{"href":"https:\/\/infolanus.com\/index.php\/wp-json\/wp\/v2\/posts\/10940","targetHints":{"allow":["GET"]}}],"collection":[{"href":"https:\/\/infolanus.com\/index.php\/wp-json\/wp\/v2\/posts"}],"about":[{"href":"https:\/\/infolanus.com\/index.php\/wp-json\/wp\/v2\/types\/post"}],"author":[{"embeddable":true,"href":"https:\/\/infolanus.com\/index.php\/wp-json\/wp\/v2\/users\/2"}],"replies":[{"embeddable":true,"href":"https:\/\/infolanus.com\/index.php\/wp-json\/wp\/v2\/comments?post=10940"}],"version-history":[{"count":0,"href":"https:\/\/infolanus.com\/index.php\/wp-json\/wp\/v2\/posts\/10940\/revisions"}],"wp:featuredmedia":[{"embeddable":true,"href":"https:\/\/infolanus.com\/index.php\/wp-json\/wp\/v2\/media\/10941"}],"wp:attachment":[{"href":"https:\/\/infolanus.com\/index.php\/wp-json\/wp\/v2\/media?parent=10940"}],"wp:term":[{"taxonomy":"category","embeddable":true,"href":"https:\/\/infolanus.com\/index.php\/wp-json\/wp\/v2\/categories?post=10940"},{"taxonomy":"post_tag","embeddable":true,"href":"https:\/\/infolanus.com\/index.php\/wp-json\/wp\/v2\/tags?post=10940"}],"curies":[{"name":"wp","href":"https:\/\/api.w.org\/{rel}","templated":true}]}}