{"id":10945,"date":"2026-01-19T13:02:00","date_gmt":"2026-01-19T16:02:00","guid":{"rendered":"https:\/\/www.ambito.com\/mundo\/tragedia-ferroviaria-espana-que-se-sabe-ahora-del-choque-dos-trenes-alta-velocidad-n6235795"},"modified":"2026-01-19T13:02:00","modified_gmt":"2026-01-19T16:02:00","slug":"tragedia-ferroviaria-en-espana-que-se-sabe-hasta-ahora-del-choque-de-dos-trenes-de-alta-velocidad","status":"publish","type":"post","link":"https:\/\/infolanus.com\/index.php\/2026\/01\/19\/tragedia-ferroviaria-en-espana-que-se-sabe-hasta-ahora-del-choque-de-dos-trenes-de-alta-velocidad\/","title":{"rendered":"Tragedia ferroviaria en Espa\u00f1a: qu\u00e9 se sabe hasta ahora del choque de dos trenes de alta velocidad"},"content":{"rendered":"<p><img data-recalc-dims=\"1\" decoding=\"async\" src=\"https:\/\/i0.wp.com\/media.ambito.com\/p\/40bd1c44253862176a788df88c6d65ac\/adjuntos\/239\/imagenes\/043\/107\/0043107925\/1200x675\/593x619%3A613x639\/choque-trenes-espana-2026-2.jpg?w=640&#038;ssl=1\"><\/p>\n<div><img data-recalc-dims=\"1\" decoding=\"async\" src=\"https:\/\/i0.wp.com\/media.ambito.com\/p\/40bd1c44253862176a788df88c6d65ac\/adjuntos\/239\/imagenes\/043\/107\/0043107925\/1200x675\/593x619%3A613x639\/choque-trenes-espana-2026-2.jpg?w=640&#038;ssl=1\" class=\"ff-og-image-inserted\"><\/div>\n<div id>\n<h2>Tragedia ferroviaria en Espa\u00f1a: c\u00f3mo fue el choque de dos trenes<\/h2>\n<p data-start=\"882\" data-end=\"1393\">El tren <strong data-start=\"890\" data-end=\"903\">Iryo 6189<\/strong>, que circulaba desde <strong data-start=\"925\" data-end=\"948\">M\u00e1laga hacia Madrid<\/strong> con alrededor de 317 pasajeros a bordo, <strong data-start=\"989\" data-end=\"1028\">descarril\u00f3 alrededor de las 19:45 h<\/strong> y se desplaz\u00f3 hacia la v\u00eda contraria. Esa l\u00ednea fue ocupada entonces por el tren <strong data-start=\"1110\" data-end=\"1124\">Alvia 2384<\/strong>, que viajaba desde <strong data-start=\"1144\" data-end=\"1167\">Madrid hacia Huelva<\/strong> con cerca de un centenar de personas a bordo. El impacto entre ambos convoyes fue <strong data-start=\"1250\" data-end=\"1261\">frontal<\/strong>, provocando que los dos primeros vagones del Alvia cayeran por un terrapl\u00e9n de varios metros.<\/p>\n<\/div>\n<div id>\n<div id=\"8176911-1846508851_wrap\" class=\"embed_cont type_video\" contenteditable=\"false\" readability=\"7\">\n<p>Tragedia ferroviaria en espa\u00f1a <span onclick=\"parent.parent.TinyMCETdcuerpo.preview_embed('8176911-1846508851')\" class=\"embed_colapse less\" id=\"8176911-1846508851_colapse\"><\/span> <span onclick=\"parent.parent.TinyMCETdcuerpo.delete_embed('8176911-1846508851')\" class=\"embed_delete less\" id=\"8176911-1846508851_delete\"><\/span><\/p>\n<div class=\"embed_wrapper-cont\">\n<p>X: @Capitana_espana<\/p>\n<\/div><\/div>\n<p class>Seg\u00fan inform\u00f3 la prensa local, el accidente ocurri\u00f3 cuando un tren de la empresa operadora Iryo que ven\u00eda de la ciudad de M\u00e1laga con direcci\u00f3n a Madrid <strong>descarril\u00f3 e invadi\u00f3 la v\u00eda contigua<\/strong> por la que circulaba otra formaci\u00f3n de la estatal Renfe Alvia (capaces de adaptarse tanto a v\u00edas de alta velocidad como a convencionales) que realizaba el trayecto Madrid-Huelva, y que tambi\u00e9n descarril\u00f3.<\/p>\n<\/div>\n<div id>\n<h2>V\u00edctimas y atenci\u00f3n m\u00e9dica del accidente<\/h2>\n<p data-start=\"1431\" data-end=\"1805\">Hasta el momento se confirmaron <strong data-start=\"1463\" data-end=\"1477\">39 muertos<\/strong>, entre ellos el maquinista del tren Alvia, y <strong data-start=\"1523\" data-end=\"1538\">152 heridos<\/strong>, con <strong data-start=\"1544\" data-end=\"1565\">48 hospitalizados<\/strong> y al menos <strong data-start=\"1577\" data-end=\"1618\">12 en unidades de cuidados intensivos<\/strong>. Entre los heridos hay <strong data-start=\"1642\" data-end=\"1651\">ni\u00f1os<\/strong>, uno de ellos en estado cr\u00edtico, y decenas de pacientes con fracturas, cortes y otras lesiones de diversa gravedad.<\/p>\n<\/div>\n<div id>\n<p data-start=\"571\" data-end=\"1052\">La decisi\u00f3n fue anunciada por el presidente, <a href=\"https:\/\/www.ambito.com\/mundo\/el-gobierno-espana-respalda-un-tercer-mandato-pedro-sanchez-pese-su-propuesta-limitarlo-ocho-anos-n6194940\" target=\"_blank\" rel=\"follow noopener\" data-mrf-recirculation=\"Article - Paragraph Links\" data-mrf-link=\"https:\/\/www.ambito.com\/mundo\/el-gobierno-espana-respalda-un-tercer-mandato-pedro-sanchez-pese-su-propuesta-limitarlo-ocho-anos-n6194940\" cmp-ltrk=\"Article - Paragraph Links\" cmp-ltrk-idx=\"3\" mrfobservableid=\"47b08e64-ca97-41f7-8279-5712e088174b\">Pedro S\u00e1nchez<\/a>, quien se traslad\u00f3 al lugar del siniestro acompa\u00f1ado por la <strong>vicepresidenta primera, Mar\u00eda Jes\u00fas Montero<\/strong>, y los ministros de Transporte e Interior. All\u00ed, el mandatario remarc\u00f3 que el Ejecutivo avanzar\u00e1 en una investigaci\u00f3n exhaustiva para determinar qu\u00e9 ocurri\u00f3 y garantizar informaci\u00f3n clara a la ciudadan\u00eda. <strong>\u201cVamos a dar con la verdad, vamos a conocer la respuesta\u201d<\/strong>, afirm\u00f3 durante una conferencia de prensa.<\/p>\n<div id=\"8177107-1674107837_wrap\" class=\"embed_cont type_video\" contenteditable=\"false\" readability=\"8\">\n<p>pedro sanchez, luto espa\u00f1a <span onclick=\"parent.parent.TinyMCETdcuerpo.preview_embed('8177107-1674107837')\" class=\"embed_colapse less\" id=\"8177107-1674107837_colapse\"><\/span> <span onclick=\"parent.parent.TinyMCETdcuerpo.delete_embed('8177107-1674107837')\" class=\"embed_delete less\" id=\"8177107-1674107837_delete\"><\/span><\/p>\n<div class=\"embed_wrapper-cont\">\n<p>X: @elespanolcom<\/p>\n<\/div><\/div>\n<p data-start=\"571\" data-end=\"1052\">Durante los d\u00edas de duelo nacional, las banderas ondear\u00e1n a <strong>media asta<\/strong> como s\u00edmbolo de <strong>respeto <\/strong>y <strong>acompa\u00f1amiento <\/strong>a las<strong> v\u00edctimas y sus familias.<\/strong> Desde el Gobierno central se\u00f1alaron que la prioridad inmediata es asistir a los afectados y coordinar recursos con las distintas administraciones. En ese sentido, S\u00e1nchez asegur\u00f3 que el Estado estar\u00e1 presente el tiempo que sea necesario.<strong> \u201cProtegeremos y asistiremos a todos los afectados en todo lo que necesiten y durante todo el tiempo necesario\u201d<\/strong>, sostuvo.<\/p>\n<p data-start=\"1604\" data-end=\"1940\">La coordinaci\u00f3n entre los distintos niveles del Estado busca garantizar<strong> contenci\u00f3n social, atenci\u00f3n sanitaria y apoyo psicol\u00f3gico<\/strong> para quienes resultaron afectados directa o indirectamente por el accidente. El Ejecutivo tambi\u00e9n confirm\u00f3 que se mantendr\u00e1 un canal permanente de informaci\u00f3n oficial mientras avancen las pericias t\u00e9cnicas.<\/p>\n<h2 data-start=\"1604\" data-end=\"1940\">Los Reyes de Espa\u00f1a enviaron sus condolencias a los afectados por la tragedia ferroviaria: &#8220;Estamos consternados&#8221;<\/h2>\n<p data-start=\"1435\" data-end=\"1865\">Desde la capital griega y en declaraciones a la prensa, el rey Felipe VI asegur\u00f3 que tanto \u00e9l como la reina Letizia siguieron de cerca la evoluci\u00f3n de los acontecimientos desde el primer momento. Seg\u00fan explic\u00f3, mantuvieron contacto permanente con <a href=\"https:\/\/www.ambito.com\/mundo\/el-gobierno-espana-decreto-tres-dias-luto-la-tragedia-ferroviaria-que-dejo-39-muertos-n6235925\" target=\"_blank\" rel=\"follow noopener\">el presidente del Gobierno, Pedro S\u00e1nchez<\/a>, y con el presidente de la Junta de Andaluc\u00eda, Juanma Moreno, para interiorizarse sobre la magnitud del accidente y el estado de los heridos.<\/p>\n<p data-start=\"1867\" data-end=\"2118\"><strong>\u201cQuer\u00edamos transmitir nuestra consternaci\u00f3n y preocupaci\u00f3n por el terrible accidente que ocurri\u00f3 ayer en Adamuz, con tantas v\u00edctimas\u201d<\/strong>, expres\u00f3 el monarca, en una de las frases que sintetiz\u00f3 el sentir institucional de la Casa Real frente a la tragedia.<\/p>\n<div id=\"8177172-225689140_wrap\" class=\"embed_cont type_video\" contenteditable=\"false\">\n<p> reyes de espa\u00f1a <span onclick=\"parent.parent.TinyMCETdcuerpo.preview_embed('8177172-225689140')\" class=\"embed_colapse less\" id=\"8177172-225689140_colapse\"><\/span> <span onclick=\"parent.parent.TinyMCETdcuerpo.delete_embed('8177172-225689140')\" class=\"embed_delete less\" id=\"8177172-225689140_delete\"><\/span><\/p>\n<div class=\"embed_wrapper-cont\">\n<p>X: @laprensalara<\/p>\n<\/div><\/div>\n<p data-start=\"2120\" data-end=\"2563\">Felipe VI confirm\u00f3 adem\u00e1s que, una vez concluidos sus compromisos oficiales en Atenas, los Reyes<strong> viajar\u00e1n el martes a Adamuz para acompa\u00f1ar a las autoridades locales y mostrar su apoyo a los damnificados.<\/strong> En ese sentido, la Casa Real inform\u00f3 que se decidi\u00f3 suspender la agenda oficial prevista para ese d\u00eda, incluida la participaci\u00f3n de los monarcas en un acto en Toledo donde iban a entregar las Medallas de Oro al M\u00e9rito en las Bellas Artes.<\/p>\n<p data-start=\"2565\" data-end=\"2857\">Por su parte, la reina Letizia puso el foco en la atenci\u00f3n a las personas afectadas por el siniestro y remarc\u00f3 cu\u00e1l debe ser la prioridad en las horas posteriores a la tragedia. <strong>\u201cAtender, acompa\u00f1ar, ayudar y asistir a todas las personas que se han visto afectadas por este accidente\u201d<\/strong>, se\u00f1al\u00f3.<\/p>\n<p data-start=\"2859\" data-end=\"3287\" data-is-last-node data-is-only-node>Desde la Casa Real tambi\u00e9n se precis\u00f3 que, tras el sepelio en Atenas, los Reyes regresar\u00e1n a Madrid junto a la princesa Leonor y la infanta Sof\u00eda, antes de desplazarse hacia la zona del accidente. El gesto institucional busca acompa\u00f1ar a una comunidad golpeada por una de las tragedias ferroviarias m\u00e1s graves de los \u00faltimos a\u00f1os en Espa\u00f1a, mientras contin\u00faan las investigaciones para esclarecer las causas del descarrilamiento.<\/p>\n<h2 data-start=\"1431\" data-end=\"1805\">Un sindicato advirti\u00f3 al operador ferroviario de da\u00f1os en las v\u00edas del accidente<\/h2>\n<p data-start=\"0\" data-end=\"237\">En las \u00faltimas horas se conoci\u00f3 una carta en la que<strong> un sindicato espa\u00f1ol de maquinistas hab\u00eda advertido<\/strong>, en agosto del a\u00f1o pasado, sobre un grave desgaste en las v\u00edas de alta velocidad, incluido el tramo<strong> donde ocurri\u00f3 el accidente fatal.<\/strong><\/p>\n<p data-start=\"239\" data-end=\"725\" data-is-last-node data-is-only-node>El documento, dirigido al administrador ferroviario ADIF, fue difundido en la red social X (exTwitter) y su autenticidad fue confirmada a Reuters por un<strong> integrante del sindicato SEMAF.<\/strong> En la carta se detallaba que <strong>baches, desperfectos y desequilibrios en las l\u00edneas el\u00e9ctricas a\u00e9reas <\/strong>provocaban <strong>aver\u00edas <\/strong>frecuentes y da\u00f1os en los trenes. Tambi\u00e9n se se\u00f1alaba que los conductores hab\u00edan comunicado reiteradamente estas irregularidades al operador, sin que se adoptaran medidas correctivas.<\/p>\n<h2>Tragedia ferroviaria en Espa\u00f1a: investigaci\u00f3n y causas<\/h2>\n<p data-start=\"1853\" data-end=\"2268\">Las causas del descarrilamiento y posterior choque <strong data-start=\"1904\" data-end=\"1933\">a\u00fan no se han determinado<\/strong>. El ministro de Transportes, <strong data-start=\"1963\" data-end=\"1979\">\u00d3scar Puente<\/strong>, calific\u00f3 el accidente como \u201c<strong data-start=\"2009\" data-end=\"2034\">tremendamente extra\u00f1o<\/strong>\u201d dado que ocurri\u00f3 en un <strong data-start=\"2059\" data-end=\"2104\">tramo recto de v\u00eda recientemente renovado<\/strong>, con ambos trenes operando dentro de los l\u00edmites de velocidad permitidos y el convoy protagonista siendo relativamente nuevo.<\/p>\n<div id=\"8176922-1153038928_wrap\" class=\"embed_cont type_video\" contenteditable=\"false\" readability=\"7\">\n<p>TRAGEDIA FERROVIARIA EN ESPA\u00d1A <span onclick=\"parent.parent.TinyMCETdcuerpo.preview_embed('8176922-1153038928')\" class=\"embed_colapse less\" id=\"8176922-1153038928_colapse\"><\/span> <span onclick=\"parent.parent.TinyMCETdcuerpo.delete_embed('8176922-1153038928')\" class=\"embed_delete less\" id=\"8176922-1153038928_delete\"><\/span><\/p>\n<div class=\"embed_wrapper-cont\">\n<p>X: @Sandra_Romandia<\/p>\n<\/div><\/div>\n<p data-start=\"2303\" data-end=\"2676\">Los servicios de emergencia movilizaron a <strong data-start=\"2345\" data-end=\"2372\">centenares de efectivos<\/strong>, incluidos bomberos, Guardia Civil, equipos de rescate especializados y la Unidad Militar de Emergencias (UME), adem\u00e1s de personal forense para la identificaci\u00f3n de fallecidos. Se habilitaron puntos de informaci\u00f3n para familiares y l\u00edneas telef\u00f3nicas de asistencia.<\/p>\n<h2>Impacto en la red ferroviaria<\/h2>\n<p data-start=\"2717\" data-end=\"3055\">La <strong data-start=\"2720\" data-end=\"2772\">circulaci\u00f3n ferroviaria entre Andaluc\u00eda y Madrid<\/strong> fue suspendida \u201chasta nuevo aviso\u201d, afectando servicios de alta velocidad en una de las principales rutas del pa\u00eds. Las operadoras <strong data-start=\"2904\" data-end=\"2912\">Iryo<\/strong> y <strong data-start=\"2915\" data-end=\"2924\">Renfe<\/strong> activaron sus protocolos de emergencia para informar a pasajeros y acompa\u00f1ar a las familias.<\/p>\n<h2>Las reacciones en Espa\u00f1a tras el choque de trenes<\/h2>\n<p data-start=\"3087\" data-end=\"3455\">El presidente del Gobierno, <strong data-start=\"3115\" data-end=\"3132\">Pedro S\u00e1nchez<\/strong>, y autoridades regionales expresaron su \u201cprofundo dolor\u201d por las v\u00edctimas y anunciaron el despliegue de recursos para atender a los afectados. Se decretaron <strong data-start=\"3290\" data-end=\"3319\">tres d\u00edas de luto oficial<\/strong> en todo el pa\u00eds, y los equipos de investigaci\u00f3n ferroviaria trabajan para esclarecer lo sucedido.<\/p>\n<div id=\"8176913-802079241_wrap\" class=\"embed_cont type_video\" contenteditable=\"false\" readability=\"7\">\n<p>Tragedia ferroviaria en espa\u00f1a <span onclick=\"parent.parent.TinyMCETdcuerpo.preview_embed('8176913-802079241')\" class=\"embed_colapse less\" id=\"8176913-802079241_colapse\"><\/span> <span onclick=\"parent.parent.TinyMCETdcuerpo.delete_embed('8176913-802079241')\" class=\"embed_delete less\" id=\"8176913-802079241_delete\"><\/span><\/p>\n<div class=\"embed_wrapper-cont\">\n<p>X: @Capitana_espana<\/p>\n<\/div><\/div>\n<p data-start=\"3087\" data-end=\"3455\">El ministro de Transportes de Espa\u00f1a, <strong>\u00d3scar Puente<\/strong>, explic\u00f3 que la causa del accidente a\u00fan se desconoce y<strong> calific\u00f3 el hecho como \u201cextremadamente inusual\u201d<\/strong> debido a que ocurri\u00f3 en un tramo recto de v\u00eda recientemente renovado. <strong>\u201cEs realmente extra\u00f1o.<\/strong> Todos los expertos ferroviarios que han estado aqu\u00ed hoy, y los que hemos consultado est\u00e1n <strong>sumamente desconcertados por el accidente\u201d<\/strong>, a\u00f1adi\u00f3 Puente.<\/p>\n<p data-start=\"3087\" data-end=\"3455\"><strong>Juan Manuel Moreno<\/strong>, presidente del Gobierno regional de Andaluc\u00eda, inform\u00f3 que los rescatistas trabajar\u00edan durante toda la noche recuperando cuerpos de los escombros: <strong>\u201cAlgunos de los vagones est\u00e1n en un estado muy deteriorado, muy lamentable\u201d.<\/strong><\/p>\n<p data-start=\"3087\" data-end=\"3455\"><strong> La Casa Real <\/strong>expres\u00f3 su<strong> \u201cm\u00e1s sentido p\u00e9same a los familiares y allegados de los fallecidos\u201d. <\/strong>La empresa administradora de infraestructuras ferroviarias habilit\u00f3 el tel\u00e9fono 900101020 y tres puntos de asistencia en Madrid, Huelva y C\u00f3rdoba para atender a los familiares de las v\u00edctimas.<\/p>\n<\/div>\n","protected":false},"excerpt":{"rendered":"<p>Tragedia ferroviaria en Espa\u00f1a: c\u00f3mo fue el choque de dos trenes El tren Iryo 6189, que circulaba desde M\u00e1laga hacia Madrid con alrededor de 317 pasajeros a bordo, descarril\u00f3 alrededor de las 19:45 h y se desplaz\u00f3 hacia la v\u00eda contraria. Esa l\u00ednea fue ocupada entonces por el tren Alvia 2384, que viajaba desde Madrid [&hellip;]<\/p>\n","protected":false},"author":2,"featured_media":10946,"comment_status":"closed","ping_status":"closed","sticky":false,"template":"","format":"standard","meta":{"jetpack_post_was_ever_published":false,"_jetpack_newsletter_access":"","_jetpack_dont_email_post_to_subs":false,"_jetpack_newsletter_tier_id":0,"_jetpack_memberships_contains_paywalled_content":false,"_jetpack_memberships_contains_paid_content":false,"footnotes":"","jetpack_publicize_message":"","jetpack_publicize_feature_enabled":true,"jetpack_social_post_already_shared":true,"jetpack_social_options":{"image_generator_settings":{"template":"highway","enabled":false},"version":2}},"categories":[20],"tags":[1286],"class_list":["post-10945","post","type-post","status-publish","format-standard","has-post-thumbnail","hentry","category-mundo","tag-mundo"],"jetpack_publicize_connections":[],"jetpack_featured_media_url":"https:\/\/i0.wp.com\/infolanus.com\/wp-content\/uploads\/2026\/01\/tragedia-ferroviaria-en-espana-que-se-sabe-hasta-ahora-del-choque-de-dos-trenes-de-alta-velocidad.jpg?fit=1200%2C675&ssl=1","jetpack_sharing_enabled":true,"jetpack_shortlink":"https:\/\/wp.me\/p9QtMr-2Qx","_links":{"self":[{"href":"https:\/\/infolanus.com\/index.php\/wp-json\/wp\/v2\/posts\/10945","targetHints":{"allow":["GET"]}}],"collection":[{"href":"https:\/\/infolanus.com\/index.php\/wp-json\/wp\/v2\/posts"}],"about":[{"href":"https:\/\/infolanus.com\/index.php\/wp-json\/wp\/v2\/types\/post"}],"author":[{"embeddable":true,"href":"https:\/\/infolanus.com\/index.php\/wp-json\/wp\/v2\/users\/2"}],"replies":[{"embeddable":true,"href":"https:\/\/infolanus.com\/index.php\/wp-json\/wp\/v2\/comments?post=10945"}],"version-history":[{"count":0,"href":"https:\/\/infolanus.com\/index.php\/wp-json\/wp\/v2\/posts\/10945\/revisions"}],"wp:featuredmedia":[{"embeddable":true,"href":"https:\/\/infolanus.com\/index.php\/wp-json\/wp\/v2\/media\/10946"}],"wp:attachment":[{"href":"https:\/\/infolanus.com\/index.php\/wp-json\/wp\/v2\/media?parent=10945"}],"wp:term":[{"taxonomy":"category","embeddable":true,"href":"https:\/\/infolanus.com\/index.php\/wp-json\/wp\/v2\/categories?post=10945"},{"taxonomy":"post_tag","embeddable":true,"href":"https:\/\/infolanus.com\/index.php\/wp-json\/wp\/v2\/tags?post=10945"}],"curies":[{"name":"wp","href":"https:\/\/api.w.org\/{rel}","templated":true}]}}