{"id":10949,"date":"2026-01-20T13:17:00","date_gmt":"2026-01-20T16:17:00","guid":{"rendered":"https:\/\/www.ambito.com\/mundo\/rusia-se-mete-la-discusion-groenlandia-no-es-una-parte-natural-dinamarca-n6236419"},"modified":"2026-01-20T13:17:00","modified_gmt":"2026-01-20T16:17:00","slug":"rusia-se-mete-en-la-discusion-por-groenlandia-no-es-una-parte-natural-de-dinamarca","status":"publish","type":"post","link":"https:\/\/infolanus.com\/index.php\/2026\/01\/20\/rusia-se-mete-en-la-discusion-por-groenlandia-no-es-una-parte-natural-de-dinamarca\/","title":{"rendered":"Rusia se mete en la discusi\u00f3n por Groenlandia: &#8220;No es una parte natural de Dinamarca&#8221;"},"content":{"rendered":"<p><img data-recalc-dims=\"1\" decoding=\"async\" src=\"https:\/\/i0.wp.com\/media.ambito.com\/p\/f5bf4cae33d1c2b90316ca12d61479ba\/adjuntos\/239\/imagenes\/042\/757\/0042757952\/trump-y-putin.jpeg?w=640&#038;ssl=1\"><\/p>\n<div id>\n<p>La trama del conflicto por Groenlandia sum\u00f3 en las \u00faltimas horas <strong>un nuevo actor de peso: <a href=\"https:\/\/www.ambito.com\/mundo\/rusia-anuncio-que-ataco-ucrania-un-misil-capacidad-nuclear-n6232426\" target=\"_blank\" rel=\"follow\">Rusia<\/a>. <\/strong>En medio de las tensiones entre la <strong>Uni\u00f3n Europea (UE) y Estados Unidos <\/strong>&#8211; por las crecientes <a href=\"https:\/\/www.ambito.com\/mundo\/el-desafiante-posteo-donald-trump-mostrando-groenlandia-y-canada-como-parte-eeuu-n6236223\" target=\"_blank\" rel=\"follow\">amenazas de Donald Trump hacia Dinamarca<\/a> &#8211; el ministro de Asuntos Exteriores ruso, <strong>Serguei Lavrov, <\/strong>afirm\u00f3 que el territorio helado &#8220;no es parte natural de Dinamarca&#8221; sino resultado de una &#8220;conquista colonial&#8221;.<\/p>\n<\/div>\n<div id>\n<p><strong>&#8220;No era una parte natural de Noruega ni una parte natural de <a href=\"https:\/\/www.ambito.com\/mundo\/mientras-crece-la-presion-groenlandia-dinamarca-anuncio-que-hara-un-grupo-trabajo-eeuu-n6234382\" target=\"_blank\" rel=\"follow\">Dinamarca<\/a><\/strong>. <strong> Es una conquista colonial<\/strong>. El hecho de que los habitantes ahora est\u00e9n acostumbrados y se sientan c\u00f3modos es otra cuesti\u00f3n\u201d, sentenci\u00f3.<\/p>\n<\/div>\n<div id>\n<h2>Rusia se mete en la discusi\u00f3n por Groenlandia<\/h2>\n<p>Las declaraciones del funcionario ruso llegan en medio de las crecientes tensiones entre la UE y Estados Unidos. En los \u00faltimos d\u00edas, distintos pa\u00edses &#8211; como Alemania, Dinamarca, Francia, Noruega y Suecia &#8211; movilizaron peque\u00f1as tropas a la isla en el marco de la &#8220;Operaci\u00f3n Resistencia Ant\u00e1rtica&#8221;. En respuesta, Trump elev\u00f3 la presi\u00f3n a trav\u00e9s de posteos en sus redes sociales en donde muestra la conquista del territorio en discusi\u00f3n, adem\u00e1s de haber anunciado que implementar\u00e1 nuevos aranceles sobre algunas naciones europeas.<\/p>\n<\/div>\n<div id>\n<p><strong>Lavrov enfatiz\u00f3 que Rusia no tiene por objetivo interferir en los asuntos de Groenlandia: <\/strong>\u201c<strong>No tenemos nada que ver con los planes de capturar Groenlandia.<\/strong> No tengo ninguna duda de que Washington sabe claramente que ni Rusia ni China tienen tales planes\u201d.<\/p>\n<\/div>\n<div id>\n<figure id=\"8027902-Libre-1748547292_wrap\" class=\"embed_cont type_imagen\" contenteditable=\"false\">\n<p>Sergu\u00e9i Lavrov.png <span onclick=\"parent.parent.TinyMCETdcuerpo.preview_embed('8027902-Libre-1748547292')\" class=\"embed_colapse less\" id=\"8027902-Libre-1748547292_colapse\"><\/span> <span onclick=\"parent.parent.TinyMCETdcuerpo.delete_embed('8027902-Libre-1748547292')\" class=\"embed_delete less\" id=\"8027902-Libre-1748547292_delete\"><\/span><\/p>\n<div id=\"8027902-Libre-1748547292_content\" class=\"embed_content\"><img data-recalc-dims=\"1\" decoding=\"async\" src=\"https:\/\/i0.wp.com\/media.ambito.com\/p\/a13a1c2e5fd7d7de63e47f0d9744736d\/adjuntos\/239\/imagenes\/042\/112\/0042112417\/730x0\/smart\/serguei-lavrov-ministro-relaciones-exteriores-rusia.png?resize=640%2C426&#038;ssl=1\" alt=\"Sergu\u00e9i Lavrov, Ministro de Relaciones Exteriores de Rusia, puso el foco sobre las \" conquistas coloniales de europa title=\"Sergu\u00e9i Lavrov, Ministro de Relaciones Exteriores de Rusia, puso el foco sobre las \" width=\"640\" height=\"426\" id=\"8027902-Libre-1748547292_embed\" crossorigin=\"anonymous\" fetchpriority=\"high\" decode=\"async\"><\/div><figcaption class=\"embed_wrapper-cont\" readability=\"2.5\">\n<div id=\"8027902-Libre-1748547292_epigrafe\" class=\"embed_epigrafe\" readability=\"10\">\n<p>Sergu\u00e9i Lavrov, Ministro de Relaciones Exteriores de Rusia, puso el foco sobre las &#8220;conquistas coloniales&#8221; de Europa.<\/p>\n<\/div>\n<p>@EmbajadaRusaES<\/p>\n<\/figcaption><\/figure>\n<p>En ese sentido &#8211; y a pesar de declaraciones que surgen como un peque\u00f1o gui\u00f1o a la gesti\u00f3n de Trump &#8211; el Canciller ruso cuestion\u00f3 las justificaciones que dio Trump sobre la necesidad que tiene Estados Unidos de dominar dicho territorio por cuestiones de &#8220;seguridad nacional&#8221;: \u201cCuando la situaci\u00f3n en torno a Groenlandia se justifica por el hecho de que Rusia o China la conquistar\u00e1n&#8230; Ya saben, no hay confirmaciones de ello. <strong>Incluso los economistas y polit\u00f3logos occidentales lo desmienten<\/strong>\u201d.<\/p>\n<\/div>\n<div id>\n<p>Anteriormente, el portavoz del Kremlin, Dimitri Peskov, hab\u00eda asegurado que el republicano &#8220;har\u00e1 historia&#8221; si se hace con el control de Groenlandia. \u201cNo solo en la historia de Estados Unidos, sino tambi\u00e9n en la historia mundial\u201d, explic\u00f3 y luego agreg\u00f3 que la informaci\u00f3n que surge a ra\u00edz del conflicto es &#8220;inquietante&#8221;, con el foco puesto sobre las acusaciones que recaen sobre Rusia.<\/p>\n<h2>Donald Trump y una nueva pol\u00e9mica: las fotos que muestran a Groenlandia y Canad\u00e1 anexadas por Estados Unidos<\/h2>\n<p data-start=\"0\" data-end=\"406\">La semana comenz\u00f3 nuevamente con el mandatario estadounidense utilizando sus redes sociales <strong>para lanzar mensajes de alto voltaje pol\u00edtico a trav\u00e9s de dos publicaciones distintas<\/strong>, en un contexto marcado por las tensiones con Groenlandia y Canad\u00e1. En ambos casos, las im\u00e1genes difundidas por el republicano muestran <strong>escenarios ficticios en los que esos territorios aparecen, finalmente, bajo control estadounidense.<\/strong><\/p>\n<p data-start=\"408\" data-end=\"997\">La cuesti\u00f3n de Groenlandia no es nueva en la agenda del l\u00edder republicano. <strong>En una de las im\u00e1genes compartidas, Trump aparece acompa\u00f1ado por su vicepresidente, J.D. Vance, y por el secretario de Estado, Marco Rubio, mientras clavan una bandera de Estados Unidos en suelo groenland\u00e9s.<\/strong> El gesto virtual se inscribe en una escalada discursiva reciente: en los \u00faltimos d\u00edas, el presidente increment\u00f3 la presi\u00f3n sobre la isla, <strong>anunci\u00f3 nuevos aranceles a pa\u00edses europeos y lleg\u00f3 a advertir que ya no se siente obligado \u201ca pensar en la paz\u201d, luego de no haber sido distinguido con el premio Nobel.<\/strong><\/p>\n<figure id=\"8177385-Libre-971015658_wrap\" class=\"embed_cont type_imagen\" contenteditable=\"false\">\n<p> TRUMP GROENLANDIA <span onclick=\"parent.parent.TinyMCETdcuerpo.preview_embed('8177385-Libre-971015658')\" class=\"embed_colapse less\" id=\"8177385-Libre-971015658_colapse\"> <\/span> <span onclick=\"parent.parent.TinyMCETdcuerpo.delete_embed('8177385-Libre-971015658')\" class=\"embed_delete less\" id=\"8177385-Libre-971015658_delete\"><\/span><\/p>\n<div id=\"8177385-Libre-971015658_content\" class=\"embed_content\"><img loading=\"lazy\" decoding=\"async\" src=\"https:\/\/www.ambito.com\/css-custom\/239\/lazy.svg\" data-td-src-property=\"https:\/\/media.ambito.com\/p\/e435c1711bebc2a909d67975fd6cc70f\/adjuntos\/239\/imagenes\/043\/110\/0043110347\/730x0\/464x235:484x255\/trump-groenlandia.jpg\" alt=\"La imagen que comparti\u00f3 Trump en sus redes sociales.\" title=\"La imagen que comparti\u00f3 Trump en sus redes sociales.\" width=\"730\" height=\"473\" id=\"8177385-Libre-971015658_embed\"><\/div><figcaption class=\"embed_wrapper-cont\" readability=\"1\">\n<div id=\"8177385-Libre-971015658_epigrafe\" class=\"embed_epigrafe\" readability=\"7\">\n<p>La imagen que comparti\u00f3 Trump en sus redes sociales.<\/p>\n<\/div>\n<p>@realDonaldTrump<\/p>\n<\/figcaption><\/figure>\n<p data-start=\"999\" data-end=\"1487\">Pero la ofensiva simb\u00f3lica no se detiene all\u00ed. Tras episodios previos que tambi\u00e9n incluyeron referencias a Venezuela, Trump avanza con lo que algunos analistas denominan el \u201cCorolario Trump\u201d, <strong>una versi\u00f3n actualizada de la doctrina Monroe, orientada a reforzar una pol\u00edtica exterior expansiva de Estados Unidos, con especial foco en Am\u00e9rica Latina<\/strong>. En esa l\u00f3gica, sus publicaciones m\u00e1s recientes sumaron ahora a Canad\u00e1, pa\u00eds que qued\u00f3 bajo la lupa tras su acercamiento comercial con China.<\/p>\n<p data-start=\"1489\" data-end=\"1710\">Fiel a su estilo confrontativo y deliberadamente \u201cincorrecto\u201d, el mandatario volvi\u00f3 a tensar el tablero geopol\u00edtic<strong>o, esta vez incorporando a un actor que hasta ahora no ocupaba el centro de la escena: el vecino del norte.<\/strong><\/p>\n<p data-start=\"1712\" data-end=\"2175\">En otra imagen manipulada difundida por Trump, se lo ve en el Sal\u00f3n Oval junto a distintos l\u00edderes internacionales. <strong>Entre ellos aparecen Keir Starmer (Reino Unido), Giorgia Meloni (Italia), Emmanuel Macron (Italia), Ursula von der Leyen (Uni\u00f3n Europea) y Volodimir Zelenski (Ucrania), entre otros<\/strong>. Trump ocupa el lugar central, mientras que detr\u00e1s suyo un mapa muestra a Canad\u00e1 cubierto por banderas estadounidenses, reforzando el mensaje de dominaci\u00f3n simb\u00f3lica.<\/p>\n<p data-start=\"2177\" data-end=\"2511\">La publicaci\u00f3n se conoci\u00f3 pocos d\u00edas despu\u00e9s de un giro relevante en la relaci\u00f3n bilateral entre China y Canad\u00e1. El presidente chino, Xi Jinping, y el primer ministro canadiense, <strong>Mark Carney, firmaron el viernes pasado en Pek\u00edn un acuerdo de asociaci\u00f3n estrat\u00e9gica con impacto directo en el comercio y el turismo entre ambas naciones.<\/strong><\/p>\n<p data-start=\"2513\" data-end=\"2774\"><strong> Carney defini\u00f3 el entendimiento como un \u201cacuerdo hist\u00f3rico\u201d, al se\u00f1alar que forma parte de una \u201cnueva asociaci\u00f3n estrat\u00e9gica\u201d <\/strong>destinada a dejar atr\u00e1s una etapa atravesada por conflictos diplom\u00e1ticos, detenciones rec\u00edprocas de ciudadanos y disputas arancelarias.<\/p>\n<p data-start=\"2776\" data-end=\"3200\"><strong>\u201cChina y Canad\u00e1 han alcanzado un acuerdo comercial preliminar pero hist\u00f3ric<\/strong>o para eliminar barreras comerciales y reducir aranceles\u201d, sostuvo el primer ministro canadiense durante una conferencia de prensa en la capital china, tras reunirse con Xi. En ese marco, detall\u00f3 que Canad\u00e1 permitir\u00e1 el ingreso de 49.000 veh\u00edculos el\u00e9ctricos fabricados en China, que podr\u00e1n acceder a su mercado con una tarifa preferencial del 6,1%.<\/p>\n<p data-start=\"3202\" data-end=\"3585\" data-is-last-node data-is-only-node>Desde el lado chino, el compromiso contempla una reducci\u00f3n significativa de los aranceles sobre los derivados de canola, que bajar\u00e1n del 84% a cerca del 15% a partir del 1 de marzo. A eso se suma la decisi\u00f3n de flexibilizar el r\u00e9gimen migratorio para facilitar el ingreso de turistas canadienses sin necesidad de visado, en un gesto orientado a profundizar el acercamiento bilateral.<\/p>\n<\/div>\n","protected":false},"excerpt":{"rendered":"<p>La trama del conflicto por Groenlandia sum\u00f3 en las \u00faltimas horas un nuevo actor de peso: Rusia. En medio de las tensiones entre la Uni\u00f3n Europea (UE) y Estados Unidos &#8211; por las crecientes amenazas de Donald Trump hacia Dinamarca &#8211; el ministro de Asuntos Exteriores ruso, Serguei Lavrov, afirm\u00f3 que el territorio helado &#8220;no [&hellip;]<\/p>\n","protected":false},"author":2,"featured_media":10950,"comment_status":"closed","ping_status":"closed","sticky":false,"template":"","format":"standard","meta":{"jetpack_post_was_ever_published":false,"_jetpack_newsletter_access":"","_jetpack_dont_email_post_to_subs":false,"_jetpack_newsletter_tier_id":0,"_jetpack_memberships_contains_paywalled_content":false,"_jetpack_memberships_contains_paid_content":false,"footnotes":"","jetpack_publicize_message":"","jetpack_publicize_feature_enabled":true,"jetpack_social_post_already_shared":true,"jetpack_social_options":{"image_generator_settings":{"template":"highway","enabled":false},"version":2}},"categories":[20],"tags":[1286],"class_list":["post-10949","post","type-post","status-publish","format-standard","has-post-thumbnail","hentry","category-mundo","tag-mundo"],"jetpack_publicize_connections":[],"jetpack_featured_media_url":"https:\/\/i0.wp.com\/infolanus.com\/wp-content\/uploads\/2026\/01\/rusia-se-mete-en-la-discusion-por-groenlandia-no-es-una-parte-natural-de-dinamarca.png?fit=730%2C486&ssl=1","jetpack_sharing_enabled":true,"jetpack_shortlink":"https:\/\/wp.me\/p9QtMr-2QB","_links":{"self":[{"href":"https:\/\/infolanus.com\/index.php\/wp-json\/wp\/v2\/posts\/10949","targetHints":{"allow":["GET"]}}],"collection":[{"href":"https:\/\/infolanus.com\/index.php\/wp-json\/wp\/v2\/posts"}],"about":[{"href":"https:\/\/infolanus.com\/index.php\/wp-json\/wp\/v2\/types\/post"}],"author":[{"embeddable":true,"href":"https:\/\/infolanus.com\/index.php\/wp-json\/wp\/v2\/users\/2"}],"replies":[{"embeddable":true,"href":"https:\/\/infolanus.com\/index.php\/wp-json\/wp\/v2\/comments?post=10949"}],"version-history":[{"count":0,"href":"https:\/\/infolanus.com\/index.php\/wp-json\/wp\/v2\/posts\/10949\/revisions"}],"wp:featuredmedia":[{"embeddable":true,"href":"https:\/\/infolanus.com\/index.php\/wp-json\/wp\/v2\/media\/10950"}],"wp:attachment":[{"href":"https:\/\/infolanus.com\/index.php\/wp-json\/wp\/v2\/media?parent=10949"}],"wp:term":[{"taxonomy":"category","embeddable":true,"href":"https:\/\/infolanus.com\/index.php\/wp-json\/wp\/v2\/categories?post=10949"},{"taxonomy":"post_tag","embeddable":true,"href":"https:\/\/infolanus.com\/index.php\/wp-json\/wp\/v2\/tags?post=10949"}],"curies":[{"name":"wp","href":"https:\/\/api.w.org\/{rel}","templated":true}]}}