{"id":10951,"date":"2026-01-20T15:41:35","date_gmt":"2026-01-20T18:41:35","guid":{"rendered":"https:\/\/www.inforegion.com.ar\/?p=355025"},"modified":"2026-01-20T15:41:35","modified_gmt":"2026-01-20T18:41:35","slug":"murio-un-menor-de-12-anos-en-un-enfrentamiento-policial-en-remedios-de-escalada","status":"publish","type":"post","link":"https:\/\/infolanus.com\/index.php\/2026\/01\/20\/murio-un-menor-de-12-anos-en-un-enfrentamiento-policial-en-remedios-de-escalada\/","title":{"rendered":"Muri\u00f3 un menor de 12 a\u00f1os en un enfrentamiento policial en Remedios de Escalada"},"content":{"rendered":"<div><img data-recalc-dims=\"1\" decoding=\"async\" src=\"https:\/\/i0.wp.com\/www.inforegion.com.ar\/wp-content\/uploads\/2023\/10\/lo-mas-importante-es-que-hoy-todos-voten-segun-sus-convicciones-3-1.jpg?w=640&#038;ssl=1\" class=\"ff-og-image-inserted\"><\/div>\n<p>Un menor termin\u00f3 muerto en un enfrentamiento policial en la localidad de Remedios de Escalada, partido de Lan\u00fas. Este hecho gener\u00f3 conmoci\u00f3n este martes por la madrugada, luego de un violento episodio que comenz\u00f3 en el partido de Tres de Febrero y culmin\u00f3 en el Barrio de Emergencia Puerta 8. <strong>El adolescente, de 12 a\u00f1os, fue hallado sin vida dentro de un veh\u00edculo abandonado tras un tiroteo con efectivos policiales.<\/strong><\/p>\n<p>Seg\u00fan informaron fuentes oficiales, <strong>el hecho se inici\u00f3 cuando personal policial intent\u00f3 identificar a los ocupantes de un autom\u00f3vil Fiat Uno. Lejos de detenerse, los j\u00f3venes se dieron a la fuga y comenzaron a disparar contra los agentes, lo que deriv\u00f3 en una persecuci\u00f3n por distintas calles de la zona.<\/strong><\/p>\n<p>La persecuci\u00f3n finaliz\u00f3 en el barrio Puerta 8, donde al menos dos hombres armados descendieron del veh\u00edculo y escaparon a pie, dejando el rodado abandonado<strong>. En el interior del auto, los efectivos encontraron al menor fallecido, junto a varias vainas servidas que fueron secuestradas como parte de la investigaci\u00f3n.<\/strong><\/p>\n<p>La causa qued\u00f3 en manos de la UFI N\u00b06, que dispuso que las pericias sean realizadas por Gendarmer\u00eda Nacional. En tanto, no se adoptaron medidas restrictivas contra el personal policial interviniente<strong>. Adem\u00e1s, se confirm\u00f3 que el adolescente registraba antecedentes por el delito de encubrimiento, correspondientes a fines de octubre del a\u00f1o pasado.<\/strong><\/p>\n","protected":false},"excerpt":{"rendered":"<p>Un menor termin\u00f3 muerto en un enfrentamiento policial en la localidad de Remedios de Escalada, partido de Lan\u00fas. Este hecho gener\u00f3 conmoci\u00f3n este martes por la madrugada, luego de un violento episodio que comenz\u00f3 en el partido de Tres de Febrero y culmin\u00f3 en el Barrio de Emergencia Puerta 8. El adolescente, de 12 a\u00f1os, [&hellip;]<\/p>\n","protected":false},"author":2,"featured_media":10952,"comment_status":"closed","ping_status":"closed","sticky":false,"template":"","format":"standard","meta":{"jetpack_post_was_ever_published":false,"_jetpack_newsletter_access":"","_jetpack_dont_email_post_to_subs":false,"_jetpack_newsletter_tier_id":0,"_jetpack_memberships_contains_paywalled_content":false,"_jetpack_memberships_contains_paid_content":false,"footnotes":"","jetpack_publicize_message":"","jetpack_publicize_feature_enabled":true,"jetpack_social_post_already_shared":true,"jetpack_social_options":{"image_generator_settings":{"template":"highway","enabled":false},"version":2}},"categories":[19,547],"tags":[773,774,23,1092,822,796,2028],"class_list":["post-10951","post","type-post","status-publish","format-standard","has-post-thumbnail","hentry","category-municipio","category-policiales","tag-centrales","tag-destacadas","tag-lanus","tag-policia-bonaerense","tag-policiales","tag-seguridad-y-justicia","tag-tiroteo-y-persecucion"],"jetpack_publicize_connections":[],"jetpack_featured_media_url":"https:\/\/i0.wp.com\/infolanus.com\/wp-content\/uploads\/2026\/01\/murio-un-menor-de-12-anos-en-un-enfrentamiento-policial-en-remedios-de-escalada.jpg?fit=1200%2C675&ssl=1","jetpack_sharing_enabled":true,"jetpack_shortlink":"https:\/\/wp.me\/p9QtMr-2QD","_links":{"self":[{"href":"https:\/\/infolanus.com\/index.php\/wp-json\/wp\/v2\/posts\/10951","targetHints":{"allow":["GET"]}}],"collection":[{"href":"https:\/\/infolanus.com\/index.php\/wp-json\/wp\/v2\/posts"}],"about":[{"href":"https:\/\/infolanus.com\/index.php\/wp-json\/wp\/v2\/types\/post"}],"author":[{"embeddable":true,"href":"https:\/\/infolanus.com\/index.php\/wp-json\/wp\/v2\/users\/2"}],"replies":[{"embeddable":true,"href":"https:\/\/infolanus.com\/index.php\/wp-json\/wp\/v2\/comments?post=10951"}],"version-history":[{"count":0,"href":"https:\/\/infolanus.com\/index.php\/wp-json\/wp\/v2\/posts\/10951\/revisions"}],"wp:featuredmedia":[{"embeddable":true,"href":"https:\/\/infolanus.com\/index.php\/wp-json\/wp\/v2\/media\/10952"}],"wp:attachment":[{"href":"https:\/\/infolanus.com\/index.php\/wp-json\/wp\/v2\/media?parent=10951"}],"wp:term":[{"taxonomy":"category","embeddable":true,"href":"https:\/\/infolanus.com\/index.php\/wp-json\/wp\/v2\/categories?post=10951"},{"taxonomy":"post_tag","embeddable":true,"href":"https:\/\/infolanus.com\/index.php\/wp-json\/wp\/v2\/tags?post=10951"}],"curies":[{"name":"wp","href":"https:\/\/api.w.org\/{rel}","templated":true}]}}