{"id":10954,"date":"2026-01-21T11:24:00","date_gmt":"2026-01-21T14:24:00","guid":{"rendered":"https:\/\/www.ambito.com\/mundo\/japon-reactivo-kashiwazaki-kariwa-la-central-nuclear-mas-grande-del-luego-15-anos-n6236765"},"modified":"2026-01-21T11:24:00","modified_gmt":"2026-01-21T14:24:00","slug":"japon-reactivo-kashiwazaki-kariwa-la-central-nuclear-mas-grande-del-mundo-luego-de-15-anos","status":"publish","type":"post","link":"https:\/\/infolanus.com\/index.php\/2026\/01\/21\/japon-reactivo-kashiwazaki-kariwa-la-central-nuclear-mas-grande-del-mundo-luego-de-15-anos\/","title":{"rendered":"Jap\u00f3n reactiv\u00f3 Kashiwazaki-Kariwa, la central nuclear m\u00e1s grande del mundo luego de 15 a\u00f1os"},"content":{"rendered":"<p><img data-recalc-dims=\"1\" decoding=\"async\" src=\"https:\/\/i0.wp.com\/media.ambito.com\/p\/0f1381c8d83fddf4cde884f1aed9cfe6\/adjuntos\/239\/imagenes\/043\/114\/0043114212\/central-nuclear-kashiwazaki-kariwa.jpeg?w=640&#038;ssl=1\"><\/p>\n<div id>\n<p class>La central nuclear <strong>Kashiwazaki-Kariwa<\/strong>, ubicada en <strong><a href=\"https:\/\/www.ambito.com\/mundo\/japon-sanae-takaichi-disolvio-el-parlamento-y-convoco-elecciones-el-8-febrero-n6235788\" target=\"_blank\" rel=\"follow\">Jap\u00f3n<\/a><\/strong> y considerada la m\u00e1s grande del mundo, volvi\u00f3 a ser puesta en marcha a partir de este mi\u00e9rcoles. La decisi\u00f3n fue tomada por la compa\u00f1\u00eda el\u00e9ctrica <strong>Tokyo Electric Power (TEPCO),<\/strong> luego de 15 a\u00f1os.<\/p>\n<\/div>\n<div id>\n<p class>La planta fue paralizada, al igual que los dem\u00e1s reactores del pa\u00eds asi\u00e1tico, despu\u00e9s de que un terremoto y un tsunami posterior provocaran un desastre en la central de <strong>Fukushima Daiichi<\/strong> en 2011.<\/p>\n<\/div>\n<div id>\n<p>TEPCO puso en funcionamiento<strong> el reactor n\u00famero 6 de la central,<\/strong> uno de los dos que cuentan con la aprobaci\u00f3n de las autoridades para volver a funcionar, afirm\u00f3 la agencia de noticias japonesa Kyodo a EFE.<\/p>\n<\/div>\n<div id>\n<h2>La central nuclear Kashiwazaki-Kariwa ser\u00e1 reactivada<\/h2>\n<p class>Jap\u00f3n, un pa\u00eds pobre en recursos, busca reactivar la energ\u00eda at\u00f3mica y reducir su dependencia de los combustibles f\u00f3siles importados. As\u00ed, un total de 14 reactores, en su mayor\u00eda ubicados en las prefecturas del este y el sur, reanudaron su funcionamiento tras la imposici\u00f3n de estrictas normas de seguridad.<\/p>\n<\/div>\n<div id>\n<p class><strong>Kashiwazaki-Kariwa ser\u00e1 la primera que Tepco -la empresa operadora de Fukushima- ponga de nuevo en marcha tras el desastre<\/strong>.<\/p>\n<\/div>\n<div id>\n<p class>El vasto complejo se equip\u00f3 con un dique de 15 metros de altura contra los tsunamis, nuevos sistemas el\u00e9ctricos de emergencia instalados en altura y otros dispositivos de seguridad.<\/p>\n<figure id=\"8178031-Libre-164980991_wrap\" class=\"embed_cont type_imagen\" contenteditable=\"false\" readability=\"2\">\n<p>central Kashiwazaki-Kariwa <span onclick=\"parent.parent.TinyMCETdcuerpo.preview_embed('8178031-Libre-164980991')\" class=\"embed_colapse less\" id=\"8178031-Libre-164980991_colapse\"><\/span> <span onclick=\"parent.parent.TinyMCETdcuerpo.delete_embed('8178031-Libre-164980991')\" class=\"embed_delete less\" id=\"8178031-Libre-164980991_delete\"><\/span><\/p>\n<div id=\"8178031-Libre-164980991_content\" class=\"embed_content\"><img data-recalc-dims=\"1\" decoding=\"async\" src=\"https:\/\/i0.wp.com\/media.ambito.com\/p\/1fbe9eaf22594cc3b9ee8bf005020ce1\/adjuntos\/239\/imagenes\/043\/114\/0043114232\/central-kashiwazaki-kariwa.jpeg?resize=640%2C427&#038;ssl=1\" alt=\"\u201cEstamos realizando los preparativos para la puesta en marcha del reactor\u201d, indicaron desde la compa\u00f1\u00eda Tepco.\" title=\"\u201cEstamos realizando los preparativos para la puesta en marcha del reactor\u201d, indicaron desde la compa\u00f1\u00eda Tepco.\" width=\"640\" height=\"427\" id=\"8178031-Libre-164980991_embed\" crossorigin=\"anonymous\" fetchpriority=\"high\" decode=\"async\"><\/div><figcaption class=\"embed_wrapper-cont\" readability=\"2\">\n<div id=\"8178031-Libre-164980991_epigrafe\" class=\"embed_epigrafe\" readability=\"9\">\n<p>\u201cEstamos realizando los preparativos para la puesta en marcha del reactor\u201d, indicaron desde la compa\u00f1\u00eda Tepco.<\/p>\n<\/div>\n<p>Tepco<\/p>\n<\/figcaption><\/figure>\n<h2>Jap\u00f3n: Sanae Takaichi disolvi\u00f3 el Parlamento y convoc\u00f3 elecciones para el 8 de febrero<\/h2>\n<p>La primera ministra de <strong>Jap\u00f3n<\/strong>, <strong>Sanae Takaichi<\/strong>, anunci\u00f3 este lunes que disolver\u00e1 la c\u00e1mara baja del <strong>Parlamento<\/strong> el viernes y <a href=\"https:\/\/www.ambito.com\/economia\/el-yen-toca-minimos-un-ano-y-medio-la-posibilidad-elecciones-anticipadas-japon-n6234125\" target=\"_blank\" rel=\"follow noopener\" data-mrf-recirculation=\"Article - Paragraph Links\" data-mrf-link=\"https:\/\/www.ambito.com\/economia\/el-yen-toca-minimos-un-ano-y-medio-la-posibilidad-elecciones-anticipadas-japon-n6234125\" cmp-ltrk=\"Article - Paragraph Links\" cmp-ltrk-idx=\"0\" mrfobservableid=\"42f7e88e-08e0-4ce2-82f5-d812cbdf0499\">adelantar\u00e1 las elecciones <\/a>al 8 de febrero para reforzar su mandato y avanzar en sus ambiciosos planes de gasto p\u00fablico.<\/p>\n<p>La l\u00edder conservadora, primera mujer en dirigir el gobierno japon\u00e9s, conf\u00eda en los buenos sondeos para incrementar la bancada de su formaci\u00f3n, el <strong>Partido Liberal-Dem\u00f3crata<\/strong> (PLD, derecha nacionalista), que gobierna al frente de una coalici\u00f3n de mayor\u00eda muy ajustada.<\/p>\n<p>&#8220;En tanto que primera ministra, he decidido en el d\u00eda de hoy disolver la c\u00e1mara baja el 23 de enero&#8221;, dijo Takaichi en conferencia de prensa. Las elecciones anticipadas tendr\u00e1n lugar el 8 de febrero, agreg\u00f3. &#8220;\u00bfEs apta Takaichi para ser primera ministra? <strong>He querido que el pueblo soberano decida<\/strong>&#8220;, prosigui\u00f3, seg\u00fan AFP.<\/p>\n<\/div>\n","protected":false},"excerpt":{"rendered":"<p>La central nuclear Kashiwazaki-Kariwa, ubicada en Jap\u00f3n y considerada la m\u00e1s grande del mundo, volvi\u00f3 a ser puesta en marcha a partir de este mi\u00e9rcoles. La decisi\u00f3n fue tomada por la compa\u00f1\u00eda el\u00e9ctrica Tokyo Electric Power (TEPCO), luego de 15 a\u00f1os. La planta fue paralizada, al igual que los dem\u00e1s reactores del pa\u00eds asi\u00e1tico, despu\u00e9s [&hellip;]<\/p>\n","protected":false},"author":2,"featured_media":10955,"comment_status":"closed","ping_status":"closed","sticky":false,"template":"","format":"standard","meta":{"jetpack_post_was_ever_published":false,"_jetpack_newsletter_access":"","_jetpack_dont_email_post_to_subs":false,"_jetpack_newsletter_tier_id":0,"_jetpack_memberships_contains_paywalled_content":false,"_jetpack_memberships_contains_paid_content":false,"footnotes":"","jetpack_publicize_message":"","jetpack_publicize_feature_enabled":true,"jetpack_social_post_already_shared":true,"jetpack_social_options":{"image_generator_settings":{"template":"highway","enabled":false},"version":2}},"categories":[20],"tags":[1286],"class_list":["post-10954","post","type-post","status-publish","format-standard","has-post-thumbnail","hentry","category-mundo","tag-mundo"],"jetpack_publicize_connections":[],"jetpack_featured_media_url":"https:\/\/i0.wp.com\/infolanus.com\/wp-content\/uploads\/2026\/01\/japon-reactivo-kashiwazaki-kariwa-la-central-nuclear-mas-grande-del-mundo-luego-de-15-anos.jpg?fit=690%2C460&ssl=1","jetpack_sharing_enabled":true,"jetpack_shortlink":"https:\/\/wp.me\/p9QtMr-2QG","_links":{"self":[{"href":"https:\/\/infolanus.com\/index.php\/wp-json\/wp\/v2\/posts\/10954","targetHints":{"allow":["GET"]}}],"collection":[{"href":"https:\/\/infolanus.com\/index.php\/wp-json\/wp\/v2\/posts"}],"about":[{"href":"https:\/\/infolanus.com\/index.php\/wp-json\/wp\/v2\/types\/post"}],"author":[{"embeddable":true,"href":"https:\/\/infolanus.com\/index.php\/wp-json\/wp\/v2\/users\/2"}],"replies":[{"embeddable":true,"href":"https:\/\/infolanus.com\/index.php\/wp-json\/wp\/v2\/comments?post=10954"}],"version-history":[{"count":0,"href":"https:\/\/infolanus.com\/index.php\/wp-json\/wp\/v2\/posts\/10954\/revisions"}],"wp:featuredmedia":[{"embeddable":true,"href":"https:\/\/infolanus.com\/index.php\/wp-json\/wp\/v2\/media\/10955"}],"wp:attachment":[{"href":"https:\/\/infolanus.com\/index.php\/wp-json\/wp\/v2\/media?parent=10954"}],"wp:term":[{"taxonomy":"category","embeddable":true,"href":"https:\/\/infolanus.com\/index.php\/wp-json\/wp\/v2\/categories?post=10954"},{"taxonomy":"post_tag","embeddable":true,"href":"https:\/\/infolanus.com\/index.php\/wp-json\/wp\/v2\/tags?post=10954"}],"curies":[{"name":"wp","href":"https:\/\/api.w.org\/{rel}","templated":true}]}}