{"id":10956,"date":"2026-01-19T18:38:57","date_gmt":"2026-01-19T21:38:57","guid":{"rendered":"https:\/\/www.inforegion.com.ar\/?p=354954"},"modified":"2026-01-19T18:38:57","modified_gmt":"2026-01-19T21:38:57","slug":"un-vecino-de-lanus-volco-en-la-ruta-2-cuando-estaba-por-llegar-a-mar-del-plata-y-murio","status":"publish","type":"post","link":"https:\/\/infolanus.com\/index.php\/2026\/01\/19\/un-vecino-de-lanus-volco-en-la-ruta-2-cuando-estaba-por-llegar-a-mar-del-plata-y-murio\/","title":{"rendered":"Un vecino de Lan\u00fas volc\u00f3 en la Ruta 2 cuando estaba por llegar a Mar del Plata y muri\u00f3"},"content":{"rendered":"<div><img data-recalc-dims=\"1\" decoding=\"async\" src=\"https:\/\/i0.wp.com\/www.inforegion.com.ar\/wp-content\/uploads\/2026\/01\/vuelco-ruta-2.jpg?w=640&#038;ssl=1\" class=\"ff-og-image-inserted\"><\/div>\n<p>Una tragedia vial volvi\u00f3 a golpear a la Ruta 2, a pocos kil\u00f3metros de Mar del Plata. <strong>Un automovilista que viajaba desde Lan\u00fas hacia la ciudad balnearia muri\u00f3 tras despistar<\/strong> y volcar con su veh\u00edculo, cuando ya estaba cerca de llegar a destino.<\/p>\n<p>El siniestro ocurri\u00f3 en el kil\u00f3metro 386. Por razones que todav\u00eda se investigan, el conductor de un Honda Fit se sali\u00f3 de la traza y termin\u00f3 volcando sobre la banquina. Al lugar arrib\u00f3 una ambulancia del SAME, pero los profesionales<strong> constataron que el hombre hab\u00eda fallecido en el acto.<\/strong> Tambi\u00e9n trabajaron bomberos del cuartel de Camet, que realizaron tareas preventivas y cortaron el suministro el\u00e9ctrico del auto.<\/p>\n<p>En la zona intervinieron adem\u00e1s <strong>efectivos de Defensa Civil y Seguridad Vial, <\/strong>que preservaron la escena y resguardaron el cuerpo hasta su traslado a la morgue, mientras se desarrollaban las actuaciones para establecer qu\u00e9 provoc\u00f3 el despiste.<\/p>\n<p>La v\u00edctima fue identificada como <strong>Sebasti\u00e1n Del Castillo, de 39 a\u00f1os, domiciliado en Valent\u00edn Alsina <\/strong>quien, seg\u00fan se inform\u00f3, viajaba solo rumbo a Mar del Plata.<\/p>\n","protected":false},"excerpt":{"rendered":"<p>Una tragedia vial volvi\u00f3 a golpear a la Ruta 2, a pocos kil\u00f3metros de Mar del Plata. Un automovilista que viajaba desde Lan\u00fas hacia la ciudad balnearia muri\u00f3 tras despistar y volcar con su veh\u00edculo, cuando ya estaba cerca de llegar a destino. El siniestro ocurri\u00f3 en el kil\u00f3metro 386. Por razones que todav\u00eda se [&hellip;]<\/p>\n","protected":false},"author":2,"featured_media":10957,"comment_status":"closed","ping_status":"closed","sticky":false,"template":"","format":"standard","meta":{"jetpack_post_was_ever_published":false,"_jetpack_newsletter_access":"","_jetpack_dont_email_post_to_subs":false,"_jetpack_newsletter_tier_id":0,"_jetpack_memberships_contains_paywalled_content":false,"_jetpack_memberships_contains_paid_content":false,"footnotes":"","jetpack_publicize_message":"","jetpack_publicize_feature_enabled":true,"jetpack_social_post_already_shared":true,"jetpack_social_options":{"image_generator_settings":{"template":"highway","enabled":false},"version":2}},"categories":[19],"tags":[773,774,23,1840,74,227],"class_list":["post-10956","post","type-post","status-publish","format-standard","has-post-thumbnail","hentry","category-municipio","tag-centrales","tag-destacadas","tag-lanus","tag-ruta-2","tag-transito","tag-valentin-alsina"],"jetpack_publicize_connections":[],"jetpack_featured_media_url":"https:\/\/i0.wp.com\/infolanus.com\/wp-content\/uploads\/2026\/01\/un-vecino-de-lanus-volco-en-la-ruta-2-cuando-estaba-por-llegar-a-mar-del-plata-y-murio.jpg?fit=748%2C420&ssl=1","jetpack_sharing_enabled":true,"jetpack_shortlink":"https:\/\/wp.me\/p9QtMr-2QI","_links":{"self":[{"href":"https:\/\/infolanus.com\/index.php\/wp-json\/wp\/v2\/posts\/10956","targetHints":{"allow":["GET"]}}],"collection":[{"href":"https:\/\/infolanus.com\/index.php\/wp-json\/wp\/v2\/posts"}],"about":[{"href":"https:\/\/infolanus.com\/index.php\/wp-json\/wp\/v2\/types\/post"}],"author":[{"embeddable":true,"href":"https:\/\/infolanus.com\/index.php\/wp-json\/wp\/v2\/users\/2"}],"replies":[{"embeddable":true,"href":"https:\/\/infolanus.com\/index.php\/wp-json\/wp\/v2\/comments?post=10956"}],"version-history":[{"count":0,"href":"https:\/\/infolanus.com\/index.php\/wp-json\/wp\/v2\/posts\/10956\/revisions"}],"wp:featuredmedia":[{"embeddable":true,"href":"https:\/\/infolanus.com\/index.php\/wp-json\/wp\/v2\/media\/10957"}],"wp:attachment":[{"href":"https:\/\/infolanus.com\/index.php\/wp-json\/wp\/v2\/media?parent=10956"}],"wp:term":[{"taxonomy":"category","embeddable":true,"href":"https:\/\/infolanus.com\/index.php\/wp-json\/wp\/v2\/categories?post=10956"},{"taxonomy":"post_tag","embeddable":true,"href":"https:\/\/infolanus.com\/index.php\/wp-json\/wp\/v2\/tags?post=10956"}],"curies":[{"name":"wp","href":"https:\/\/api.w.org\/{rel}","templated":true}]}}