{"id":10958,"date":"2026-01-22T10:43:00","date_gmt":"2026-01-22T13:43:00","guid":{"rendered":"https:\/\/www.ambito.com\/c6237249"},"modified":"2026-01-22T10:43:00","modified_gmt":"2026-01-22T13:43:00","slug":"colombia-impondra-un-arancel-del-30-a-ecuador-y-suspendera-temporalmente-la-venta-de-energia","status":"publish","type":"post","link":"https:\/\/infolanus.com\/index.php\/2026\/01\/22\/colombia-impondra-un-arancel-del-30-a-ecuador-y-suspendera-temporalmente-la-venta-de-energia\/","title":{"rendered":"Colombia impondr\u00e1 un arancel del 30% a Ecuador y suspender\u00e1 temporalmente la venta de energ\u00eda"},"content":{"rendered":"<div><img data-recalc-dims=\"1\" decoding=\"async\" src=\"https:\/\/i0.wp.com\/media.ambito.com\/p\/2b1fba8f50ec60e1bb5e971223f2e439\/adjuntos\/239\/imagenes\/043\/073\/0043073885\/1200x675\/smart\/gustavo-petro-1.jpg?w=640&#038;ssl=1\" class=\"ff-og-image-inserted\"><\/div>\n<div id>\n<p class>El gobierno de <strong><a href=\"https:\/\/www.ambito.com\/mundo\/eeuu-suspende-el-otorgamiento-visas-inmigrantes-75-paises-ellos-brasil-uruguay-y-colombia-n6234337\" target=\"_blank\" rel=\"follow\">Colombia<\/a><\/strong> anunci\u00f3 la <strong>imposici\u00f3n de un gravamen del 30% para productos de <a href=\"https:\/\/www.ambito.com\/mundo\/crece-el-horror-ecuador-reportaron-seis-cuerpos-calcinados-una-zona-costera-n6234501\" target=\"_blank\" rel=\"follow\">Ecuador<\/a>. <\/strong>La medida, a\u00fan sin definir, es en respuesta a una pol\u00edtica similar de ese pa\u00eds y se suma tambi\u00e9n a una suspensi\u00f3n a las ventas de electricidad.<\/p>\n<\/div>\n<div id>\n<p class>La guerra arancelaria comenz\u00f3 el mi\u00e9rcoles,<strong> luego de que Ecuador anunciara un arancel del 30% a Colombia por una presunta falta de cooperaci\u00f3n en seguridad en la lucha contra el narcotr\u00e1fico en la frontera com\u00fan.<\/strong><\/p>\n<\/p><\/div>\n<div id>\n<h2>Colombia le impuso aranceles a Ecuador<\/h2>\n<p class>As\u00ed, el gobierno de <strong>Gustavo Petro<\/strong> anunci\u00f3 este jueves la imposici\u00f3n de aranceles, aunque indic\u00f3 que &#8220;el gravamen no constituye una sanci\u00f3n ni una medida de confrontaci\u00f3n, <strong>sino una acci\u00f3n correctiva orientada a restablecer el equilibrio del intercambio&#8221;.<\/strong><\/p>\n<\/p><\/div>\n<div id>\n<p class> Adem\u00e1s, agreg\u00f3 que con la medida busca &#8220;proteger el aparato productivo nacional&#8221; y asegur\u00f3 que se &#8220;suspenden las transacciones internacionales de electricidad&#8221; entre ambos pa\u00edses. Las naciones comparten una l\u00ednea fronteriza que va <strong>desde el Pac\u00edfico hasta la selva de la Amazon\u00eda.<\/strong> <\/p>\n<\/div>\n<div id>\n<div contenteditable=\"false\" class=\"embed_cont type_freetext\" rel=\"freetext\" id=\"embed984_wrap\" data-provider=\"Twitter\" readability=\"31.849673202614\">\n<p>Embed &#8211; https:\/\/publish.x.com\/oembed?url=https:\/\/x.com\/DanielNoboaOk\/status\/2014006136785994093&amp;partner=&amp;hide_thread=false<span onclick=\"parent.parent.TinyMCETdcuerpo.preview_embed('embed984')\" class=\"embed_colapse less\" id=\"embed984_colapse\"><\/span><span onclick=\"parent.parent.TinyMCETdcuerpo.delete_embed('embed984')\" class=\"embed_delete less\" id=\"embed984_delete\"><\/span><\/p>\n<div id=\"embed984_content\" class=\"embed_content\">\n<div id=\"embed984_embed\" readability=\"7.6190476190476\">\n<blockquote data-td-script-src=\"https:\/\/platform.twitter.com\/widgets.js\" class=\"twitter-tweet\" readability=\"8.5714285714286\">\n<p dir=\"ltr\" lang=\"es\"> Hemos hecho esfuerzos reales de cooperaci\u00f3n con Colombia, incluso con un d\u00e9ficit comercial que supera los 1.000 millones de d\u00f3lares anuales. Pero mientras hemos insistido en el di\u00e1logo, nuestros militares siguen enfrentando a grupos criminales atados al narcotr\u00e1fico en la\u2026<\/p>\n<p> \u2014 Daniel Noboa Azin (@DanielNoboaOk) <a href=\"https:\/\/twitter.com\/DanielNoboaOk\/status\/2014006136785994093?ref_src=twsrc%5Etfw\">January 21, 2026<\/a><\/p><\/blockquote>\n<\/div><\/div>\n<\/p><\/div>\n<p>Agreg\u00f3 que &#8220;ante la falta de reciprocidad y acciones firmes, el Ecuador aplicar\u00e1 una tasa de seguridad del 30% a las importaciones provenientes de Colombia desde el primero de febrero&#8221;.<\/p>\n<p>El mandatario, quien en 2024 declar\u00f3 una guerra al narcotr\u00e1fico, se\u00f1al\u00f3 que <strong>la medida arancelaria &#8220;se mantendr\u00e1 hasta que exista un compromiso real <\/strong>para enfrentar juntos el narcotr\u00e1fico y la miner\u00eda ilegal en la frontera, con la misma seriedad y decisi\u00f3n que hoy el Ecuador asume&#8221;.<\/p>\n<h2>Crece el horror en Ecuador: reportaron seis cuerpos calcinados en una zona costera<\/h2>\n<p class>La Polic\u00eda de <strong><a href=\"https:\/\/www.ambito.com\/mundo\/macabro-hallazgo-una-playa-ecuador-cinco-cabezas-humanas-aparecieron-colgadas-un-enclave-turistico-n6233155\" target=\"_blank\" rel=\"follow noopener\" data-mrf-recirculation=\"Article - Paragraph Links\" data-mrf-link=\"https:\/\/www.ambito.com\/mundo\/macabro-hallazgo-una-playa-ecuador-cinco-cabezas-humanas-aparecieron-colgadas-un-enclave-turistico-n6233155\" cmp-ltrk=\"Article - Paragraph Links\" cmp-ltrk-idx=\"0\" mrfobservableid=\"17ce6dd4-5941-44fe-aa03-dfa1e7d7d02d\">Ecuador<\/a><\/strong> hall\u00f3 <strong>seis cuerpos incinerados en una zona costera, en la provincia de Santa Elena<\/strong>, en medio de un inicio de a\u00f1o atravesado por el crimen organizado, seg\u00fan informaron fuentes policiales. Se cree que se trata de j\u00f3venes que salieron en A\u00f1o Nuevo y el hecho se suma al descubrimiento de las cinco cabezas en una zona cercana en<strong> Manab\u00ed<\/strong>.<\/p>\n<p class>Tras el descubrimiento de las <strong>cinco cabezas humanas colgadas y exhibidas junto a un panfleto de advertencia <\/strong>en Puerto L\u00f3pez, Ecuador suma un nuevo cap\u00edtulo de conmoci\u00f3n por los cad\u00e1veres de Santa Elena, que restan ser identificados.<\/p>\n<p>La <strong>Fiscal\u00eda General de Ecuador<\/strong> inform\u00f3 en X que dispuso, en coordinaci\u00f3n con el <strong>Servicio Nacional de Medicina Legal y Ciencias Forenses<\/strong>\u2013 &#8220;levantar indicios y continuar con las diligencias respectivas para identificar los seis cuerpos hallados&#8221; en la zona provincial de Barbascal.<\/p>\n<\/div>\n","protected":false},"excerpt":{"rendered":"<p>El gobierno de Colombia anunci\u00f3 la imposici\u00f3n de un gravamen del 30% para productos de Ecuador. La medida, a\u00fan sin definir, es en respuesta a una pol\u00edtica similar de ese pa\u00eds y se suma tambi\u00e9n a una suspensi\u00f3n a las ventas de electricidad. La guerra arancelaria comenz\u00f3 el mi\u00e9rcoles, luego de que Ecuador anunciara un [&hellip;]<\/p>\n","protected":false},"author":2,"featured_media":10959,"comment_status":"closed","ping_status":"closed","sticky":false,"template":"","format":"standard","meta":{"jetpack_post_was_ever_published":false,"_jetpack_newsletter_access":"","_jetpack_dont_email_post_to_subs":false,"_jetpack_newsletter_tier_id":0,"_jetpack_memberships_contains_paywalled_content":false,"_jetpack_memberships_contains_paid_content":false,"footnotes":"","jetpack_publicize_message":"","jetpack_publicize_feature_enabled":true,"jetpack_social_post_already_shared":true,"jetpack_social_options":{"image_generator_settings":{"template":"highway","enabled":false},"version":2}},"categories":[20],"tags":[],"class_list":["post-10958","post","type-post","status-publish","format-standard","has-post-thumbnail","hentry","category-mundo"],"jetpack_publicize_connections":[],"jetpack_featured_media_url":"https:\/\/i0.wp.com\/infolanus.com\/wp-content\/uploads\/2026\/01\/colombia-impondra-un-arancel-del-30-a-ecuador-y-suspendera-temporalmente-la-venta-de-energia.jpg?fit=1200%2C675&ssl=1","jetpack_sharing_enabled":true,"jetpack_shortlink":"https:\/\/wp.me\/p9QtMr-2QK","_links":{"self":[{"href":"https:\/\/infolanus.com\/index.php\/wp-json\/wp\/v2\/posts\/10958","targetHints":{"allow":["GET"]}}],"collection":[{"href":"https:\/\/infolanus.com\/index.php\/wp-json\/wp\/v2\/posts"}],"about":[{"href":"https:\/\/infolanus.com\/index.php\/wp-json\/wp\/v2\/types\/post"}],"author":[{"embeddable":true,"href":"https:\/\/infolanus.com\/index.php\/wp-json\/wp\/v2\/users\/2"}],"replies":[{"embeddable":true,"href":"https:\/\/infolanus.com\/index.php\/wp-json\/wp\/v2\/comments?post=10958"}],"version-history":[{"count":0,"href":"https:\/\/infolanus.com\/index.php\/wp-json\/wp\/v2\/posts\/10958\/revisions"}],"wp:featuredmedia":[{"embeddable":true,"href":"https:\/\/infolanus.com\/index.php\/wp-json\/wp\/v2\/media\/10959"}],"wp:attachment":[{"href":"https:\/\/infolanus.com\/index.php\/wp-json\/wp\/v2\/media?parent=10958"}],"wp:term":[{"taxonomy":"category","embeddable":true,"href":"https:\/\/infolanus.com\/index.php\/wp-json\/wp\/v2\/categories?post=10958"},{"taxonomy":"post_tag","embeddable":true,"href":"https:\/\/infolanus.com\/index.php\/wp-json\/wp\/v2\/tags?post=10958"}],"curies":[{"name":"wp","href":"https:\/\/api.w.org\/{rel}","templated":true}]}}