{"id":10960,"date":"2026-01-21T17:23:39","date_gmt":"2026-01-21T20:23:39","guid":{"rendered":"https:\/\/www.inforegion.com.ar\/?p=355117"},"modified":"2026-01-21T17:23:39","modified_gmt":"2026-01-21T20:23:39","slug":"lanus-amplia-el-sistema-publico-de-salud-con-un-nuevo-centro-de-salud-mental-en-villa-caraza","status":"publish","type":"post","link":"https:\/\/infolanus.com\/index.php\/2026\/01\/21\/lanus-amplia-el-sistema-publico-de-salud-con-un-nuevo-centro-de-salud-mental-en-villa-caraza\/","title":{"rendered":"Lan\u00fas ampl\u00eda el sistema p\u00fablico de salud con un nuevo Centro de Salud Mental en Villa Caraza"},"content":{"rendered":"<div><img data-recalc-dims=\"1\" decoding=\"async\" src=\"https:\/\/i0.wp.com\/www.inforegion.com.ar\/wp-content\/uploads\/2026\/01\/CAPS-RAMON-CARRILLO.jpeg?w=640&#038;ssl=1\" class=\"ff-og-image-inserted\"><\/div>\n<p>El <strong>sistema p\u00fablico de salud de Lan\u00fa<\/strong>s sumar\u00e1 un nuevo <strong>Centro de Salud Mental en Villa Caraza<\/strong>, en el marco de las obras de puesta en valor del CAPS Ram\u00f3n Carrillo. El proyecto forma parte de una estrategia de fortalecimiento de la atenci\u00f3n primaria y de ampliaci\u00f3n de dispositivos espec\u00edficos en salud mental dentro del distrito.<\/p>\n<p>Seg\u00fan inform\u00f3 el municipio de Lan\u00fas, el nuevo espacio estar\u00e1 destinado<strong> a la asistencia de personas que atraviesan situaciones de consumo problem\u00e1tico de sustancias. <\/strong>La atenci\u00f3n se realizar\u00e1 a trav\u00e9s de equipos interdisciplinarios, con un abordaje integral que incluir\u00e1 acompa\u00f1amiento terap\u00e9utico y acciones orientadas a la reinserci\u00f3n social y comunitaria.<\/p>\n<p>La iniciativa se inscribe dentro de una serie de avances recientes del<strong> sistema p\u00fablico de salud de Lan\u00fas<\/strong>, que apunta a descentralizar la atenci\u00f3n y acercar servicios especializados a los barrios, especialmente en zonas con mayor demanda social.<\/p>\n<p>En paralelo a la obra sanitaria, se desarrollan mejoras en la infraestructura urbana del entorno, como tareas de pavimentaci\u00f3n, bacheo e iluminaci\u00f3n, con el objetivo de facilitar el acceso al centro de salud. <strong>Estas intervenciones buscan consolidar una red de atenci\u00f3n m\u00e1s accesible y fortalecer la presencia del Estado en el territorio.<\/strong><\/p>\n","protected":false},"excerpt":{"rendered":"<p>El sistema p\u00fablico de salud de Lan\u00fas sumar\u00e1 un nuevo Centro de Salud Mental en Villa Caraza, en el marco de las obras de puesta en valor del CAPS Ram\u00f3n Carrillo. El proyecto forma parte de una estrategia de fortalecimiento de la atenci\u00f3n primaria y de ampliaci\u00f3n de dispositivos espec\u00edficos en salud mental dentro del [&hellip;]<\/p>\n","protected":false},"author":2,"featured_media":10961,"comment_status":"closed","ping_status":"closed","sticky":false,"template":"","format":"standard","meta":{"jetpack_post_was_ever_published":false,"_jetpack_newsletter_access":"","_jetpack_dont_email_post_to_subs":false,"_jetpack_newsletter_tier_id":0,"_jetpack_memberships_contains_paywalled_content":false,"_jetpack_memberships_contains_paid_content":false,"footnotes":"","jetpack_publicize_message":"","jetpack_publicize_feature_enabled":true,"jetpack_social_post_already_shared":true,"jetpack_social_options":{"image_generator_settings":{"template":"highway","enabled":false},"version":2}},"categories":[19],"tags":[773,2029,774,2030,23,764,637,711],"class_list":["post-10960","post","type-post","status-publish","format-standard","has-post-thumbnail","hentry","category-municipio","tag-centrales","tag-centro-de-salud-mental-de-villa-caraza","tag-destacadas","tag-hospital-municipal-ramon-carrillo","tag-lanus","tag-municipio-de-lanus","tag-salud","tag-villa-caraza"],"jetpack_publicize_connections":[],"jetpack_featured_media_url":"https:\/\/i0.wp.com\/infolanus.com\/wp-content\/uploads\/2026\/01\/lanus-amplia-el-sistema-publico-de-salud-con-un-nuevo-centro-de-salud-mental-en-villa-caraza.jpg?fit=880%2C493&ssl=1","jetpack_sharing_enabled":true,"jetpack_shortlink":"https:\/\/wp.me\/p9QtMr-2QM","_links":{"self":[{"href":"https:\/\/infolanus.com\/index.php\/wp-json\/wp\/v2\/posts\/10960","targetHints":{"allow":["GET"]}}],"collection":[{"href":"https:\/\/infolanus.com\/index.php\/wp-json\/wp\/v2\/posts"}],"about":[{"href":"https:\/\/infolanus.com\/index.php\/wp-json\/wp\/v2\/types\/post"}],"author":[{"embeddable":true,"href":"https:\/\/infolanus.com\/index.php\/wp-json\/wp\/v2\/users\/2"}],"replies":[{"embeddable":true,"href":"https:\/\/infolanus.com\/index.php\/wp-json\/wp\/v2\/comments?post=10960"}],"version-history":[{"count":0,"href":"https:\/\/infolanus.com\/index.php\/wp-json\/wp\/v2\/posts\/10960\/revisions"}],"wp:featuredmedia":[{"embeddable":true,"href":"https:\/\/infolanus.com\/index.php\/wp-json\/wp\/v2\/media\/10961"}],"wp:attachment":[{"href":"https:\/\/infolanus.com\/index.php\/wp-json\/wp\/v2\/media?parent=10960"}],"wp:term":[{"taxonomy":"category","embeddable":true,"href":"https:\/\/infolanus.com\/index.php\/wp-json\/wp\/v2\/categories?post=10960"},{"taxonomy":"post_tag","embeddable":true,"href":"https:\/\/infolanus.com\/index.php\/wp-json\/wp\/v2\/tags?post=10960"}],"curies":[{"name":"wp","href":"https:\/\/api.w.org\/{rel}","templated":true}]}}