{"id":10972,"date":"2026-01-24T18:17:00","date_gmt":"2026-01-24T21:17:00","guid":{"rendered":"https:\/\/www.ambito.com\/c6238158"},"modified":"2026-01-24T18:17:00","modified_gmt":"2026-01-24T21:17:00","slug":"protestas-y-caos-en-eeuu-tras-una-nueva-muerte-a-manos-del-ice-asesinaron-a-tiros-a-un-hombre","status":"publish","type":"post","link":"https:\/\/infolanus.com\/index.php\/2026\/01\/24\/protestas-y-caos-en-eeuu-tras-una-nueva-muerte-a-manos-del-ice-asesinaron-a-tiros-a-un-hombre\/","title":{"rendered":"Protestas y caos en EEUU tras una nueva muerte a manos del ICE: asesinaron a tiros a un hombre"},"content":{"rendered":"<p><!-- { REGION4 --> <\/p>\n<header class=\"news-headline\" readability=\"3.1583113456464\">\n<div class=\"news-headline__topics-and-date-wrapper\"> <span class=\"news-headline__publication-date\"> 24 de enero 2026 &#8211; 18:17 <\/span><\/div>\n<h2 class=\"news-headline__article-summary\" readability=\"27\">\n<p class=\"ignore-parser\">La v\u00edctima, identificada como Alex Jeffrey Pretti, muri\u00f3 tras recibir m\u00faltiples disparos durante un operativo, en el marco de la controversia por redadas migratorias que ya hab\u00edan desatado protestas semanas atr\u00e1s.<\/p>\n<\/h2>\n<\/header>\n<div class=\"detail-highlighted-multimedia content-protected-false\">\n<figure class=\"detail-highlighted-multimedia__figure\"> <img data-recalc-dims=\"1\" decoding=\"async\" src=\"https:\/\/i0.wp.com\/media.ambito.com\/p\/50621907e299661c07a0418a25b26679\/adjuntos\/239\/imagenes\/043\/123\/0043123898\/655x368\/smart\/mineapolis-1.jpg?resize=640%2C361&#038;ssl=1\" class=\"detail-highlighted-multimedia__figure-img img-fluid\" alt=\"Manifestantes se enfrentaron con fuerzas de seguridad tras la muerte de un hombre baleado durante un operativo del ICE.\" width=\"640\" height=\"361\" crossorigin=\"anonymous\" fetchpriority=\"high\" decode=\"async\"><figcaption class=\"detail-highlighted-multimedia__figcaption\" readability=\"-23.5\"> <span class=\"detail-highlighted-multimedia__copyright\">Brandon Bell \/ Gettyimages.ru<\/span><\/figcaption><\/figure>\n<\/div>\n<article class=\"article-body article-body--first-paragraph content-protected-false\" data-td-script-src=\"https:\/\/www.ambito.com\/td\/modulos\/encuestas\/js\/function-embeds-min-version-1769227623.js\" readability=\"33.964059196617\">\n<p data-start=\"711\" data-end=\"1172\">La <strong>ciudad de Mine\u00e1polis, en <a href=\"https:\/\/www.ambito.com\/mundo\/el-polemico-plan-eeuu-la-reconstruccion-la-franja-gaza-que-presento-el-yerno-donald-trump-davos-n6237960\" target=\"_blank\" rel=\"follow\">Estados Unidos<\/a><\/strong>, volvi\u00f3 a convertirse en escenario de <strong data-start=\"836\" data-end=\"857\"> protestas masivas<\/strong> luego de que <strong data-start=\"871\" data-end=\"907\">agentes federales de inmigraci\u00f3n<\/strong> mataran a tiros a un hombre este s\u00e1bado durante un operativo vinculado a las <strong data-start=\"973\" data-end=\"1064\">redadas migratorias impulsadas por el gobierno de Donald Trump<\/strong>. Ante la escalada de tensi\u00f3n y los disturbios registrados en las calles, el gobernador de Minnesota, Tim Walz, anunci\u00f3 el despliegue de efectivos de la Guardia Nacional en el estado.<\/p>\n<\/article>\n<article class=\"article-body article-body--second-paragraph content-protected-false\" readability=\"31\">\n<p data-start=\"711\" data-end=\"1172\">\u201cMinnesota est\u00e1 harta. Esto es repugnante. El presidente debe poner fin a esta operaci\u00f3n\u201d, escribi\u00f3 Walz en la red social X, al tiempo que reclam\u00f3 que <strong data-start=\"3000\" data-end=\"3046\">la investigaci\u00f3n quede en manos del estado<\/strong> y no de las agencias federales.<\/p>\n<\/article>\n<section class=\"related-news\"> <span class=\"related-news__title\">Informate m\u00e1s<\/span> <\/p>\n<div class=\"row row--eq-height\">\n<div class=\"col-12 col-md-6\">\n<article class=\"news-article news-article--landscape-news news-article--landscape-news\">\n<figure class=\"news-article__figure figure\"> <a href=\"https:\/\/www.ambito.com\/mundo\/detencion-nicolas-maduro-confirman-que-el-pentagono-probo-un-nuevo-armamento-paralizar-la-defensa-venezuela-n6238147\" target title=\"\u00e1mbito.com | Detenci\u00f3n de Nicol\u00e1s Maduro: confirman que el Pent\u00e1gono prob\u00f3 un nuevo armamento para paralizar la defensa de Venezuela\" alt=\"\u00e1mbito.com | Detenci\u00f3n de Nicol\u00e1s Maduro: confirman que el Pent\u00e1gono prob\u00f3 un nuevo armamento para paralizar la defensa de Venezuela\" rel=\"noindex nofollow noreferrer\"> <img loading=\"lazy\" decoding=\"async\" src=\"https:\/\/www.ambito.com\/css-custom\/239\/lazy.svg\" data-td-src-property=\"https:\/\/media.ambito.com\/p\/25bfdddc007b8dd5305e7d1a0af860d7\/adjuntos\/239\/imagenes\/043\/077\/0043077200\/resolucion-absoluta.jfif\" alt=\"El operativo fue coordinado por el Comando Sur y se desarroll\u00f3 durante la madrugada, con despliegue de fuerzas a\u00e9reas y especiales.\" title=\"El operativo fue coordinado por el Comando Sur y se desarroll\u00f3 durante la madrugada, con despliegue de fuerzas a\u00e9reas y especiales.\" width=\"93\" height=\"52\" class=\"news-article__figure-img figure-img img-fluid\"> <\/a><\/figure>\n<\/article><\/div>\n<div class=\"col-12 col-md-6\">\n<article class=\"news-article news-article--landscape-news news-article--landscape-news\">\n<figure class=\"news-article__figure figure\"> <a href=\"https:\/\/www.ambito.com\/mundo\/tormenta-polar-eeuu-19-estados-emergencia-alerta-180-millones-personas-y-mas-8000-vuelos-cancelados-n6238060\" target title=\"\u00e1mbito.com | Tormenta polar en EEUU: 19 estados en emergencia, alerta para 180 millones de personas y cerca de 10.000 vuelos cancelados\" alt=\"\u00e1mbito.com | Tormenta polar en EEUU: 19 estados en emergencia, alerta para 180 millones de personas y cerca de 10.000 vuelos cancelados\" rel=\"noindex nofollow noreferrer\"> <img loading=\"lazy\" decoding=\"async\" src=\"https:\/\/www.ambito.com\/css-custom\/239\/lazy.svg\" data-td-src-property=\"https:\/\/media.ambito.com\/p\/f49e665a1cc85204a9a2319a37b036b6\/adjuntos\/239\/imagenes\/043\/122\/0043122415\/93x52\/481x309:501x329\/chicago-tormenta-nieve-eeuu.jpg\" alt=\"La tormenta llev\u00f3 a que 19 estados declaren emergencia.\" title=\"La tormenta llev\u00f3 a que 19 estados declaren emergencia.\" width=\"93\" height=\"52\" class=\"news-article__figure-img figure-img img-fluid\"> <\/a><\/figure>\n<\/article><\/div>\n<\/div>\n<\/section>\n<article class=\"article-body article-body--third-paragraph content-protected-false\" readability=\"37\">\n<p data-start=\"1174\" data-end=\"1635\">La v\u00edctima fue identificada como <strong data-start=\"1207\" data-end=\"1230\">Alex Jeffrey Pretti<\/strong>, un <strong data-start=\"1235\" data-end=\"1274\">ciudadano estadounidense de 37 a\u00f1os<\/strong>, residente local, sin antecedentes penales graves y <strong data-start=\"1327\" data-end=\"1357\">propietario legal de armas<\/strong>, seg\u00fan confirm\u00f3 el jefe de la Polic\u00eda de Mine\u00e1polis, <strong data-start=\"1411\" data-end=\"1452\">Brian O\u2019Hara<\/strong>. Tras el tiroteo, <strong data-start=\"1471\" data-end=\"1510\">m\u00e1s de un centenar de manifestantes<\/strong> se concentraron en el lugar, exigieron la detenci\u00f3n de los agentes involucrados y denunciaron <strong data-start=\"1605\" data-end=\"1634\">uso excesivo de la fuerza<\/strong>.<\/p>\n<\/article>\n<article class=\"article-body article-body--fourth-paragraph content-protected-false\" readability=\"31\">\n<p data-start=\"1637\" data-end=\"1922\">Las protestas derivaron en <strong data-start=\"1664\" data-end=\"1712\">enfrentamientos con las fuerzas de seguridad<\/strong>, quema de contenedores, utilizaci\u00f3n de <strong data-start=\"1752\" data-end=\"1774\">gases lacrim\u00f3genos<\/strong> y el despliegue de <strong data-start=\"1794\" data-end=\"1817\">veh\u00edculos blindados<\/strong> para despejar las calles. Hubo varios detenidos y una fuerte presencia policial durante toda la jornada.<\/p>\n<\/article>\n<article class=\"article-body article-body--fifth-paragraph content-protected-false\" readability=\"34\">\n<h2 data-start=\"1929\" data-end=\"2000\">Versiones enfrentadas por el tiroteo y cr\u00edticas del gobierno estatal<\/h2>\n<p data-start=\"2002\" data-end=\"2334\">Desde el <strong data-start=\"2011\" data-end=\"2049\">Departamento de Seguridad Nacional<\/strong>, sostuvieron que el episodio ocurri\u00f3 durante un operativo para detener a un inmigrante buscado por agresi\u00f3n y que <strong data-start=\"2164\" data-end=\"2202\">Pretti se habr\u00eda aproximado armado<\/strong> a los agentes. Seg\u00fan esa versi\u00f3n, los efectivos intentaron desarmarlo y, ante la resistencia, <strong data-start=\"2297\" data-end=\"2333\">abrieron fuego en defensa propia<\/strong>.<\/p>\n<\/article>\n<article class=\"article-body article-body--remaining-paragraph content-protected-false\" readability=\"56.98730525101\">\n<p data-start=\"2336\" data-end=\"2746\">Sin embargo, <strong data-start=\"2349\" data-end=\"2388\">videos difundidos en redes sociales<\/strong> y verificados por medios estadounidenses muestran una secuencia distinta: el hombre aparece <strong data-start=\"2481\" data-end=\"2505\">reducido en el suelo<\/strong>, rodeado por varios agentes, y <strong data-start=\"2537\" data-end=\"2571\">sin un arma visible en la mano<\/strong> en el momento previo a los disparos. En las im\u00e1genes se escuchan <strong data-start=\"2637\" data-end=\"2681\">m\u00faltiples detonaciones en pocos segundos<\/strong>, lo que aliment\u00f3 las denuncias por un accionar desproporcionado.<\/p>\n<figure id=\"8178729-Libre-779533224_wrap\" class=\"embed_cont type_imagen\" contenteditable=\"false\">\n<p>ice (1) <span onclick=\"parent.parent.TinyMCETdcuerpo.preview_embed('8178729-Libre-779533224')\" class=\"embed_colapse less\" id=\"8178729-Libre-779533224_colapse\"><\/span> <span onclick=\"parent.parent.TinyMCETdcuerpo.delete_embed('8178729-Libre-779533224')\" class=\"embed_delete less\" id=\"8178729-Libre-779533224_delete\"><\/span><\/p>\n<div id=\"8178729-Libre-779533224_content\" class=\"embed_content\"><img loading=\"lazy\" decoding=\"async\" src=\"https:\/\/www.ambito.com\/css-custom\/239\/lazy.svg\" data-td-src-property=\"https:\/\/media.ambito.com\/p\/81efcec3ca1d7a533b9510cbc7b7a6d9\/adjuntos\/239\/imagenes\/043\/118\/0043118260\/730x0\/smart\/ice-1.jpg\" alt=\"Nuevas protestas contra el ICE en Estados Unidos, tras un nuevo asesinato.\" title=\"Nuevas protestas contra el ICE en Estados Unidos, tras un nuevo asesinato.\" width=\"730\" height=\"486\" id=\"8178729-Libre-779533224_embed\"><\/div><figcaption class=\"embed_wrapper-cont\" readability=\"1.5\">\n<div id=\"8178729-Libre-779533224_epigrafe\" class=\"embed_epigrafe\" readability=\"8\">\n<p>Nuevas protestas contra el ICE en Estados Unidos, tras un nuevo asesinato.<\/p>\n<\/div>\n<\/figcaption><\/figure>\n<h2 data-start=\"3085\" data-end=\"3144\">Redadas migratorias, antecedentes y una ciudad en alerta<\/h2>\n<p data-start=\"3146\" data-end=\"3533\">El tiroteo se produjo en un <strong data-start=\"3174\" data-end=\"3206\">clima de alta tensi\u00f3n social<\/strong>, marcado por <strong data-start=\"3220\" data-end=\"3247\">manifestaciones diarias<\/strong> desde principios de enero, <strong><a href=\"https:\/\/www.ambito.com\/mundo\/un-agente-ice-mato-una-mujer-un-operativo-quien-era-renee-good-n6232053\" target=\"_blank\" rel=\"follow\">cuando Renee Good, otra ciudadana estadounidense, muri\u00f3 baleada por un agente federal durante una redada similar.<\/a><\/strong> Ambos episodios ocurrieron a <strong data-start=\"3422\" data-end=\"3451\">poca distancia geogr\u00e1fica<\/strong> y reactivaron el debate sobre el rol de los agentes migratorios en zonas urbanas.<\/p>\n<p data-start=\"3535\" data-end=\"3836\">Las redadas a gran escala en Minnesota fueron ordenadas por la Casa Blanca a comienzos de mes, en el marco de una ofensiva migratoria que el propio Trump justific\u00f3 con denuncias de <strong data-start=\"3716\" data-end=\"3752\">malversaci\u00f3n de fondos federales<\/strong> en programas sociales y con reiteradas cr\u00edticas a comunidades migrantes del estado.<\/p>\n<p data-start=\"3838\" data-end=\"4144\">Mientras el gobierno federal defiende el accionar del <strong data-start=\"3892\" data-end=\"3899\">ICE<\/strong> y de la <strong data-start=\"3908\" data-end=\"3931\">Patrulla Fronteriza<\/strong>, autoridades locales y estatales advierten que la presencia de agentes federales <strong data-start=\"4013\" data-end=\"4054\">sin coordinaci\u00f3n con la Polic\u00eda local<\/strong> est\u00e1 generando un escenario de <strong data-start=\"4086\" data-end=\"4143\">violencia, desconfianza institucional y crisis social<\/strong>.<\/p>\n<p data-start=\"4146\" data-end=\"4378\">Con dos muertes en menos de un mes, <strong data-start=\"4182\" data-end=\"4226\">Mine\u00e1polis permanece en estado de alerta<\/strong>, con protestas activas y crecientes reclamos para que Washington <strong data-start=\"4292\" data-end=\"4326\">retire a las fuerzas federales<\/strong> y ponga fin a las redadas migratorias en la ciudad.<\/p>\n<\/article>\n<p> <!-- REGION4 } --> <\/p>\n","protected":false},"excerpt":{"rendered":"<p>24 de enero 2026 &#8211; 18:17 La v\u00edctima, identificada como Alex Jeffrey Pretti, muri\u00f3 tras recibir m\u00faltiples disparos durante un operativo, en el marco de la controversia por redadas migratorias que ya hab\u00edan desatado protestas semanas atr\u00e1s. Brandon Bell \/ Gettyimages.ru La ciudad de Mine\u00e1polis, en Estados Unidos, volvi\u00f3 a convertirse en escenario de protestas [&hellip;]<\/p>\n","protected":false},"author":2,"featured_media":10973,"comment_status":"closed","ping_status":"closed","sticky":false,"template":"","format":"standard","meta":{"jetpack_post_was_ever_published":false,"_jetpack_newsletter_access":"","_jetpack_dont_email_post_to_subs":false,"_jetpack_newsletter_tier_id":0,"_jetpack_memberships_contains_paywalled_content":false,"_jetpack_memberships_contains_paid_content":false,"footnotes":"","jetpack_publicize_message":"","jetpack_publicize_feature_enabled":true,"jetpack_social_post_already_shared":true,"jetpack_social_options":{"image_generator_settings":{"template":"highway","enabled":false},"version":2}},"categories":[20],"tags":[],"class_list":["post-10972","post","type-post","status-publish","format-standard","has-post-thumbnail","hentry","category-mundo"],"jetpack_publicize_connections":[],"jetpack_featured_media_url":"https:\/\/i0.wp.com\/infolanus.com\/wp-content\/uploads\/2026\/01\/protestas-y-caos-en-eeuu-tras-una-nueva-muerte-a-manos-del-ice-asesinaron-a-tiros-a-un-hombre.jpg?fit=655%2C368&ssl=1","jetpack_sharing_enabled":true,"jetpack_shortlink":"https:\/\/wp.me\/p9QtMr-2QY","_links":{"self":[{"href":"https:\/\/infolanus.com\/index.php\/wp-json\/wp\/v2\/posts\/10972","targetHints":{"allow":["GET"]}}],"collection":[{"href":"https:\/\/infolanus.com\/index.php\/wp-json\/wp\/v2\/posts"}],"about":[{"href":"https:\/\/infolanus.com\/index.php\/wp-json\/wp\/v2\/types\/post"}],"author":[{"embeddable":true,"href":"https:\/\/infolanus.com\/index.php\/wp-json\/wp\/v2\/users\/2"}],"replies":[{"embeddable":true,"href":"https:\/\/infolanus.com\/index.php\/wp-json\/wp\/v2\/comments?post=10972"}],"version-history":[{"count":0,"href":"https:\/\/infolanus.com\/index.php\/wp-json\/wp\/v2\/posts\/10972\/revisions"}],"wp:featuredmedia":[{"embeddable":true,"href":"https:\/\/infolanus.com\/index.php\/wp-json\/wp\/v2\/media\/10973"}],"wp:attachment":[{"href":"https:\/\/infolanus.com\/index.php\/wp-json\/wp\/v2\/media?parent=10972"}],"wp:term":[{"taxonomy":"category","embeddable":true,"href":"https:\/\/infolanus.com\/index.php\/wp-json\/wp\/v2\/categories?post=10972"},{"taxonomy":"post_tag","embeddable":true,"href":"https:\/\/infolanus.com\/index.php\/wp-json\/wp\/v2\/tags?post=10972"}],"curies":[{"name":"wp","href":"https:\/\/api.w.org\/{rel}","templated":true}]}}