{"id":10981,"date":"2026-01-24T13:08:23","date_gmt":"2026-01-24T16:08:23","guid":{"rendered":"https:\/\/www.inforegion.com.ar\/?p=355322"},"modified":"2026-01-24T13:08:23","modified_gmt":"2026-01-24T16:08:23","slug":"quirofano-movil-en-lanus-todo-lo-que-tenes-que-saber-para-castrar-a-tu-mascota","status":"publish","type":"post","link":"https:\/\/infolanus.com\/index.php\/2026\/01\/24\/quirofano-movil-en-lanus-todo-lo-que-tenes-que-saber-para-castrar-a-tu-mascota\/","title":{"rendered":"Quir\u00f3fano m\u00f3vil en Lan\u00fas: todo lo que ten\u00e9s que saber para castrar a tu mascota"},"content":{"rendered":"<div><img data-recalc-dims=\"1\" decoding=\"async\" src=\"https:\/\/i0.wp.com\/www.inforegion.com.ar\/wp-content\/uploads\/2026\/01\/img-20260123-wa0025-Mncqt-e1769266157593.jpg?w=640&#038;ssl=1\" class=\"ff-og-image-inserted\"><\/div>\n<p>El Municipio de Lan\u00fas inform\u00f3 que <strong>el quir\u00f3fano m\u00f3vil, para realizar castraciones de mascotas, se emplazar\u00e1 la semana pr\u00f3xima en el parque General San Mart\u00edn<\/strong> de Valent\u00edn Alsina. Las intervenciones ser\u00e1n a partir del martes, pero el lunes se otorgan los turnos.<\/p>\n<p>\u201c<strong>El lunes 26 de enero, desde las 9 y hasta agotar cupos, se otorgar\u00e1n nuevos turnos presenciales para realizar castraciones gratuitas de perros y gatos<\/strong> en el Quir\u00f3fano M\u00f3vil del Parque Municipal General San Mart\u00edn, situado en la calle Coronel Sayos N\u00b0 2302, en Valent\u00edn Alsina. <strong>Las intervenciones quir\u00fargicas se concretar\u00e1n desde el martes 27 al viernes 30<\/strong>\u201c, inform\u00f3 la Comuna.<\/p>\n<p>Los vecinos interesados deber\u00e1n <strong>presentarse con DNI<\/strong> para certificar domicilio en la ciudad y la actividad <strong>se suspende por lluvia<\/strong>. <\/p>\n<h2 class=\"wp-block-heading\">Todo lo que ten\u00e9s que saber<\/h2>\n<p>Los requisitos, <strong>en el caso de gatos y gatas, incluyen tener un peso a partir de los dos kilos, y en perros y perras de cuatro a 25 kilos<\/strong>; una edad de seis meses a ocho a\u00f1os en gatas y perras, y de ocho meses a ocho a\u00f1os en gatos y perros.<\/p>\n<p>Adem\u00e1s, el Municipio aclara que <strong>en celo<\/strong>, deben concurrir dentro de los 15 d\u00edas posteriores a la finalizaci\u00f3n del mismo; pre\u00f1adas <strong>hasta los 30 d\u00edas de gestaci\u00f3n<\/strong> y, en postparto, tienen que concurrir <strong>dos meses despu\u00e9s de la parici\u00f3n<\/strong>.<\/p>\n<p>\u201c<strong>No se castrar\u00e1n braquic\u00e9falos ni a sus mestizos (trompa chata)<\/strong>. Previamente, los animales ser\u00e1n evaluados para verificar su estado de salud\u201d, aclararon las autoridades. <\/p>\n<p>A su vez, se inform\u00f3 que <strong>se aplicar\u00e1n vacunas antirr\u00e1bicas sin turno previo<\/strong>, de lunes a viernes de 9 a 12.<\/p>\n","protected":false},"excerpt":{"rendered":"<p>El Municipio de Lan\u00fas inform\u00f3 que el quir\u00f3fano m\u00f3vil, para realizar castraciones de mascotas, se emplazar\u00e1 la semana pr\u00f3xima en el parque General San Mart\u00edn de Valent\u00edn Alsina. Las intervenciones ser\u00e1n a partir del martes, pero el lunes se otorgan los turnos. \u201cEl lunes 26 de enero, desde las 9 y hasta agotar cupos, se [&hellip;]<\/p>\n","protected":false},"author":2,"featured_media":10982,"comment_status":"closed","ping_status":"closed","sticky":false,"template":"","format":"standard","meta":{"jetpack_post_was_ever_published":false,"_jetpack_newsletter_access":"","_jetpack_dont_email_post_to_subs":false,"_jetpack_newsletter_tier_id":0,"_jetpack_memberships_contains_paywalled_content":false,"_jetpack_memberships_contains_paid_content":false,"footnotes":"","jetpack_publicize_message":"","jetpack_publicize_feature_enabled":true,"jetpack_social_post_already_shared":true,"jetpack_social_options":{"image_generator_settings":{"template":"highway","enabled":false},"version":2}},"categories":[19],"tags":[1276,774,23,878,788],"class_list":["post-10981","post","type-post","status-publish","format-standard","has-post-thumbnail","hentry","category-municipio","tag-castraciones","tag-destacadas","tag-lanus","tag-municipalidad-de-lanus","tag-sociedad"],"jetpack_publicize_connections":[],"jetpack_featured_media_url":"https:\/\/i0.wp.com\/infolanus.com\/wp-content\/uploads\/2026\/01\/quirofano-movil-en-lanus-todo-lo-que-tenes-que-saber-para-castrar-a-tu-mascota.jpg?fit=1445%2C813&ssl=1","jetpack_sharing_enabled":true,"jetpack_shortlink":"https:\/\/wp.me\/p9QtMr-2R7","_links":{"self":[{"href":"https:\/\/infolanus.com\/index.php\/wp-json\/wp\/v2\/posts\/10981","targetHints":{"allow":["GET"]}}],"collection":[{"href":"https:\/\/infolanus.com\/index.php\/wp-json\/wp\/v2\/posts"}],"about":[{"href":"https:\/\/infolanus.com\/index.php\/wp-json\/wp\/v2\/types\/post"}],"author":[{"embeddable":true,"href":"https:\/\/infolanus.com\/index.php\/wp-json\/wp\/v2\/users\/2"}],"replies":[{"embeddable":true,"href":"https:\/\/infolanus.com\/index.php\/wp-json\/wp\/v2\/comments?post=10981"}],"version-history":[{"count":0,"href":"https:\/\/infolanus.com\/index.php\/wp-json\/wp\/v2\/posts\/10981\/revisions"}],"wp:featuredmedia":[{"embeddable":true,"href":"https:\/\/infolanus.com\/index.php\/wp-json\/wp\/v2\/media\/10982"}],"wp:attachment":[{"href":"https:\/\/infolanus.com\/index.php\/wp-json\/wp\/v2\/media?parent=10981"}],"wp:term":[{"taxonomy":"category","embeddable":true,"href":"https:\/\/infolanus.com\/index.php\/wp-json\/wp\/v2\/categories?post=10981"},{"taxonomy":"post_tag","embeddable":true,"href":"https:\/\/infolanus.com\/index.php\/wp-json\/wp\/v2\/tags?post=10981"}],"curies":[{"name":"wp","href":"https:\/\/api.w.org\/{rel}","templated":true}]}}