{"id":10987,"date":"2026-01-26T18:23:33","date_gmt":"2026-01-26T21:23:33","guid":{"rendered":"https:\/\/www.inforegion.com.ar\/?p=355454"},"modified":"2026-01-26T18:23:33","modified_gmt":"2026-01-26T21:23:33","slug":"lanus-cayo-uno-de-los-dos-acusados-del-ataque-a-tiros-a-un-padre-y-su-hijo-en-avellaneda","status":"publish","type":"post","link":"https:\/\/infolanus.com\/index.php\/2026\/01\/26\/lanus-cayo-uno-de-los-dos-acusados-del-ataque-a-tiros-a-un-padre-y-su-hijo-en-avellaneda\/","title":{"rendered":"Lan\u00fas: cay\u00f3 uno de los dos acusados del ataque a tiros a un padre y su hijo en Avellaneda"},"content":{"rendered":"<div><img data-recalc-dims=\"1\" decoding=\"async\" src=\"https:\/\/i0.wp.com\/www.inforegion.com.ar\/wp-content\/uploads\/2026\/01\/tiroteo-avellaneda.jpg?w=640&#038;ssl=1\" class=\"ff-og-image-inserted\"><\/div>\n<p>La Justicia logr\u00f3 un avance en la investigaci\u00f3n del violento ataque a tiros que sufrieron un padre y su hijo a fines de noviembre en Avellaneda al <strong>detener hoy a Hugo Osvaldo Coman, de 24 a\u00f1os, tras un operativo en Lan\u00fas, acusado de ser uno de los dos autores materiales del hecho<\/strong>. Su c\u00f3mplice, Leandro Agust\u00edn Herrera, permanece pr\u00f3fugo y es buscado activamente.<\/p>\n<p>El episodio bajo investigaci\u00f3n ocurri\u00f3 el 26 de noviembre de 2025 cuando Jorge Luis Barraza (30) y su hijo sal\u00edan de su vivienda cuando fueron interceptados por dos individuos que circulaban en un Volkswagen Fox gris. <strong>Sin mediar palabra, los atacantes dispararon contra ambos. <\/strong>Barraza recibi\u00f3 un balazo en el rostro, fue operado de urgencia y luego dado de alta, mientras que su hijo result\u00f3 ileso.<\/p>\n<h2 class=\"wp-block-heading\">La investigaci\u00f3n y el operativo<\/h2>\n<p>A partir de la denuncia, la SubDDI Lan\u00fas, con apoyo del Grupo T\u00e1ctico de Operaciones de la Comisar\u00eda 5ta, analiz\u00f3 <strong>filmaciones de c\u00e1maras de seguridad del \u00e1rea.<\/strong> El trabajo permiti\u00f3 identificar el veh\u00edculo y a los dos sospechosos.<\/p>\n<p>Con esas pruebas, la UFIYJ N\u00b06 de Avellaneda, a cargo del fiscal Mart\u00edn Rodr\u00edguez, o<strong>rden\u00f3 tres allanamientos y las detenciones correspondientes. <\/strong>Los procedimientos se desplegaron este lunes en domicilios de Lan\u00fas y Lomas de Zamora.<\/p>\n<h2 class=\"wp-block-heading\">Elementos secuestrados<\/h2>\n<p>Durante los operativos, las fuerzas de seguridad no solo lograron la captura de Coman, sino que tambi\u00e9n <strong>secuestraron el Volkswagen Fox gris utilizado en el ataque; una pistola que ten\u00eda pedido de secuestro previo; <\/strong>diez tel\u00e9fonos celulares, y 4 cartuchos calibre 9 mm.<\/p>\n<h2 class=\"wp-block-heading\">B\u00fasqueda del pr\u00f3fugo y pr\u00f3ximos pasos<\/h2>\n<p>Mientras Coman queda a disposici\u00f3n de la Justicia, las fuerzas policiales <strong>redoblan los esfuerzos para encontrar a Leandro Agust\u00edn Herrera,<\/strong> el segundo acusado, quien evade la captura.<\/p>\n<p>La causa contin\u00faa bajo la \u00f3rbita de la fiscal\u00eda de Avellaneda, que avanza con las diligencias para completar la imputaci\u00f3n y <strong>determinar con precisi\u00f3n el rol que habr\u00eda tenido cada uno de los involucrados en el violento ataque<\/strong> armado.<\/p>\n","protected":false},"excerpt":{"rendered":"<p>La Justicia logr\u00f3 un avance en la investigaci\u00f3n del violento ataque a tiros que sufrieron un padre y su hijo a fines de noviembre en Avellaneda al detener hoy a Hugo Osvaldo Coman, de 24 a\u00f1os, tras un operativo en Lan\u00fas, acusado de ser uno de los dos autores materiales del hecho. Su c\u00f3mplice, Leandro [&hellip;]<\/p>\n","protected":false},"author":2,"featured_media":10988,"comment_status":"closed","ping_status":"closed","sticky":false,"template":"","format":"standard","meta":{"jetpack_post_was_ever_published":false,"_jetpack_newsletter_access":"","_jetpack_dont_email_post_to_subs":false,"_jetpack_newsletter_tier_id":0,"_jetpack_memberships_contains_paywalled_content":false,"_jetpack_memberships_contains_paid_content":false,"footnotes":"","jetpack_publicize_message":"","jetpack_publicize_feature_enabled":true,"jetpack_social_post_already_shared":true,"jetpack_social_options":{"image_generator_settings":{"template":"highway","enabled":false},"version":2}},"categories":[19,547],"tags":[488,801,773,774,707,23,822],"class_list":["post-10987","post","type-post","status-publish","format-standard","has-post-thumbnail","hentry","category-municipio","category-policiales","tag-allanamientos","tag-avellaneda","tag-centrales","tag-destacadas","tag-detencion","tag-lanus","tag-policiales"],"jetpack_publicize_connections":[],"jetpack_featured_media_url":"https:\/\/i0.wp.com\/infolanus.com\/wp-content\/uploads\/2026\/01\/lanus-cayo-uno-de-los-dos-acusados-del-ataque-a-tiros-a-un-padre-y-su-hijo-en-avellaneda.jpg?fit=679%2C381&ssl=1","jetpack_sharing_enabled":true,"jetpack_shortlink":"https:\/\/wp.me\/p9QtMr-2Rd","_links":{"self":[{"href":"https:\/\/infolanus.com\/index.php\/wp-json\/wp\/v2\/posts\/10987","targetHints":{"allow":["GET"]}}],"collection":[{"href":"https:\/\/infolanus.com\/index.php\/wp-json\/wp\/v2\/posts"}],"about":[{"href":"https:\/\/infolanus.com\/index.php\/wp-json\/wp\/v2\/types\/post"}],"author":[{"embeddable":true,"href":"https:\/\/infolanus.com\/index.php\/wp-json\/wp\/v2\/users\/2"}],"replies":[{"embeddable":true,"href":"https:\/\/infolanus.com\/index.php\/wp-json\/wp\/v2\/comments?post=10987"}],"version-history":[{"count":0,"href":"https:\/\/infolanus.com\/index.php\/wp-json\/wp\/v2\/posts\/10987\/revisions"}],"wp:featuredmedia":[{"embeddable":true,"href":"https:\/\/infolanus.com\/index.php\/wp-json\/wp\/v2\/media\/10988"}],"wp:attachment":[{"href":"https:\/\/infolanus.com\/index.php\/wp-json\/wp\/v2\/media?parent=10987"}],"wp:term":[{"taxonomy":"category","embeddable":true,"href":"https:\/\/infolanus.com\/index.php\/wp-json\/wp\/v2\/categories?post=10987"},{"taxonomy":"post_tag","embeddable":true,"href":"https:\/\/infolanus.com\/index.php\/wp-json\/wp\/v2\/tags?post=10987"}],"curies":[{"name":"wp","href":"https:\/\/api.w.org\/{rel}","templated":true}]}}