{"id":10993,"date":"2026-01-26T09:13:03","date_gmt":"2026-01-26T12:13:03","guid":{"rendered":"https:\/\/www.inforegion.com.ar\/?p=355388"},"modified":"2026-01-26T09:13:03","modified_gmt":"2026-01-26T12:13:03","slug":"corte-de-transito-en-una-arteria-clave-de-lanus","status":"publish","type":"post","link":"https:\/\/infolanus.com\/index.php\/2026\/01\/26\/corte-de-transito-en-una-arteria-clave-de-lanus\/","title":{"rendered":"Corte de tr\u00e1nsito en una arteria clave de Lan\u00fas"},"content":{"rendered":"<div><img data-recalc-dims=\"1\" decoding=\"async\" src=\"https:\/\/i0.wp.com\/www.inforegion.com.ar\/wp-content\/uploads\/2026\/01\/lanuscorte.jpg?w=640&#038;ssl=1\" class=\"ff-og-image-inserted\"><\/div>\n<p>El Municipio de Lan\u00fas inform\u00f3 que <strong>la zona de las avenidas Hip\u00f3lito Yrigoyen y Ra\u00fal Alfons\u00edn de Lan\u00fas permanecer\u00e1 cerrada al tr\u00e1nsito<\/strong> durante casi todo el lunes y el martes.<\/p>\n<p>Las autoridades precisaron que se trata de un \u201ccorte parcial\u201d y aunque no se informaron los motivos del operativo, se estima obedece a obras que se realizan en la zona.<\/p>\n<p><strong>El corte es \u201cde 7:30 a 20:30 durante el lunes 26 de enero en sentido hacia Avellaneda y el martes 27 de enero en sentido a Lomas de Zamora\u201d.<\/strong><\/p>\n","protected":false},"excerpt":{"rendered":"<p>El Municipio de Lan\u00fas inform\u00f3 que la zona de las avenidas Hip\u00f3lito Yrigoyen y Ra\u00fal Alfons\u00edn de Lan\u00fas permanecer\u00e1 cerrada al tr\u00e1nsito durante casi todo el lunes y el martes. Las autoridades precisaron que se trata de un \u201ccorte parcial\u201d y aunque no se informaron los motivos del operativo, se estima obedece a obras que [&hellip;]<\/p>\n","protected":false},"author":2,"featured_media":10994,"comment_status":"closed","ping_status":"closed","sticky":false,"template":"","format":"standard","meta":{"jetpack_post_was_ever_published":false,"_jetpack_newsletter_access":"","_jetpack_dont_email_post_to_subs":false,"_jetpack_newsletter_tier_id":0,"_jetpack_memberships_contains_paywalled_content":false,"_jetpack_memberships_contains_paid_content":false,"footnotes":"","jetpack_publicize_message":"","jetpack_publicize_feature_enabled":true,"jetpack_social_post_already_shared":true,"jetpack_social_options":{"image_generator_settings":{"template":"highway","enabled":false},"version":2}},"categories":[19],"tags":[773,1073,774,23,788,74],"class_list":["post-10993","post","type-post","status-publish","format-standard","has-post-thumbnail","hentry","category-municipio","tag-centrales","tag-corte","tag-destacadas","tag-lanus","tag-sociedad","tag-transito"],"jetpack_publicize_connections":[],"jetpack_featured_media_url":"https:\/\/i0.wp.com\/infolanus.com\/wp-content\/uploads\/2026\/01\/corte-de-transito-en-una-arteria-clave-de-lanus.jpg?fit=1200%2C675&ssl=1","jetpack_sharing_enabled":true,"jetpack_shortlink":"https:\/\/wp.me\/p9QtMr-2Rj","_links":{"self":[{"href":"https:\/\/infolanus.com\/index.php\/wp-json\/wp\/v2\/posts\/10993","targetHints":{"allow":["GET"]}}],"collection":[{"href":"https:\/\/infolanus.com\/index.php\/wp-json\/wp\/v2\/posts"}],"about":[{"href":"https:\/\/infolanus.com\/index.php\/wp-json\/wp\/v2\/types\/post"}],"author":[{"embeddable":true,"href":"https:\/\/infolanus.com\/index.php\/wp-json\/wp\/v2\/users\/2"}],"replies":[{"embeddable":true,"href":"https:\/\/infolanus.com\/index.php\/wp-json\/wp\/v2\/comments?post=10993"}],"version-history":[{"count":0,"href":"https:\/\/infolanus.com\/index.php\/wp-json\/wp\/v2\/posts\/10993\/revisions"}],"wp:featuredmedia":[{"embeddable":true,"href":"https:\/\/infolanus.com\/index.php\/wp-json\/wp\/v2\/media\/10994"}],"wp:attachment":[{"href":"https:\/\/infolanus.com\/index.php\/wp-json\/wp\/v2\/media?parent=10993"}],"wp:term":[{"taxonomy":"category","embeddable":true,"href":"https:\/\/infolanus.com\/index.php\/wp-json\/wp\/v2\/categories?post=10993"},{"taxonomy":"post_tag","embeddable":true,"href":"https:\/\/infolanus.com\/index.php\/wp-json\/wp\/v2\/tags?post=10993"}],"curies":[{"name":"wp","href":"https:\/\/api.w.org\/{rel}","templated":true}]}}