{"id":11201,"date":"2026-03-04T17:55:37","date_gmt":"2026-03-04T20:55:37","guid":{"rendered":"https:\/\/infolanus.com\/index.php\/2026\/03\/04\/apoyo-de-psg-a-hakimi-que-sera-juzgado-por-violacion\/"},"modified":"2026-03-04T17:55:37","modified_gmt":"2026-03-04T20:55:37","slug":"apoyo-de-psg-a-hakimi-que-sera-juzgado-por-violacion","status":"publish","type":"post","link":"https:\/\/infolanus.com\/index.php\/2026\/03\/04\/apoyo-de-psg-a-hakimi-que-sera-juzgado-por-violacion\/","title":{"rendered":"Apoyo de PSG a Hakimi, que ser\u00e1 juzgado por violaci\u00f3n"},"content":{"rendered":"<div class=\"media_block\"><\/div>\n<p>Desde el inicio del caso y la imputaci\u00f3n en <strong>marzo de 2023<\/strong> del defensa marroqu\u00ed <strong><a target=\"_blank\" href=\"https:\/\/442.perfil.com\/noticias\/futbol\/achraf-hakimi-futbolista-de-psg-fue-acusado-formalmente-por-violacion.phtml\">Achraf Hakimi<\/a><\/strong> por la violaci\u00f3n de una mujer de <strong>24 a\u00f1os<\/strong>, el equipo expres\u00f3 en un comunicado que estaba &#8220;<em>al lado del jugador, que ha desmentido firmemente las acusaciones y conf\u00eda en la justicia<\/em>&#8220;.<\/p>\n<p>El martes pasado, tras anunciarse que <strong>Hakimi<\/strong>, de <strong>27 a\u00f1os<\/strong>, ser\u00e1 juzgado, el <strong>PSG<\/strong> no hizo ning\u00fan comentario oficial, pero en privado trata de proteger a su segundo capit\u00e1n, invocando la <strong>presunci\u00f3n de inocencia<\/strong>. \u201c<em>Est\u00e1 en manos de la justicia<\/em>\u201d, declar\u00f3 escuetamente su entrenador, el espa\u00f1ol <strong>Luis Enrique<\/strong>. Una estrategia \u201c<em>l\u00f3gica<\/em>\u201d hasta la sentencia, seg\u00fan dos especialistas en marketing deportivo consultados por la <strong>AFP<\/strong>.<\/p>\n<figure class=\"image\"><img data-recalc-dims=\"1\" decoding=\"async\" alt=\"Achraf Hakimi\" src=\"https:\/\/i0.wp.com\/fotos.perfil.com\/\/2026\/02\/24\/900\/0\/achraf-hakimi-2191251.jpg?w=640&#038;ssl=1\" loading=\"lazy\"><figcaption>Achraf Hakimi<\/figcaption><\/figure>\n<h2><strong>Presunci\u00f3n de inocencia<\/strong><\/h2>\n<p>\u201c<em>Es una cuesti\u00f3n de confianza del empleador hacia su empleado y es complicado para un club sancionar a un jugador de manera preventiva<\/em>\u201d, explic\u00f3 <strong>Vincent Chaudel<\/strong>, fundador del <em>Observatoire du Sport Business<\/em>.<\/p>\n<p>Pero \u201c<em>el PSG podr\u00eda haber reafirmado sus principios con mayor claridad y recordar que, si un jugador es condenado por actos de violencia, no tiene nada que hacer en el seno de la instituci\u00f3n, que est\u00e1 por encima de los jugadores<\/em>\u201d, agreg\u00f3 <strong>Bruno Bianzina<\/strong>, director de la agencia <em>Sport Market<\/em>. El <strong>PSG<\/strong> tambi\u00e9n podr\u00eda \u201c<em>recordar que, en caso de condena, el club tomar\u00e1 medidas r\u00e1pidamente<\/em>\u201d, insisti\u00f3 <strong>Bianzina<\/strong>.<\/p>\n<figure class=\"image\"><img data-recalc-dims=\"1\" decoding=\"async\" alt=\"Apoyo a Hakimi en PSG\" src=\"https:\/\/i0.wp.com\/fotos.perfil.com\/\/2026\/03\/04\/900\/0\/apoyo-a-hakimi-en-psg-2196756.jpg?w=640&#038;ssl=1\" loading=\"lazy\"><figcaption>Apoyo a Hakimi en PSG<\/figcaption><\/figure>\n<p>Al d\u00eda siguiente de la confirmaci\u00f3n del enjuiciamiento a <strong>Hakimi<\/strong>, <strong>Luis Enrique<\/strong> aline\u00f3 al lateral derecho en el partido de la <strong>Liga de Campeones de Europa<\/strong> contra el <strong>M\u00f3naco<\/strong> y el s\u00e1bado siguiente le confi\u00f3 el brazalete de capit\u00e1n contra <strong>Le Havre<\/strong> en la <strong>Ligue 1<\/strong> por la ausencia del brasile\u00f1o <strong>Marquinhos<\/strong>.<\/p>\n<p><strong>Hakimi<\/strong>, capit\u00e1n de la selecci\u00f3n de <strong>Marruecos<\/strong>, recibi\u00f3 tambi\u00e9n el respaldo del <em>Collectif Ultra Paris<\/em>, el principal grupo de aficionados, con la pancarta \u201c<em>Achraf, apoyo total<\/em>\u201d y c\u00e1nticos en su honor.&nbsp;<em>Gracias por el apoyo<\/em>\u201d, reaccion\u00f3 el jugador en <strong>Instagram<\/strong>.<\/p>\n<p>Seg\u00fan una fuente cercana al caso, el respaldo de los ultras es un \u201c<em>acto bastante normal porque es una estrella del PSG, pero choca con el debate social; es la misma situaci\u00f3n que con los c\u00e1nticos insultantes y llenos de odio, que para los ultras son simples provocaciones<\/em>\u201d. El club se encuentra atrapado entre estos dos mundos, a\u00f1adi\u00f3 la misma fuente.<\/p>\n<p class=\"destacadoNota\"><a target=\"_blank\" href=\"https:\/\/442.perfil.com\/noticias\/fuera-de-juego\/achraf-hakimi-sera-juzgado-en-francia-por-una-denuncia-de-violacion-presentada-en-2023.phtml\">Achraf Hakimi ser\u00e1 juzgado en Francia por una denuncia de violaci\u00f3n presentada en 2023<\/a><\/p>\n<h2><strong>&#8220;Insulto a las v\u00edctimas&#8221;<\/strong><\/h2>\n<p>\u201c<em>Esta pancarta es un insulto a las v\u00edctimas de violaci\u00f3n. Se niega a la v\u00edctima, se ovaciona al acusado. La lucha contra las violencias sexuales a\u00fan no ha hecho su camino en el mundo del f\u00fatbol masculino<\/em>\u201d, critic\u00f3 por su parte la abogada de la v\u00edctima, <strong>Rachel-Flore Pardo<\/strong>.<\/p>\n<p>Para <strong>Alice Coffin<\/strong>, militante feminista, estas muestras de solidaridad \u201c<em>pueden ser elementos desencadenantes de movilizaci\u00f3n porque muestran una impunidad<\/em>\u201d. \u201c<em>Es tambi\u00e9n el s\u00edmbolo de una defensa corporativa y de mecanismos de protecci\u00f3n<\/em>\u201d, a\u00f1adi\u00f3, compar\u00e1ndolo con la reacci\u00f3n del mundo del cine cuando el director <strong>Roman Polanski<\/strong>, acusado de violaciones y agresiones sexuales por varias mujeres, recibi\u00f3 un <strong>C\u00e9sar<\/strong> en <strong>2020<\/strong>.<\/p>\n<figure class=\"image\"><img data-recalc-dims=\"1\" decoding=\"async\" alt=\"Hakimi vs Arsenal\" src=\"https:\/\/i0.wp.com\/fotos.perfil.com\/\/2025\/05\/07\/900\/0\/hakimi-vs-arsenal-2018525.jpg?w=640&#038;ssl=1\" loading=\"lazy\"><figcaption>Hakimi<\/figcaption><\/figure>\n<p>En lo que respecta a los patrocinadores, todos los consultados coinciden en que nada cambiar\u00e1. Dada la potencia de imagen de <strong>Hakimi<\/strong> para el club, es l\u00f3gico \u201c<em>darle protagonismo en campa\u00f1as publicitarias ya previstas<\/em>\u201d, detalla <strong>Vincent Chaudel<\/strong>, aunque \u201c<em>quiz\u00e1 habr\u00e1 que imaginar algunos cambios para evitar una mala publicidad<\/em>\u201d.<\/p>\n<p>El domingo, el internacional marroqu\u00ed particip\u00f3 en una sesi\u00f3n de fotos en el <strong>Campus PSG<\/strong> en el marco de una campa\u00f1a publicitaria, seg\u00fan otra fuente cercana al caso. Para <strong>Bruno Bianzina<\/strong>, los patrocinadores est\u00e1n en el <strong>PSG<\/strong> \u201c<em>por la capacidad de atracci\u00f3n y la fuerza medi\u00e1tica del club (valorado en unos 4.200 millones de euros) m\u00e1s que por su respeto de compromisos sociales<\/em>\u201d.<\/p>\n<p>La cuesti\u00f3n ser\u00e1 saber \u201c<em>si los patrocinadores del equipo femenino, que en algunos casos son distintos, expresar\u00e1n su descontento con la postura del club<\/em>\u201d. Contactados por la <strong>AFP<\/strong>, la marca de equipamiento <strong>Under Armour<\/strong> \u2014de la que <strong>Achraf Hakimi<\/strong> es uno de sus embajadores\u2014 no respondi\u00f3 a las solicitudes, al igual que la <strong>Federaci\u00f3n Marroqu\u00ed de F\u00fatbol<\/strong> ni el <strong>PSG<\/strong>.<\/p>\n<p> <!-- tags --> <\/p>\n","protected":false},"excerpt":{"rendered":"<p>Desde el inicio del caso y la imputaci\u00f3n en marzo de 2023 del defensa marroqu\u00ed Achraf Hakimi por la violaci\u00f3n de una mujer de 24 a\u00f1os, el equipo expres\u00f3 en un comunicado que estaba &#8220;al lado del jugador, que ha desmentido firmemente las acusaciones y conf\u00eda en la justicia&#8220;. El martes pasado, tras anunciarse que [&hellip;]<\/p>\n","protected":false},"author":2,"featured_media":11202,"comment_status":"closed","ping_status":"closed","sticky":false,"template":"","format":"standard","meta":{"jetpack_post_was_ever_published":false,"_jetpack_newsletter_access":"","_jetpack_dont_email_post_to_subs":false,"_jetpack_newsletter_tier_id":0,"_jetpack_memberships_contains_paywalled_content":false,"_jetpack_memberships_contains_paid_content":false,"footnotes":"","jetpack_publicize_message":"","jetpack_publicize_feature_enabled":true,"jetpack_social_post_already_shared":true,"jetpack_social_options":{"image_generator_settings":{"template":"highway","enabled":false},"version":2}},"categories":[17],"tags":[],"class_list":["post-11201","post","type-post","status-publish","format-standard","has-post-thumbnail","hentry","category-deportes"],"jetpack_publicize_connections":[],"jetpack_featured_media_url":"https:\/\/i0.wp.com\/infolanus.com\/wp-content\/uploads\/2026\/03\/apoyo-de-psg-a-hakimi-que-sera-juzgado-por-violacion.jpg?fit=900%2C506&ssl=1","jetpack_sharing_enabled":true,"jetpack_shortlink":"https:\/\/wp.me\/p9QtMr-2UF","_links":{"self":[{"href":"https:\/\/infolanus.com\/index.php\/wp-json\/wp\/v2\/posts\/11201","targetHints":{"allow":["GET"]}}],"collection":[{"href":"https:\/\/infolanus.com\/index.php\/wp-json\/wp\/v2\/posts"}],"about":[{"href":"https:\/\/infolanus.com\/index.php\/wp-json\/wp\/v2\/types\/post"}],"author":[{"embeddable":true,"href":"https:\/\/infolanus.com\/index.php\/wp-json\/wp\/v2\/users\/2"}],"replies":[{"embeddable":true,"href":"https:\/\/infolanus.com\/index.php\/wp-json\/wp\/v2\/comments?post=11201"}],"version-history":[{"count":0,"href":"https:\/\/infolanus.com\/index.php\/wp-json\/wp\/v2\/posts\/11201\/revisions"}],"wp:featuredmedia":[{"embeddable":true,"href":"https:\/\/infolanus.com\/index.php\/wp-json\/wp\/v2\/media\/11202"}],"wp:attachment":[{"href":"https:\/\/infolanus.com\/index.php\/wp-json\/wp\/v2\/media?parent=11201"}],"wp:term":[{"taxonomy":"category","embeddable":true,"href":"https:\/\/infolanus.com\/index.php\/wp-json\/wp\/v2\/categories?post=11201"},{"taxonomy":"post_tag","embeddable":true,"href":"https:\/\/infolanus.com\/index.php\/wp-json\/wp\/v2\/tags?post=11201"}],"curies":[{"name":"wp","href":"https:\/\/api.w.org\/{rel}","templated":true}]}}