{"id":11208,"date":"2026-03-05T17:00:33","date_gmt":"2026-03-05T20:00:33","guid":{"rendered":"https:\/\/www.inforegion.com.ar\/?p=357689"},"modified":"2026-03-05T17:00:33","modified_gmt":"2026-03-05T20:00:33","slug":"lanus-motochorros-balearon-a-un-suboficial-de-la-prefectura-naval","status":"publish","type":"post","link":"https:\/\/infolanus.com\/index.php\/2026\/03\/05\/lanus-motochorros-balearon-a-un-suboficial-de-la-prefectura-naval\/","title":{"rendered":"Lan\u00fas: Motochorros balearon a un suboficial de la Prefectura Naval"},"content":{"rendered":"<div><img data-recalc-dims=\"1\" decoding=\"async\" src=\"https:\/\/i0.wp.com\/www.inforegion.com.ar\/wp-content\/uploads\/2026\/03\/baleado.jpg?w=640&#038;ssl=1\" class=\"ff-og-image-inserted\"><\/div>\n<p>Un cabo primero de la Prefectura Naval Argentina, de 31 a\u00f1os, fue <strong>herido en un tiroteo que entabl\u00f3 con dos motochorros que intentaron robarle la motocicleta<\/strong>, en un suceso que se registr\u00f3 Valent\u00edn Alsina, partido de Lan\u00fas, y en el que el suboficial bale\u00f3 a uno de los asaltantes quienes fueron detenidos por la polic\u00eda.<\/p>\n<p>Los hechos comenzaron <strong>en el cruce de la avenida Presidente Bernardino Rivadavia y Liniers, <\/strong>cuando los ladrones, que se movilizaban en moto, interceptaron a la v\u00edctima, identificada como Lucas Juan C\u00e1ceres, quien se hallaba de franco y vestido de civil, para robarle la moto Honda XR de 250ccc, que conduc\u00eda el damnificado.<\/p>\n<p>En esa circunstancia, <strong>C\u00e1ceres resolvi\u00f3 ofrecer resistencia y se enfrent\u00f3 a disparos <\/strong>con los individuos, oportunidad en la que result\u00f3 herido en la regi\u00f3n tor\u00e1cica y, por tal motivo, debi\u00f3 ser conducido de urgencia al Hospital Interzonal General de Agudos Evita.<\/p>\n<p>M\u00e9dicos del centro asistencial operaron al cabo 1\u00b0 y posteriormente <strong>lo enviaron al Hospital Sirio Liban\u00e9s, <\/strong>en el barrio porte\u00f1o de Villa Pueyrred\u00f3n, donde fue sometido a una nueva intervenci\u00f3n quir\u00fargica, tras padecer una hemorragia en el pulm\u00f3n derecho.<\/p>\n<p>En tanto, uno de los implicados, de 16 a\u00f1os y que hab\u00eda sido baleado en una pierna en ese tiroteo, fue apresado minutos m\u00e1s tarde por las autoridades en la<strong> Unidad de Pronta Atenci\u00f3n UPA 3, ubicada en la intersecci\u00f3n de Coronel Osorio y pasaje Aguirre y, posteriormente derivado <\/strong>al Centro de Menores Almafuerte.<\/p>\n<p>Adem\u00e1s, integrantes de la Direcci\u00f3n Departamental de Investigaciones <strong>lograron capturar el martes al restante sospechoso, de 18 a\u00f1os<\/strong>, como saldo de un allanamiento.<\/p>\n<p>Intervino en la causa penal, que preventivamente se mantiene caratulada <strong>\u201cTentativa de homicidio agravado y tentativa de robo agravado\u201d<\/strong>, el titular de la Fiscal\u00eda de Responsabilidad Penal Juvenil 2, doctor Juan Ignacio Colazo, integrante de los tribunales de Avellaneda-Lan\u00fas.<\/p>\n","protected":false},"excerpt":{"rendered":"<p>Un cabo primero de la Prefectura Naval Argentina, de 31 a\u00f1os, fue herido en un tiroteo que entabl\u00f3 con dos motochorros que intentaron robarle la motocicleta, en un suceso que se registr\u00f3 Valent\u00edn Alsina, partido de Lan\u00fas, y en el que el suboficial bale\u00f3 a uno de los asaltantes quienes fueron detenidos por la polic\u00eda. [&hellip;]<\/p>\n","protected":false},"author":2,"featured_media":11209,"comment_status":"closed","ping_status":"closed","sticky":false,"template":"","format":"standard","meta":{"jetpack_post_was_ever_published":false,"_jetpack_newsletter_access":"","_jetpack_dont_email_post_to_subs":false,"_jetpack_newsletter_tier_id":0,"_jetpack_memberships_contains_paywalled_content":false,"_jetpack_memberships_contains_paid_content":false,"footnotes":"","jetpack_publicize_message":"","jetpack_publicize_feature_enabled":true,"jetpack_social_post_already_shared":true,"jetpack_social_options":{"image_generator_settings":{"template":"highway","enabled":false},"version":2}},"categories":[19,547],"tags":[773,774,305,23,708,822,227],"class_list":["post-11208","post","type-post","status-publish","format-standard","has-post-thumbnail","hentry","category-municipio","category-policiales","tag-centrales","tag-destacadas","tag-inseguridad","tag-lanus","tag-motochorros","tag-policiales","tag-valentin-alsina"],"jetpack_publicize_connections":[],"jetpack_featured_media_url":"https:\/\/i0.wp.com\/infolanus.com\/wp-content\/uploads\/2026\/03\/lanus-motochorros-balearon-a-un-suboficial-de-la-prefectura-naval.jpg?fit=992%2C558&ssl=1","jetpack_sharing_enabled":true,"jetpack_shortlink":"https:\/\/wp.me\/p9QtMr-2UM","_links":{"self":[{"href":"https:\/\/infolanus.com\/index.php\/wp-json\/wp\/v2\/posts\/11208","targetHints":{"allow":["GET"]}}],"collection":[{"href":"https:\/\/infolanus.com\/index.php\/wp-json\/wp\/v2\/posts"}],"about":[{"href":"https:\/\/infolanus.com\/index.php\/wp-json\/wp\/v2\/types\/post"}],"author":[{"embeddable":true,"href":"https:\/\/infolanus.com\/index.php\/wp-json\/wp\/v2\/users\/2"}],"replies":[{"embeddable":true,"href":"https:\/\/infolanus.com\/index.php\/wp-json\/wp\/v2\/comments?post=11208"}],"version-history":[{"count":0,"href":"https:\/\/infolanus.com\/index.php\/wp-json\/wp\/v2\/posts\/11208\/revisions"}],"wp:featuredmedia":[{"embeddable":true,"href":"https:\/\/infolanus.com\/index.php\/wp-json\/wp\/v2\/media\/11209"}],"wp:attachment":[{"href":"https:\/\/infolanus.com\/index.php\/wp-json\/wp\/v2\/media?parent=11208"}],"wp:term":[{"taxonomy":"category","embeddable":true,"href":"https:\/\/infolanus.com\/index.php\/wp-json\/wp\/v2\/categories?post=11208"},{"taxonomy":"post_tag","embeddable":true,"href":"https:\/\/infolanus.com\/index.php\/wp-json\/wp\/v2\/tags?post=11208"}],"curies":[{"name":"wp","href":"https:\/\/api.w.org\/{rel}","templated":true}]}}