{"id":11212,"date":"2026-03-05T17:45:00","date_gmt":"2026-03-05T20:45:00","guid":{"rendered":"https:\/\/www.ambito.com\/c6252731"},"modified":"2026-03-05T17:45:00","modified_gmt":"2026-03-05T20:45:00","slug":"yamandu-orsi-destaco-el-vinculo-con-la-argentina-y-dijo-que-en-el-mercosur-jugamos-de-memoria","status":"publish","type":"post","link":"https:\/\/infolanus.com\/index.php\/2026\/03\/05\/yamandu-orsi-destaco-el-vinculo-con-la-argentina-y-dijo-que-en-el-mercosur-jugamos-de-memoria\/","title":{"rendered":"Yamand\u00fa Orsi destac\u00f3 el v\u00ednculo con la Argentina y dijo que en el Mercosur &#8220;jugamos de memoria&#8221;"},"content":{"rendered":"<p><!-- { REGION4 --> <\/p>\n<header class=\"news-headline\" readability=\"1.8144329896907\">\n<div class=\"news-headline__topics-and-date-wrapper\"> <span class=\"news-headline__publication-date\"> 5 de marzo 2026 &#8211; 17:45 <\/span><\/div>\n<h2 class=\"news-headline__article-summary\" readability=\"24\">\n<p class=\"ignore-parser\">El presidente de Uruguay afirm\u00f3 que la relaci\u00f3n con la Argentina atraviesa un buen momento pese a las diferencias ideol\u00f3gicas entre los gobiernos y destac\u00f3 la coordinaci\u00f3n dentro del Mercosur para buscar nuevos mercados.<\/p>\n<\/h2>\n<\/header>\n<div class=\"detail-highlighted-multimedia content-protected-false\">\n<figure class=\"detail-highlighted-multimedia__figure\"> <img data-recalc-dims=\"1\" decoding=\"async\" src=\"https:\/\/i0.wp.com\/media.ambito.com\/p\/290dacb8d791835502f0c490ec0aae05\/adjuntos\/239\/imagenes\/041\/992\/0041992686\/655x368\/smart\/orsi-y-mileijpg.jpg?resize=640%2C360&#038;ssl=1\" class=\"detail-highlighted-multimedia__figure-img img-fluid\" alt=\"Yamand\u00fa Orsi asegur\u00f3 que con la Argentina juegan de memoria.\" width=\"640\" height=\"360\" crossorigin=\"anonymous\" fetchpriority=\"high\" decode=\"async\"><figcaption class=\"detail-highlighted-multimedia__figcaption\" readability=\"-24\"> <\/figcaption><\/figure>\n<\/p><\/div>\n<article class=\"article-body article-body--first-paragraph content-protected-false\" data-td-script-src=\"https:\/\/www.ambito.com\/td\/modulos\/encuestas\/js\/function-embeds-min-version-1772683542.js\" readability=\"30.555555555556\">\n<p>El presidente de Uruguay, <strong><a href=\"https:\/\/www.ambito.com\/ambito-nacional\/ante-el-presidente-uruguay-y-empresarios-la-region-ignacio-torres-destaco-el-potencial-productivo-y-comercial-chubut-n6252325\" target=\"_blank\" rel=\"follow\">Yamand\u00fa Orsi<\/a><\/strong>, afirm\u00f3 este jueves que su pa\u00eds mantiene <strong> \u201cuna buena relaci\u00f3n institucional\u201d con la <a href=\"https:\/\/www.ambito.com\/politica\/argentina-se-suma-una-declaracion-defensa-estados-unidos-y-refuerza-su-rol-estrategico-el-sur-del-continente-n6252653\" target=\"_blank\" rel=\"follow\">Argentina<\/a><\/strong> pese a las diferencias ideol\u00f3gicas entre ambos gobiernos y asegur\u00f3 que, en varios aspectos, la coordinaci\u00f3n bilateral <strong>\u201cparece que jugamos de memoria\u201d<\/strong>.<\/p>\n<\/article>\n<article class=\"article-body article-body--second-paragraph content-protected-false\" readability=\"33\">\n<p><strong>&#8220;En el plano de la relaci\u00f3n bilateral, la Argentina y el Uruguay venimos bien y tiene que ver con un mont\u00f3n de compromisos asumidos que se est\u00e1n cumpliendo<\/strong>\u201d, explic\u00f3 Orsi, quien lleg\u00f3 al Gobierno hace un a\u00f1o por el <strong>Frente Amplio<\/strong>, un espacio de <strong>centroizquierda<\/strong>.<\/p>\n<\/article>\n<section class=\"related-news\"> <span class=\"related-news__title\">Informate m\u00e1s<\/span> <\/p>\n<div class=\"row row--eq-height\">\n<div class=\"col-12 col-md-6\">\n<article class=\"news-article news-article--landscape-news news-article--landscape-news\">\n<figure class=\"news-article__figure figure\"> <a href=\"https:\/\/www.ambito.com\/uruguay\/no-es-una-prioridad-lucia-topolansky-cuestiono-la-creacion-del-ministerio-justicia-y-derechos-humanos-n6252302\" target title=\"\u00e1mbito.com | No es una prioridad, Topolansky cuestion\u00f3 la creaci\u00f3n del Ministerio de Justicia\" alt=\"\u00e1mbito.com | No es una prioridad, Topolansky cuestion\u00f3 la creaci\u00f3n del Ministerio de Justicia\" rel=\"noindex nofollow noreferrer\"> <img loading=\"lazy\" decoding=\"async\" src=\"https:\/\/www.ambito.com\/css-custom\/239\/lazy.svg\" data-td-src-property=\"https:\/\/media.ambito.com\/p\/801302d53b2dd7e193f0ae42e2f4333d\/adjuntos\/351\/imagenes\/042\/071\/0042071202\/93x52\/smart\/lucia-topolansky.jpg\" alt=\"Topolansky fue clara: Pese a que se decidi\u00f3 en el programa del Frente Amplio, no es una prioridad.\" title=\"Topolansky fue clara: Pese a que se decidi\u00f3 en el programa del Frente Amplio, no es una prioridad.\" width=\"93\" height=\"52\" class=\"news-article__figure-img figure-img img-fluid\"> <\/a><\/figure>\n<\/article><\/div>\n<div class=\"col-12 col-md-6\">\n<article class=\"news-article news-article--landscape-news news-article--landscape-news\">\n<figure class=\"news-article__figure figure\"> <a href=\"https:\/\/www.ambito.com\/uruguay\/el-gobierno-adelanto-detalles-la-ley-competitividad-e-innovacion-agilizar-el-comercio-exterior-n6252216\" target title=\"\u00e1mbito.com | El gobierno adelant\u00f3 detalles de la ley de Competitividad e Innovaci\u00f3n para agilizar el comercio exterior\" alt=\"\u00e1mbito.com | El gobierno adelant\u00f3 detalles de la ley de Competitividad e Innovaci\u00f3n para agilizar el comercio exterior\" rel=\"noindex nofollow noreferrer\"> <img loading=\"lazy\" decoding=\"async\" src=\"https:\/\/www.ambito.com\/css-custom\/239\/lazy.svg\" data-td-src-property=\"https:\/\/media.ambito.com\/p\/011b285909065ed18befaf48e601000c\/adjuntos\/351\/imagenes\/042\/079\/0042079951\/93x52\/smart\/empresario-empresas.jpg\" alt=\"La desburocratizaci\u00f3n impact\u00f3 sobre el 75% de los documentos vinculados al comercio exterior y gener\u00f3 un ahorro de 20 millones de d\u00f3lares. Hay m\u00e1s medidas en camino.\" title=\"La desburocratizaci\u00f3n impact\u00f3 sobre el 75% de los documentos vinculados al comercio exterior y gener\u00f3 un ahorro de 20 millones de d\u00f3lares. Hay m\u00e1s medidas en camino.\" width=\"93\" height=\"52\" class=\"news-article__figure-img figure-img img-fluid\"> <\/a><\/figure>\n<\/article><\/div>\n<\/div>\n<\/section>\n<article class=\"article-body article-body--third-paragraph content-protected-false\" readability=\"30.087671232877\">\n<p>El mandatario tambi\u00e9n <a href=\"https:\/\/www.ambito.com\/mundo\/el-congreso-brasil-ratifico-el-acuerdo-mercosur-union-europea-n6252434\" target=\"_blank\" rel=\"follow\">se refiri\u00f3 al funcionamiento del Mercosur<\/a> y plante\u00f3 la necesidad de ampliar los acuerdos comerciales. \u201c<strong>Aflojemos un poco las obligaciones o flexibilicemos un poco las condiciones y vayamos por la Uni\u00f3n Europea, por el EFTA, por pa\u00edses asi\u00e1ticos. Hoy el Mercosur camina con piloto autom\u00e1tico casi, sin mayores diferencias<\/strong>\u201d, remarc\u00f3.<\/p>\n<\/article>\n<article class=\"article-body article-body--fourth-paragraph content-protected-false\" readability=\"33\">\n<p>En ese sentido, sostuvo que el bloque regional atraviesa una etapa de mayor coordinaci\u00f3n entre sus miembros. <strong>\u201cA pesar de las diferencias entre los l\u00edderes de los pa\u00edses y los estilos de gobierno, es un momento en el que pusimos cuarta y arrancamos hacia lo que siempre nos hab\u00edamos propuesto\u201d<\/strong>, destac\u00f3.<\/p>\n<\/article>\n<article class=\"article-body article-body--fifth-paragraph content-protected-false\" readability=\"33\">\n<p>Orsi insisti\u00f3 adem\u00e1s en que no recuerda un momento de tanta coincidencia dentro del bloque. <strong>\u201cNo recuerdo un Mercosur tan un\u00e1nime en el camino de seguir buscando mercados y coordinando estrategias<\/strong>, vamos hacia la Uni\u00f3n Europea y los pa\u00edses asi\u00e1ticos, y caminamos con piloto autom\u00e1tico sin mayores diferencias\u201d, afirm\u00f3.<\/p>\n<\/article>\n<article class=\"article-body article-body--remaining-paragraph content-protected-false\" readability=\"50\">\n<h2>El v\u00ednculo de Uruguay y la Argentina seg\u00fan Yamand\u00fa Orsi<\/h2>\n<p>Sobre el v\u00ednculo con la diplomacia argentina, el presidente uruguayo se\u00f1al\u00f3 que la relaci\u00f3n con la Canciller\u00eda se mantiene fluida. <strong>\u201cEmpezamos con Gerardo Werthein como canciller, que lo conoc\u00edamos ac\u00e1 porque viene muy seguido a Uruguay, pero despu\u00e9s con (Pablo) Quirno la relaci\u00f3n sigui\u00f3 tan fluida como antes. Es de verdad jugar de memoria\u201d<\/strong>, asever\u00f3.<\/p>\n<p>Durante la entrevista, el mandatario tambi\u00e9n se refiri\u00f3 a la situaci\u00f3n econ\u00f3mica de su pa\u00eds. Se\u00f1al\u00f3 que en Uruguay <strong>\u201clos partidos gozan de bastante legitimidad comparado con otros lugares\u201d<\/strong> y explic\u00f3 que, pese a registrar <strong>una inflaci\u00f3n del 3,1%<\/strong>, existe preocupaci\u00f3n porque el descenso fue demasiado r\u00e1pido.<\/p>\n<p>\u201c<strong>Igual (la baja inflaci\u00f3n) te abre una posibilidad importante de desindexar algunos costos<\/strong>\u201d, subray\u00f3. Y concluy\u00f3: <strong>\u201cEs muy buen dato lo de la inflaci\u00f3n\u201d,<\/strong> al tiempo que atribuy\u00f3 ese resultado a <strong>\u201cun acuerdo t\u00e1cito entre los partidos de que con el tema macroecon\u00f3mico no se puede embromar\u201d<\/strong>.<\/p>\n<\/article>\n<p> <!-- REGION4 } --> <\/p>\n","protected":false},"excerpt":{"rendered":"<p>5 de marzo 2026 &#8211; 17:45 El presidente de Uruguay afirm\u00f3 que la relaci\u00f3n con la Argentina atraviesa un buen momento pese a las diferencias ideol\u00f3gicas entre los gobiernos y destac\u00f3 la coordinaci\u00f3n dentro del Mercosur para buscar nuevos mercados. El presidente de Uruguay, Yamand\u00fa Orsi, afirm\u00f3 este jueves que su pa\u00eds mantiene \u201cuna buena [&hellip;]<\/p>\n","protected":false},"author":2,"featured_media":11213,"comment_status":"closed","ping_status":"closed","sticky":false,"template":"","format":"standard","meta":{"jetpack_post_was_ever_published":false,"_jetpack_newsletter_access":"","_jetpack_dont_email_post_to_subs":false,"_jetpack_newsletter_tier_id":0,"_jetpack_memberships_contains_paywalled_content":false,"_jetpack_memberships_contains_paid_content":false,"footnotes":"","jetpack_publicize_message":"","jetpack_publicize_feature_enabled":true,"jetpack_social_post_already_shared":true,"jetpack_social_options":{"image_generator_settings":{"template":"highway","enabled":false},"version":2}},"categories":[20],"tags":[],"class_list":["post-11212","post","type-post","status-publish","format-standard","has-post-thumbnail","hentry","category-mundo"],"jetpack_publicize_connections":[],"jetpack_featured_media_url":"https:\/\/i0.wp.com\/infolanus.com\/wp-content\/uploads\/2026\/03\/yamandu-orsi-destaco-el-vinculo-con-la-argentina-y-dijo-que-en-el-mercosur-jugamos-de-memoria.jpg?fit=655%2C368&ssl=1","jetpack_sharing_enabled":true,"jetpack_shortlink":"https:\/\/wp.me\/p9QtMr-2UQ","_links":{"self":[{"href":"https:\/\/infolanus.com\/index.php\/wp-json\/wp\/v2\/posts\/11212","targetHints":{"allow":["GET"]}}],"collection":[{"href":"https:\/\/infolanus.com\/index.php\/wp-json\/wp\/v2\/posts"}],"about":[{"href":"https:\/\/infolanus.com\/index.php\/wp-json\/wp\/v2\/types\/post"}],"author":[{"embeddable":true,"href":"https:\/\/infolanus.com\/index.php\/wp-json\/wp\/v2\/users\/2"}],"replies":[{"embeddable":true,"href":"https:\/\/infolanus.com\/index.php\/wp-json\/wp\/v2\/comments?post=11212"}],"version-history":[{"count":0,"href":"https:\/\/infolanus.com\/index.php\/wp-json\/wp\/v2\/posts\/11212\/revisions"}],"wp:featuredmedia":[{"embeddable":true,"href":"https:\/\/infolanus.com\/index.php\/wp-json\/wp\/v2\/media\/11213"}],"wp:attachment":[{"href":"https:\/\/infolanus.com\/index.php\/wp-json\/wp\/v2\/media?parent=11212"}],"wp:term":[{"taxonomy":"category","embeddable":true,"href":"https:\/\/infolanus.com\/index.php\/wp-json\/wp\/v2\/categories?post=11212"},{"taxonomy":"post_tag","embeddable":true,"href":"https:\/\/infolanus.com\/index.php\/wp-json\/wp\/v2\/tags?post=11212"}],"curies":[{"name":"wp","href":"https:\/\/api.w.org\/{rel}","templated":true}]}}