{"id":11216,"date":"2026-03-06T10:06:49","date_gmt":"2026-03-06T13:06:49","guid":{"rendered":"https:\/\/www.inforegion.com.ar\/?p=357738"},"modified":"2026-03-06T10:06:49","modified_gmt":"2026-03-06T13:06:49","slug":"lo-detuvieron-por-un-intento-de-asesinato-en-lanus-estuvo-mas-de-un-ano-profugo","status":"publish","type":"post","link":"https:\/\/infolanus.com\/index.php\/2026\/03\/06\/lo-detuvieron-por-un-intento-de-asesinato-en-lanus-estuvo-mas-de-un-ano-profugo\/","title":{"rendered":"Lo detuvieron por un intento de asesinato en Lan\u00fas: estuvo m\u00e1s de un a\u00f1o pr\u00f3fugo"},"content":{"rendered":"<div><img data-recalc-dims=\"1\" decoding=\"async\" src=\"https:\/\/i0.wp.com\/www.inforegion.com.ar\/wp-content\/uploads\/2026\/03\/Avellaneda-tent-homi-robo-agrav-5-marzo-26-e1772801831136.jpeg?w=640&#038;ssl=1\" class=\"ff-og-image-inserted\"><\/div>\n<p><strong>La Polic\u00eda de la provincia de Buenos Aires detuvo en las \u00faltimas horas a un hombre acusado de un intento de homicidio<\/strong>, que se registr\u00f3 en enero de 2025 en Lan\u00fas. Estuvo m\u00e1s de un a\u00f1o pr\u00f3fugo.<\/p>\n<p>El acusado es un hombre de 39 a\u00f1os, <strong>fue aprehendido en la avenida Mitre y Saladillo de Sarand\u00ed<\/strong>, partido de Avellaneda. Era buscado desde hac\u00eda m\u00e1s de un a\u00f1o por un hecho del que fueron v\u00edctimas tres personas de entre 26 y 40 a\u00f1os.<\/p>\n<p>La acusaci\u00f3n indica que junto otros sujetos, <strong>ingres\u00f3 el 3 de enero del a\u00f1o pasado a la empresa EVN SALUD, ubicada en la avenida Rivadavia 1520 de Lan\u00fas<\/strong>, donde atacaron con arma de fuego a los presentes. Se robaron un veh\u00edculo Mercedes Benz. <\/p>\n<p>La causa, caratulada como \u201clesiones leves, tentativa de homicidio agravado por el empleo de arma de fuego y por el concurso premeditado de dos o m\u00e1s personas, y robo agravado por su comisi\u00f3n en poblado y en banda\u201d, est\u00e1 en manos de la UFI N\u00ba 6 y el Juzgado de Garant\u00edas 3 de Avellaneda-Lan\u00fas.<\/p>\n","protected":false},"excerpt":{"rendered":"<p>La Polic\u00eda de la provincia de Buenos Aires detuvo en las \u00faltimas horas a un hombre acusado de un intento de homicidio, que se registr\u00f3 en enero de 2025 en Lan\u00fas. Estuvo m\u00e1s de un a\u00f1o pr\u00f3fugo. El acusado es un hombre de 39 a\u00f1os, fue aprehendido en la avenida Mitre y Saladillo de Sarand\u00ed, [&hellip;]<\/p>\n","protected":false},"author":2,"featured_media":11217,"comment_status":"closed","ping_status":"closed","sticky":false,"template":"","format":"standard","meta":{"jetpack_post_was_ever_published":false,"_jetpack_newsletter_access":"","_jetpack_dont_email_post_to_subs":false,"_jetpack_newsletter_tier_id":0,"_jetpack_memberships_contains_paywalled_content":false,"_jetpack_memberships_contains_paid_content":false,"footnotes":"","jetpack_publicize_message":"","jetpack_publicize_feature_enabled":true,"jetpack_social_post_already_shared":true,"jetpack_social_options":{"image_generator_settings":{"template":"highway","enabled":false},"version":2}},"categories":[19,547],"tags":[801,774,1960,23,822],"class_list":["post-11216","post","type-post","status-publish","format-standard","has-post-thumbnail","hentry","category-municipio","category-policiales","tag-avellaneda","tag-destacadas","tag-intento-de-asesinato","tag-lanus","tag-policiales"],"jetpack_publicize_connections":[],"jetpack_featured_media_url":"https:\/\/i0.wp.com\/infolanus.com\/wp-content\/uploads\/2026\/03\/lo-detuvieron-por-un-intento-de-asesinato-en-lanus-estuvo-mas-de-un-ano-profugo.jpg?fit=520%2C320&ssl=1","jetpack_sharing_enabled":true,"jetpack_shortlink":"https:\/\/wp.me\/p9QtMr-2UU","_links":{"self":[{"href":"https:\/\/infolanus.com\/index.php\/wp-json\/wp\/v2\/posts\/11216","targetHints":{"allow":["GET"]}}],"collection":[{"href":"https:\/\/infolanus.com\/index.php\/wp-json\/wp\/v2\/posts"}],"about":[{"href":"https:\/\/infolanus.com\/index.php\/wp-json\/wp\/v2\/types\/post"}],"author":[{"embeddable":true,"href":"https:\/\/infolanus.com\/index.php\/wp-json\/wp\/v2\/users\/2"}],"replies":[{"embeddable":true,"href":"https:\/\/infolanus.com\/index.php\/wp-json\/wp\/v2\/comments?post=11216"}],"version-history":[{"count":0,"href":"https:\/\/infolanus.com\/index.php\/wp-json\/wp\/v2\/posts\/11216\/revisions"}],"wp:featuredmedia":[{"embeddable":true,"href":"https:\/\/infolanus.com\/index.php\/wp-json\/wp\/v2\/media\/11217"}],"wp:attachment":[{"href":"https:\/\/infolanus.com\/index.php\/wp-json\/wp\/v2\/media?parent=11216"}],"wp:term":[{"taxonomy":"category","embeddable":true,"href":"https:\/\/infolanus.com\/index.php\/wp-json\/wp\/v2\/categories?post=11216"},{"taxonomy":"post_tag","embeddable":true,"href":"https:\/\/infolanus.com\/index.php\/wp-json\/wp\/v2\/tags?post=11216"}],"curies":[{"name":"wp","href":"https:\/\/api.w.org\/{rel}","templated":true}]}}