{"id":11219,"date":"2026-03-06T15:17:00","date_gmt":"2026-03-06T18:17:00","guid":{"rendered":"https:\/\/www.ambito.com\/c6253081"},"modified":"2026-03-06T15:17:00","modified_gmt":"2026-03-06T18:17:00","slug":"donald-trump-insistio-en-que-cuba-caera-pronto-mientras-la-isla-no-contesto","status":"publish","type":"post","link":"https:\/\/infolanus.com\/index.php\/2026\/03\/06\/donald-trump-insistio-en-que-cuba-caera-pronto-mientras-la-isla-no-contesto\/","title":{"rendered":"Donald Trump insisti\u00f3 en que Cuba caer\u00e1 pronto mientras la Isla no contest\u00f3"},"content":{"rendered":"<div id>\n<p>El <strong>presidente de EEUU <a href=\"https:\/\/www.ambito.com\/mundo\/el-plan-donald-trump-iran-no-negociara-y-exige-una-rendicion-incondicional-n6253043\" target=\"_blank\" rel=\"follow\">Donald Trump<\/a><\/strong> volvi\u00f3 a insistir este viernes con la tensi\u00f3n con <strong><a href=\"https:\/\/www.ambito.com\/mundo\/la-amenaza-donald-trump-cuba-quizas-tengamos-una-toma-amistosa-n6250406\" target=\"_blank\" rel=\"follow\">Cuba<\/a>, <\/strong>en medio de la crisis que vive por el<a href=\"https:\/\/www.ambito.com\/mundo\/eeuu-autorizo-la-venta-petroleo-y-gas-cuba-ciertas-condiciones-n6249603\" target=\"_blank\" rel=\"follow\"> cerco energ\u00e9tico ante la falta de petr\u00f3leo<\/a>. En esa l\u00ednea, declar\u00f3 en las \u00faltimas horas que la <strong>gesti\u00f3n cubana \u201ccaer\u00e1 muy pronto\u201d <\/strong>mientras de momento las autoridades de la isla no dieron respuesta.<\/p>\n<\/div>\n<div id>\n<p><strong>De momento, el republicano autoriz\u00f3 <\/strong><strong>este mi\u00e9rcoles la <a href=\"https:\/\/www.ambito.com\/mundo\/rusia-considera-enviar-combustible-cuba-medio-la-crisis-el-cerco-energetico-n6249324\" target=\"_blank\" rel=\"follow noopener\" data-mrf-recirculation=\"Article - Paragraph Links\" data-mrf-link=\"https:\/\/www.ambito.com\/mundo\/rusia-considera-enviar-combustible-cuba-medio-la-crisis-el-cerco-energetico-n6249324\" cmp-ltrk=\"Article - Paragraph Links\" cmp-ltrk-idx=\"2\" mrfobservableid=\"a511d9ac-6f08-43bb-947f-51b32df1f693\">venta de petr\u00f3leo y gas a Cuba<\/a><\/strong> bajo la condici\u00f3n de <strong>que las empresas corroboren que el destino de los insumos energ\u00e9ticos ser\u00e1n los ciudadanos y empresas privadas de la isla<\/strong>. La medida fue confirmada por el <strong><a href=\"https:\/\/www.ambito.com\/finanzas\/china-endurece-el-sell-america-y-pide-sus-bancos-reducir-exposicion-los-bonos-del-tesoro-eeuu-n6243801\" target=\"_blank\" rel=\"follow noopener\" data-mrf-recirculation=\"Article - Paragraph Links\" data-mrf-link=\"https:\/\/www.ambito.com\/finanzas\/china-endurece-el-sell-america-y-pide-sus-bancos-reducir-exposicion-los-bonos-del-tesoro-eeuu-n6243801\" cmp-ltrk=\"Article - Paragraph Links\" cmp-ltrk-idx=\"3\" mrfobservableid=\"3c43fe6b-94b4-4bd9-ba44-42f6ebd7e477\">Departamento de Tesoro<\/a><\/strong> que conduce <strong>Scott Bessent.<\/strong><\/p>\n<\/p><\/div>\n<div id>\n<h2>Donald Trump insiste en que Cuba caer\u00e1 pronto pero la isla no contest\u00f3,<\/h2>\n<p>Las palabras del mandatario brotaron en medio de una entrevista con la CNN, este viernes por la ma\u00f1ana. \u201c<strong>Cuba caer\u00e1 muy pronto, por cierto, no relacionado (con el tema en discusi\u00f3n), pero Cuba tambi\u00e9n caer\u00e1. Est\u00e1n deseando llegar a un acuerdo\u201d<\/strong>, sostuvo por tel\u00e9fono al tiempo que promocionaba el \u00e9xito militar estadounidense en su segundo mandato.<\/p>\n<\/div>\n<div id>\n<p>\u201c<strong>Quieren llegar a un acuerdo, as\u00ed que voy a poner a Marco (Rubio)<\/strong> con eso y veremos c\u00f3mo funciona. Estamos muy concentrados en esto ahora mismo. Tenemos mucho tiempo, pero <strong>Cuba est\u00e1 lista despu\u00e9s de 50 a\u00f1os<\/strong>\u201d, a\u00f1adi\u00f3 sobre el papel de su secretario de Estado en la misi\u00f3n.<\/p>\n<\/div>\n<div id>\n<figure id=\"8187730-Libre-199895528_wrap\" class=\"embed_cont type_imagen\" contenteditable=\"false\" readability=\"3\">\n<p>Cuba combustibles energ\u00eda nafta <span onclick=\"parent.parent.TinyMCETdcuerpo.preview_embed('8187730-Libre-199895528')\" class=\"embed_colapse less\" id=\"8187730-Libre-199895528_colapse\"><\/span> <span onclick=\"parent.parent.TinyMCETdcuerpo.delete_embed('8187730-Libre-199895528')\" class=\"embed_delete less\" id=\"8187730-Libre-199895528_delete\"><\/span><\/p>\n<div id=\"8187730-Libre-199895528_content\" class=\"embed_content\"><img data-recalc-dims=\"1\" decoding=\"async\" src=\"https:\/\/i0.wp.com\/media.ambito.com\/p\/ca9e7a2505a5409d3041242892ea5e02\/adjuntos\/239\/imagenes\/043\/171\/0043171480\/cuba-combustibles-energia-nafta.png?resize=640%2C359&#038;ssl=1\" alt=\"\u201cQuieren llegar a un acuerdo, as\u00ed que voy a poner a Marco (Rubio) con eso y veremos c\u00f3mo funciona\" sostuvo el republicano sobre cuba title=\"\u201cQuieren llegar a un acuerdo, as\u00ed que voy a poner a Marco (Rubio) con eso y veremos c\u00f3mo funciona\" width=\"640\" height=\"359\" id=\"8187730-Libre-199895528_embed\" crossorigin=\"anonymous\" fetchpriority=\"high\" decode=\"async\"><\/div><figcaption class=\"embed_wrapper-cont\" readability=\"4.5\">\n<div id=\"8187730-Libre-199895528_epigrafe\" class=\"embed_epigrafe\" readability=\"10\">\n<p>\u201cQuieren llegar a un acuerdo, as\u00ed que voy a poner a Marco (Rubio) con eso y veremos c\u00f3mo funciona&#8221;, sostuvo el republicano sobre Cuba.<\/p>\n<\/div>\n<p>Gentileza La Verdad Noticias<\/p>\n<\/figcaption><\/figure>\n<p><strong>Adem\u00e1s, agreg\u00f3 que lleva &#8220;50 a\u00f1os observ\u00e1ndolo, y me ha ca\u00eddo en las manos gracias a m\u00ed&#8221;: <\/strong>&#8220;Ha ca\u00eddo, pero al fin y al cabo ha ca\u00eddo en mis manos. Y lo estamos haciendo muy bien&#8221;, recalc\u00f3.<\/p>\n<\/div>\n<div id>\n<p>Un d\u00eda antes, Trump declar\u00f3 en la Casa Blanca que era<strong> solo \u201ccuesti\u00f3n de tiempo\u201d antes de que los cubano-estadounidenses pudieran regresar a su pa\u00eds de origen<\/strong>, aparentemente indicando que ese era el siguiente paso en la agenda de la administraci\u00f3n despu\u00e9s de la guerra en curso con Ir\u00e1n. Sobre su secretario, agreg\u00f3 que \u201cest\u00e1 haciendo un trabajo, y el pr\u00f3ximo ser\u00e1 ocuparnos de Cuba&#8221;.<\/p>\n<h2>La amenaza de Donald Trump a Cuba: &#8220;Quiz\u00e1s tengamos una toma amistosa&#8221;<\/h2>\n<p>El presidente de los EEUU, <strong>Donald Trump<\/strong>, sorprendi\u00f3 el viernes pasado e insinu\u00f3 que <strong>podr\u00edan tomar &#8220;amistosamente&#8221; <a href=\"https:\/\/www.ambito.com\/mundo\/eeuu-autorizo-la-venta-petroleo-y-gas-cuba-ciertas-condiciones-n6249603\" target=\"_blank\" rel=\"follow noopener\" data-mrf-recirculation=\"Article - Paragraph Links\" data-mrf-link=\"https:\/\/www.ambito.com\/mundo\/eeuu-autorizo-la-venta-petroleo-y-gas-cuba-ciertas-condiciones-n6249603\" cmp-ltrk=\"Article - Paragraph Links\" cmp-ltrk-idx=\"0\" mrfobservableid=\"d14372e4-afa7-4de4-b551-3100b32558ab\">Cuba<\/a>,<\/strong> luego de meses de bloqueo petrolero a la isla. Seg\u00fan afirm\u00f3, est\u00e1n en di\u00e1logo con el gobierno comunista de Miguel D\u00edaz-Canel.<\/p>\n<p><em>&#8220;<\/em><strong>El gobierno cubano est\u00e1 hablando con nosotros. Est\u00e1n en serios problemas<\/strong>, como saben. No tienen dinero, no tienen nada ahora mismo.<strong> Quiz\u00e1s tengamos una toma amistosa de Cuba<\/strong>&#8220;, afirm\u00f3 en declaraciones a la prensa.<\/p>\n<p>&#8220;Despu\u00e9s de muchos, muchos a\u00f1os, hemos tenido muchos a\u00f1os de lidiar con Cuba, vengo escuchando hablar de Cuba desde que era peque\u00f1o. Est\u00e1n en grandes problemas\u201d, dijo a los periodistas antes de salir de la Casa Blanca.<\/p>\n<\/div>\n","protected":false},"excerpt":{"rendered":"<p>El presidente de EEUU Donald Trump volvi\u00f3 a insistir este viernes con la tensi\u00f3n con Cuba, en medio de la crisis que vive por el cerco energ\u00e9tico ante la falta de petr\u00f3leo. En esa l\u00ednea, declar\u00f3 en las \u00faltimas horas que la gesti\u00f3n cubana \u201ccaer\u00e1 muy pronto\u201d mientras de momento las autoridades de la isla [&hellip;]<\/p>\n","protected":false},"author":2,"featured_media":11220,"comment_status":"closed","ping_status":"closed","sticky":false,"template":"","format":"standard","meta":{"jetpack_post_was_ever_published":false,"_jetpack_newsletter_access":"","_jetpack_dont_email_post_to_subs":false,"_jetpack_newsletter_tier_id":0,"_jetpack_memberships_contains_paywalled_content":false,"_jetpack_memberships_contains_paid_content":false,"footnotes":"","jetpack_publicize_message":"","jetpack_publicize_feature_enabled":true,"jetpack_social_post_already_shared":true,"jetpack_social_options":{"image_generator_settings":{"template":"highway","enabled":false},"version":2}},"categories":[20],"tags":[],"class_list":["post-11219","post","type-post","status-publish","format-standard","has-post-thumbnail","hentry","category-mundo"],"jetpack_publicize_connections":[],"jetpack_featured_media_url":"https:\/\/i0.wp.com\/infolanus.com\/wp-content\/uploads\/2026\/03\/donald-trump-insistio-en-que-cuba-caera-pronto-mientras-la-isla-no-contesto.jpg?fit=730%2C410&ssl=1","jetpack_sharing_enabled":true,"jetpack_shortlink":"https:\/\/wp.me\/p9QtMr-2UX","_links":{"self":[{"href":"https:\/\/infolanus.com\/index.php\/wp-json\/wp\/v2\/posts\/11219","targetHints":{"allow":["GET"]}}],"collection":[{"href":"https:\/\/infolanus.com\/index.php\/wp-json\/wp\/v2\/posts"}],"about":[{"href":"https:\/\/infolanus.com\/index.php\/wp-json\/wp\/v2\/types\/post"}],"author":[{"embeddable":true,"href":"https:\/\/infolanus.com\/index.php\/wp-json\/wp\/v2\/users\/2"}],"replies":[{"embeddable":true,"href":"https:\/\/infolanus.com\/index.php\/wp-json\/wp\/v2\/comments?post=11219"}],"version-history":[{"count":0,"href":"https:\/\/infolanus.com\/index.php\/wp-json\/wp\/v2\/posts\/11219\/revisions"}],"wp:featuredmedia":[{"embeddable":true,"href":"https:\/\/infolanus.com\/index.php\/wp-json\/wp\/v2\/media\/11220"}],"wp:attachment":[{"href":"https:\/\/infolanus.com\/index.php\/wp-json\/wp\/v2\/media?parent=11219"}],"wp:term":[{"taxonomy":"category","embeddable":true,"href":"https:\/\/infolanus.com\/index.php\/wp-json\/wp\/v2\/categories?post=11219"},{"taxonomy":"post_tag","embeddable":true,"href":"https:\/\/infolanus.com\/index.php\/wp-json\/wp\/v2\/tags?post=11219"}],"curies":[{"name":"wp","href":"https:\/\/api.w.org\/{rel}","templated":true}]}}