{"id":11223,"date":"2026-03-07T13:01:48","date_gmt":"2026-03-07T16:01:48","guid":{"rendered":"https:\/\/www.inforegion.com.ar\/?p=357814"},"modified":"2026-03-07T13:01:48","modified_gmt":"2026-03-07T16:01:48","slug":"lanus-espacio-disparate-celebra-20-anos-al-servicio-de-la-cultura","status":"publish","type":"post","link":"https:\/\/infolanus.com\/index.php\/2026\/03\/07\/lanus-espacio-disparate-celebra-20-anos-al-servicio-de-la-cultura\/","title":{"rendered":"Lan\u00fas: Espacio Disparate celebra 20 a\u00f1os al servicio de la cultura"},"content":{"rendered":"<div><img data-recalc-dims=\"1\" decoding=\"async\" src=\"https:\/\/i0.wp.com\/www.inforegion.com.ar\/wp-content\/uploads\/2026\/03\/disp.jpg?w=640&#038;ssl=1\" class=\"ff-og-image-inserted\"><\/div>\n<p><strong>El Espacio Disparate<\/strong> es un centro cultural, un teatro, un lugar de encuentro, de diversi\u00f3n, de esparcimiento y mucho m\u00e1s. Ubicado Sitio de Montevideo 1265 de Lan\u00fas, <strong>celebr\u00f3 sus 20 a\u00f1os de vida al servicio de la cultura.<\/strong><\/p>\n<p>\u201c<strong>Un 4 de marzo de hace exactamente 20 a\u00f1os est\u00e1bamos inaugurando nuestro amado Dispa<\/strong>, a pasitos de la Estaci\u00f3n Lan\u00fas, sin saber que ser\u00eda un proyecto que se desplegar\u00eda no s\u00f3lo en a\u00f1os sino en generaciones, kil\u00f3metros, intercambios y vidas\u201d, comienza el relato.<\/p>\n<p>Lo que en un principio fue \u201cun grupo de payases que hac\u00edan funciones en escuelas p\u00fablicas, plazas, comedores\u201d se aventuraron en \u201cbuscar un espacio en donde aterrizar\u201d los talleres de educaci\u00f3n art\u00edstica, ensayos e ir armando una sala de teatro independiente.<\/p>\n<p>\u201c<strong>Pasaron 20 a\u00f1os. Fundamos la sala, la vivimos, gestamos muchos grupos, espect\u00e1culos, experiencias art\u00edsticas, pedag\u00f3gicas, barriales, comunitarias<\/strong>. Veinte a\u00f1os tejiendo maravillas\u201d, se\u00f1ala el Dispa, que supo recibir a chicos y grandes durante las <a href=\"https:\/\/www.inforegion.com.ar\/2025\/07\/16\/la-propuesta-de-espacio-disparate-para-las-vacaciones-de-invierno\/\">vacaciones de invierno<\/a>, con propuestas diarias, pero tambi\u00e9n supo ser sede de la <a href=\"https:\/\/www.inforegion.com.ar\/2025\/05\/05\/la-fiesta-regional-de-teatro-independiente-2025-llego-a-su-fin\/\">Fiesta Regional del Teatro Independiente<\/a>.<\/p>\n<p>La casa de artes lanusense adelant\u00f3 que la semana pr\u00f3xima comienzan las clases de talleres de arte en su temporada, nada m\u00e1s y nada menos, que n\u00famero 20.<strong> \u201cCelebraremos todo el a\u00f1o\u201d<\/strong>, avisaron a trav\u00e9s de las redes \u201cporque tanta vida, tantos sue\u00f1os, tanto amor se celebra mas all\u00e1 de todo\u201d. <\/p>\n<p>\u201c<strong>Esa es nuestra forma tambi\u00e9n de oponer resistencia a la oscuridad de la injusticia, de la desigualdad y de la falta de empat\u00eda<\/strong>. El arte acerca. Y en eso estamos, sembrando espacios de di\u00e1logo desde hace 20 a\u00f1os\u201d, cierra el mensaje.<\/p>\n","protected":false},"excerpt":{"rendered":"<p>El Espacio Disparate es un centro cultural, un teatro, un lugar de encuentro, de diversi\u00f3n, de esparcimiento y mucho m\u00e1s. Ubicado Sitio de Montevideo 1265 de Lan\u00fas, celebr\u00f3 sus 20 a\u00f1os de vida al servicio de la cultura. \u201cUn 4 de marzo de hace exactamente 20 a\u00f1os est\u00e1bamos inaugurando nuestro amado Dispa, a pasitos de [&hellip;]<\/p>\n","protected":false},"author":2,"featured_media":11224,"comment_status":"closed","ping_status":"closed","sticky":false,"template":"","format":"standard","meta":{"jetpack_post_was_ever_published":false,"_jetpack_newsletter_access":"","_jetpack_dont_email_post_to_subs":false,"_jetpack_newsletter_tier_id":0,"_jetpack_memberships_contains_paywalled_content":false,"_jetpack_memberships_contains_paid_content":false,"footnotes":"","jetpack_publicize_message":"","jetpack_publicize_feature_enabled":true,"jetpack_social_post_already_shared":true,"jetpack_social_options":{"image_generator_settings":{"template":"highway","enabled":false},"version":2}},"categories":[19],"tags":[773,996,774,1042,23],"class_list":["post-11223","post","type-post","status-publish","format-standard","has-post-thumbnail","hentry","category-municipio","tag-centrales","tag-cultura-y-espectaculo","tag-destacadas","tag-espacio-disparate","tag-lanus"],"jetpack_publicize_connections":[],"jetpack_featured_media_url":"https:\/\/i0.wp.com\/infolanus.com\/wp-content\/uploads\/2026\/03\/lanus-espacio-disparate-celebra-20-anos-al-servicio-de-la-cultura.jpg?fit=1200%2C675&ssl=1","jetpack_sharing_enabled":true,"jetpack_shortlink":"https:\/\/wp.me\/p9QtMr-2V1","_links":{"self":[{"href":"https:\/\/infolanus.com\/index.php\/wp-json\/wp\/v2\/posts\/11223","targetHints":{"allow":["GET"]}}],"collection":[{"href":"https:\/\/infolanus.com\/index.php\/wp-json\/wp\/v2\/posts"}],"about":[{"href":"https:\/\/infolanus.com\/index.php\/wp-json\/wp\/v2\/types\/post"}],"author":[{"embeddable":true,"href":"https:\/\/infolanus.com\/index.php\/wp-json\/wp\/v2\/users\/2"}],"replies":[{"embeddable":true,"href":"https:\/\/infolanus.com\/index.php\/wp-json\/wp\/v2\/comments?post=11223"}],"version-history":[{"count":0,"href":"https:\/\/infolanus.com\/index.php\/wp-json\/wp\/v2\/posts\/11223\/revisions"}],"wp:featuredmedia":[{"embeddable":true,"href":"https:\/\/infolanus.com\/index.php\/wp-json\/wp\/v2\/media\/11224"}],"wp:attachment":[{"href":"https:\/\/infolanus.com\/index.php\/wp-json\/wp\/v2\/media?parent=11223"}],"wp:term":[{"taxonomy":"category","embeddable":true,"href":"https:\/\/infolanus.com\/index.php\/wp-json\/wp\/v2\/categories?post=11223"},{"taxonomy":"post_tag","embeddable":true,"href":"https:\/\/infolanus.com\/index.php\/wp-json\/wp\/v2\/tags?post=11223"}],"curies":[{"name":"wp","href":"https:\/\/api.w.org\/{rel}","templated":true}]}}