{"id":11229,"date":"2026-03-08T11:14:38","date_gmt":"2026-03-08T14:14:38","guid":{"rendered":"https:\/\/infolanus.com\/index.php\/2026\/03\/08\/chiqui-tapia-no-se-detiene-el-sorpresivo-anuncio-que-cambia-el-mapa-del-futbol-argentino\/"},"modified":"2026-03-08T11:14:38","modified_gmt":"2026-03-08T14:14:38","slug":"chiqui-tapia-no-se-detiene-el-sorpresivo-anuncio-que-cambia-el-mapa-del-futbol-argentino","status":"publish","type":"post","link":"https:\/\/infolanus.com\/index.php\/2026\/03\/08\/chiqui-tapia-no-se-detiene-el-sorpresivo-anuncio-que-cambia-el-mapa-del-futbol-argentino\/","title":{"rendered":"Chiqui Tapia no se detiene: el sorpresivo anuncio que cambia el mapa del f\u00fatbol argentino"},"content":{"rendered":"<div class=\"media_block\"><\/div>\n<div><img data-recalc-dims=\"1\" decoding=\"async\" src=\"https:\/\/i0.wp.com\/fotos.perfil.com\/2026\/02\/24\/trim\/1140\/641\/claudio-chiqui-tapia-2191619.jpg?w=640&#038;ssl=1\" class=\"ff-og-image-inserted\"><\/div>\n<p>En un contexto de parate por el conflicto judicial en el f\u00fatbol argentino,&nbsp;<a target=\"_blank\" href=\"https:\/\/442.perfil.com\/noticias\/futbol\/portazo-por-parte-de-river-por-que-la-ruptura-con-afa-marca-un-antes-y-un-despues-para-el-chiqui-tapia-a35.phtml\"><strong>Claudio \u201cChiqui\u201d Tapia<\/strong><\/a>&nbsp;dio un golpe de efecto desde el Estadio \u00c1ngel Sandr\u00edn de Instituto. Ante m\u00e1s de 4.000 dirigentes del Consejo Federal, el mandatario confirm\u00f3 una reestructuraci\u00f3n profunda en el ascenso: <strong>la creaci\u00f3n del&nbsp;Torneo Argentino del Interior.<\/strong><\/p>\n<p class=\"destacadoNota\"><a target=\"_blank\" href=\"http:\/\/https:\/\/442.perfil.com\/noticias\/futbol\/cuando-vuelve-el-futbol-argentino-fecha-de-fin-del-paro-afa.phtml\">Final del paro en AFA: \u00bfCu\u00e1ndo vuelve a rodar la pelota en las canchas argentinas?<\/a><\/p>\n<h2><strong>Un esquema federal con presencia en todo el pa\u00eds<\/strong><\/h2>\n<p>La gran novedad de esta categor\u00eda, que <strong>se ubicar\u00e1 un escal\u00f3n debajo del Torneo Federal A<\/strong>, es su car\u00e1cter estrictamente territorial. El objetivo de la AFA es que su<strong> inicio en&nbsp;2027&nbsp;<\/strong>garantice que <strong>las&nbsp;24 provincias argentinas&nbsp;tengan, como m\u00ednimo, un equipo representante<\/strong> en el certamen, profundizando la federalizaci\u00f3n del mapa futbol\u00edstico.<\/p>\n<h2><strong>Profesionalizaci\u00f3n y apoyo econ\u00f3mico de la AFA<\/strong><\/h2>\n<p>Para asegurar la competitividad, <strong>Tapia anunci\u00f3 que el torneo tendr\u00e1 un car\u00e1cter&nbsp;semiprofesional.<\/strong> Al igual que sucede con el f\u00fatbol femenino y la Primera C, la casa madre del f\u00fatbol argentino <strong>asumir\u00e1 la responsabilidad econ\u00f3mica de&nbsp;costear ocho contratos profesionales&nbsp;por cada club participante<\/strong>, aliviando la carga financiera de las instituciones del interior.<\/p>\n<h2><strong>Defensa del formato actual de 30 equipos<\/strong><\/h2>\n<p>M\u00e1s all\u00e1 del nuevo lanzamiento, Tapia aprovech\u00f3 el escenario para ratificar el rumbo de la Primera Divisi\u00f3n y la Primera Nacional. El dirigente defendi\u00f3 con \u00e9nfasis los&nbsp;torneos de 30 equipos, argumentando que <strong>son la herramienta necesaria para sostener la inclusi\u00f3n y el federalismo<\/strong> que su gesti\u00f3n promueve frente a las cr\u00edticas por la cantidad de participantes.<\/p>\n<p>BP<\/p>\n<p> <!-- tags --> <\/p>\n","protected":false},"excerpt":{"rendered":"<p>En un contexto de parate por el conflicto judicial en el f\u00fatbol argentino,&nbsp;Claudio \u201cChiqui\u201d Tapia&nbsp;dio un golpe de efecto desde el Estadio \u00c1ngel Sandr\u00edn de Instituto. Ante m\u00e1s de 4.000 dirigentes del Consejo Federal, el mandatario confirm\u00f3 una reestructuraci\u00f3n profunda en el ascenso: la creaci\u00f3n del&nbsp;Torneo Argentino del Interior. Final del paro en AFA: \u00bfCu\u00e1ndo [&hellip;]<\/p>\n","protected":false},"author":2,"featured_media":11230,"comment_status":"closed","ping_status":"closed","sticky":false,"template":"","format":"standard","meta":{"jetpack_post_was_ever_published":false,"_jetpack_newsletter_access":"","_jetpack_dont_email_post_to_subs":false,"_jetpack_newsletter_tier_id":0,"_jetpack_memberships_contains_paywalled_content":false,"_jetpack_memberships_contains_paid_content":false,"footnotes":"","jetpack_publicize_message":"","jetpack_publicize_feature_enabled":true,"jetpack_social_post_already_shared":true,"jetpack_social_options":{"image_generator_settings":{"template":"highway","enabled":false},"version":2}},"categories":[17],"tags":[],"class_list":["post-11229","post","type-post","status-publish","format-standard","has-post-thumbnail","hentry","category-deportes"],"jetpack_publicize_connections":[],"jetpack_featured_media_url":"https:\/\/i0.wp.com\/infolanus.com\/wp-content\/uploads\/2026\/03\/chiqui-tapia-no-se-detiene-el-sorpresivo-anuncio-que-cambia-el-mapa-del-futbol-argentino.jpg?fit=1140%2C641&ssl=1","jetpack_sharing_enabled":true,"jetpack_shortlink":"https:\/\/wp.me\/p9QtMr-2V7","_links":{"self":[{"href":"https:\/\/infolanus.com\/index.php\/wp-json\/wp\/v2\/posts\/11229","targetHints":{"allow":["GET"]}}],"collection":[{"href":"https:\/\/infolanus.com\/index.php\/wp-json\/wp\/v2\/posts"}],"about":[{"href":"https:\/\/infolanus.com\/index.php\/wp-json\/wp\/v2\/types\/post"}],"author":[{"embeddable":true,"href":"https:\/\/infolanus.com\/index.php\/wp-json\/wp\/v2\/users\/2"}],"replies":[{"embeddable":true,"href":"https:\/\/infolanus.com\/index.php\/wp-json\/wp\/v2\/comments?post=11229"}],"version-history":[{"count":0,"href":"https:\/\/infolanus.com\/index.php\/wp-json\/wp\/v2\/posts\/11229\/revisions"}],"wp:featuredmedia":[{"embeddable":true,"href":"https:\/\/infolanus.com\/index.php\/wp-json\/wp\/v2\/media\/11230"}],"wp:attachment":[{"href":"https:\/\/infolanus.com\/index.php\/wp-json\/wp\/v2\/media?parent=11229"}],"wp:term":[{"taxonomy":"category","embeddable":true,"href":"https:\/\/infolanus.com\/index.php\/wp-json\/wp\/v2\/categories?post=11229"},{"taxonomy":"post_tag","embeddable":true,"href":"https:\/\/infolanus.com\/index.php\/wp-json\/wp\/v2\/tags?post=11229"}],"curies":[{"name":"wp","href":"https:\/\/api.w.org\/{rel}","templated":true}]}}