{"id":11233,"date":"2026-03-08T17:39:07","date_gmt":"2026-03-08T20:39:07","guid":{"rendered":"https:\/\/www.inforegion.com.ar\/?p=357889"},"modified":"2026-03-08T17:39:07","modified_gmt":"2026-03-08T20:39:07","slug":"coparticipacion-provincial-lomas-y-lanus-mejoran-su-reparto-mientras-71-municipios-pierden-recursos-en-una-torta-cada-vez-mas-chica","status":"publish","type":"post","link":"https:\/\/infolanus.com\/index.php\/2026\/03\/08\/coparticipacion-provincial-lomas-y-lanus-mejoran-su-reparto-mientras-71-municipios-pierden-recursos-en-una-torta-cada-vez-mas-chica\/","title":{"rendered":"Coparticipaci\u00f3n provincial: Lomas y Lan\u00fas mejoran su reparto mientras 71 municipios pierden recursos en una torta cada vez m\u00e1s chica"},"content":{"rendered":"<div><img data-recalc-dims=\"1\" decoding=\"async\" src=\"https:\/\/i0.wp.com\/www.inforegion.com.ar\/wp-content\/uploads\/2026\/03\/kicillof-con-intendentes-1-12-2025.jpg?w=640&#038;ssl=1\" class=\"ff-og-image-inserted\"><\/div>\n<p>La definici\u00f3n del <strong>Coeficiente \u00danico de Distribuci\u00f3n (CUD) 2026<\/strong> en el arranque del a\u00f1o volvi\u00f3 a reordenar el reparto de recursos entre los <strong>135 municipios bonaerenses<\/strong> y dej\u00f3 un mapa con diferencias marcadas entre distritos que mejoraron su participaci\u00f3n y otros que quedaron golpeados por la nueva f\u00f3rmula. En ese esquema, varios municipios de la <strong>Zona Sur del Conurbano<\/strong>, especialmente de la <strong>Tercera Secci\u00f3n<\/strong>, mostraron una evoluci\u00f3n favorable, en un contexto donde la expansi\u00f3n poblacional suele empujar los coeficientes hacia arriba, aunque el resultado final tambi\u00e9n depende de variables sensibles como <strong>salud<\/strong> y <strong>recaudaci\u00f3n<\/strong>.<\/p>\n<p>Entre los distritos destacados aparece <strong>Lomas de Zamora<\/strong>, que registr\u00f3 una suba del <strong>2,2%<\/strong> en su CUD, una de las principales entre los municipios m\u00e1s poblados del Gran Buenos Aires. Tambi\u00e9n <strong>Lan\u00fas<\/strong> exhibi\u00f3 un resultado positivo, con un incremento del <strong>1,31%<\/strong>. En tanto, <strong>Esteban Echeverr\u00eda<\/strong> se ubic\u00f3 entre los cinco municipios m\u00e1s beneficiados en t\u00e9rminos reales, con una mejora del <strong>4,29%<\/strong> en las transferencias percibidas al ajustar por inflaci\u00f3n. En el caso de <strong>Almirante Brown<\/strong> queda pr\u00e1cticamente igual (0,01%), igual que <strong>Avellaneda<\/strong> (0,38%), mientras que <strong>San Vicente<\/strong> sube casi un 1% y <strong>Presidente Per\u00f3n<\/strong> 1,24%.<\/p>\n<p>El nuevo reparto, sin embargo, se da sobre una masa de recursos m\u00e1s tensionada. Los datos comparativos de impacto real est\u00e1n calculados sobre el cierre del ejercicio anterior. Bajo esa referencia, las transferencias totales a municipios muestran una ca\u00edda del <strong>2% en t\u00e9rminos reales<\/strong>, al considerar una inflaci\u00f3n previa del <strong>41,9%<\/strong>, en un escenario donde los recursos tributarios provinciales retrocedieron <strong>6%<\/strong> y la administraci\u00f3n bonaerense atribuye la merma a la <strong>recesi\u00f3n<\/strong> y al recorte de transferencias no autom\u00e1ticas del Gobierno nacional, estimado en <strong>$12,9 billones<\/strong>.<\/p>\n<h2 class=\"wp-block-heading\"><strong>Una f\u00f3rmula sensible y un reparto que profundiza tensiones<\/strong><\/h2>\n<p>El <strong>CUD<\/strong> es el indicador polin\u00f3mico que define c\u00f3mo se reparten los fondos autom\u00e1ticos entre los municipios. Su estructura se compone de un <strong>58%<\/strong> correspondiente al <strong>r\u00e9gimen general<\/strong>, basado en <strong>poblaci\u00f3n<\/strong>, <strong>superficie<\/strong> y <strong>capacidad recaudatoria per c\u00e1pita<\/strong>; un <strong>37%<\/strong> vinculado al \u00e1rea de <strong>salud<\/strong>, seg\u00fan establecimientos oficiales y cantidad de camas; y un <strong>5%<\/strong> atado a <strong>servicios sociales<\/strong> transferidos, excluida la salud.<\/p>\n<p>Es justamente sobre ese <strong>37%<\/strong> atado a salud donde se concentra uno de los principales focos de conflicto. La fuente menciona denuncias pol\u00edticas sobre un posible \u201c<strong>dibujo<\/strong>\u201d de estad\u00edsticas, especialmente en variables como <strong>camas ocupadas<\/strong> y prestaciones informadas por las gestiones locales. La sospecha es que esos datos pueden ser inflados para mejorar la posici\u00f3n de algunos municipios dentro del reparto, en una disputa que no es menor: al tratarse de una sola masa de recursos, cada punto que gana un distrito es dinero que otro deja de percibir.<\/p>\n<p>Ese efecto de \u201c<strong>suma cero<\/strong>\u201d se refleja con claridad en el resultado general. De los <strong>135 municipios<\/strong>, <strong>64<\/strong> aumentaron su participaci\u00f3n y <strong>71<\/strong> la redujeron. Entre los mayores beneficiados aparecen <strong>Chacabuco<\/strong> (<strong>+15,68%<\/strong>), <strong>Marcos Paz<\/strong> (<strong>+14,04%<\/strong>), <strong>Campana<\/strong> (<strong>+12,50%<\/strong>), <strong>Capit\u00e1n Sarmiento<\/strong> (<strong>+10,62%<\/strong>) y <strong>Exaltaci\u00f3n de la Cruz<\/strong> (<strong>+10,55%<\/strong>). Del otro lado, nueve distritos tocaron el tope legal de ca\u00edda del <strong>5%<\/strong>: <strong>San Isidro<\/strong>, <strong>Ezeiza<\/strong>, <strong>Pinamar<\/strong>, <strong>General Madariaga<\/strong>, <strong>Leandro N. Alem<\/strong>, <strong>Pila<\/strong>, <strong>Tordillo<\/strong>, <strong>Maip\u00fa<\/strong> y <strong>Florentino Ameghino<\/strong>.<\/p>\n<h2 class=\"wp-block-heading\"><strong>La disputa pol\u00edtica detr\u00e1s de la caja municipal<\/strong><\/h2>\n<p>La p\u00e9rdida de recursos pega con m\u00e1s fuerza cuando se la mira en t\u00e9rminos reales. Seg\u00fan la fuente, distritos como <strong>Daireaux<\/strong> (<strong>-8,73%<\/strong>) y <strong>Florentino Ameghino<\/strong> (<strong>-9,02%<\/strong>) aparecen entre los m\u00e1s castigados por la erosi\u00f3n inflacionaria en su poder de compra. En otras palabras, aun cuando el reparto nominal pueda sostenerse, el dinero disponible para afrontar gastos corrientes, obras o servicios termina licuado por el contexto econ\u00f3mico.<\/p>\n<p>En paralelo, el presupuesto contempla para <strong>2026<\/strong> una partida de <strong>$5.258.234 millones<\/strong> en ingresos autom\u00e1ticos, a la que se suman fondos por financiamiento educativo y capital. A eso se agreg\u00f3 un <strong>fondo de infraestructura de $350.000 millones<\/strong>, distribuido en un <strong>70% por CUD<\/strong> y un <strong>30% por proyectos<\/strong>, que funcion\u00f3 como parte del acuerdo pol\u00edtico para que los intendentes acompa\u00f1aran el endeudamiento impulsado por la gesti\u00f3n de <strong>Axel Kicillof<\/strong>.<\/p>\n<p>Sobre ese punto tambi\u00e9n se montan nuevas discusiones. La fuente se\u00f1ala que ya existe un proyecto del <strong>PRO<\/strong> para obligar al <strong>Ministerio de Econom\u00eda<\/strong> bonaerense a publicar antes de cada cierre de a\u00f1o los criterios y variables que definen el CUD. La iniciativa adem\u00e1s propone un esquema de control con participaci\u00f3n de la <strong>Contadur\u00eda General<\/strong>, el <strong>Tribunal de Cuentas<\/strong> y legisladores, con el objetivo de auditar los datos \u201cajustables\u201d y transparentar una distribuci\u00f3n que, a\u00f1o tras a\u00f1o, define qui\u00e9n gana y qui\u00e9n pierde dentro de una caja cada vez m\u00e1s disputada.<\/p>\n","protected":false},"excerpt":{"rendered":"<p>La definici\u00f3n del Coeficiente \u00danico de Distribuci\u00f3n (CUD) 2026 en el arranque del a\u00f1o volvi\u00f3 a reordenar el reparto de recursos entre los 135 municipios bonaerenses y dej\u00f3 un mapa con diferencias marcadas entre distritos que mejoraron su participaci\u00f3n y otros que quedaron golpeados por la nueva f\u00f3rmula. En ese esquema, varios municipios de la [&hellip;]<\/p>\n","protected":false},"author":2,"featured_media":11234,"comment_status":"closed","ping_status":"closed","sticky":false,"template":"","format":"standard","meta":{"jetpack_post_was_ever_published":false,"_jetpack_newsletter_access":"","_jetpack_dont_email_post_to_subs":false,"_jetpack_newsletter_tier_id":0,"_jetpack_memberships_contains_paywalled_content":false,"_jetpack_memberships_contains_paid_content":false,"footnotes":"","jetpack_publicize_message":"","jetpack_publicize_feature_enabled":true,"jetpack_social_post_already_shared":true,"jetpack_social_options":{"image_generator_settings":{"template":"highway","enabled":false},"version":2}},"categories":[19],"tags":[773,2062,774,23,710,1180],"class_list":["post-11233","post","type-post","status-publish","format-standard","has-post-thumbnail","hentry","category-municipio","tag-centrales","tag-coparticipacion-provincial","tag-destacadas","tag-lanus","tag-lomas-de-zamora","tag-provinciales"],"jetpack_publicize_connections":[],"jetpack_featured_media_url":"https:\/\/i0.wp.com\/infolanus.com\/wp-content\/uploads\/2026\/03\/coparticipacion-provincial-lomas-y-lanus-mejoran-su-reparto-mientras-71-municipios-pierden-recursos-en-una-torta-cada-vez-mas-chica.jpg?fit=1280%2C720&ssl=1","jetpack_sharing_enabled":true,"jetpack_shortlink":"https:\/\/wp.me\/p9QtMr-2Vb","_links":{"self":[{"href":"https:\/\/infolanus.com\/index.php\/wp-json\/wp\/v2\/posts\/11233","targetHints":{"allow":["GET"]}}],"collection":[{"href":"https:\/\/infolanus.com\/index.php\/wp-json\/wp\/v2\/posts"}],"about":[{"href":"https:\/\/infolanus.com\/index.php\/wp-json\/wp\/v2\/types\/post"}],"author":[{"embeddable":true,"href":"https:\/\/infolanus.com\/index.php\/wp-json\/wp\/v2\/users\/2"}],"replies":[{"embeddable":true,"href":"https:\/\/infolanus.com\/index.php\/wp-json\/wp\/v2\/comments?post=11233"}],"version-history":[{"count":0,"href":"https:\/\/infolanus.com\/index.php\/wp-json\/wp\/v2\/posts\/11233\/revisions"}],"wp:featuredmedia":[{"embeddable":true,"href":"https:\/\/infolanus.com\/index.php\/wp-json\/wp\/v2\/media\/11234"}],"wp:attachment":[{"href":"https:\/\/infolanus.com\/index.php\/wp-json\/wp\/v2\/media?parent=11233"}],"wp:term":[{"taxonomy":"category","embeddable":true,"href":"https:\/\/infolanus.com\/index.php\/wp-json\/wp\/v2\/categories?post=11233"},{"taxonomy":"post_tag","embeddable":true,"href":"https:\/\/infolanus.com\/index.php\/wp-json\/wp\/v2\/tags?post=11233"}],"curies":[{"name":"wp","href":"https:\/\/api.w.org\/{rel}","templated":true}]}}