{"id":11240,"date":"2026-03-09T11:21:00","date_gmt":"2026-03-09T14:21:00","guid":{"rendered":"https:\/\/www.ambito.com\/c6251560"},"modified":"2026-03-09T11:21:00","modified_gmt":"2026-03-09T14:21:00","slug":"quien-es-mojtaba-hoseini-jamenei-el-nuevo-lider-supremo-de-iran","status":"publish","type":"post","link":"https:\/\/infolanus.com\/index.php\/2026\/03\/09\/quien-es-mojtaba-hoseini-jamenei-el-nuevo-lider-supremo-de-iran\/","title":{"rendered":"Qui\u00e9n es Mojtaba Hoseini Jamene\u00ed, el nuevo l\u00edder supremo de Ir\u00e1n"},"content":{"rendered":"<p><!-- { REGION4 --> <\/p>\n<header class=\"news-headline\" readability=\"2.2378277153558\">\n<div class=\"news-headline__topics-and-date-wrapper\"> <span class=\"news-headline__publication-date\"> 9 de marzo 2026 &#8211; 11:21 <\/span><\/div>\n<h2 class=\"news-headline__article-summary\" readability=\"25\">\n<p class=\"ignore-parser\">Hijo del ayatol\u00e1 Al\u00ed Jamenei, asumi\u00f3 como l\u00edder supremo de Ir\u00e1n tras la muerte de su padre, consolidando a los conservadores en el poder.<\/p>\n<\/h2>\n<\/header>\n<div class=\"detail-highlighted-multimedia content-protected-false\">\n<figure class=\"detail-highlighted-multimedia__figure\"> <img data-recalc-dims=\"1\" decoding=\"async\" src=\"https:\/\/i0.wp.com\/media.ambito.com\/p\/05a2dc767b418704af03a6bf244a3583\/adjuntos\/239\/imagenes\/043\/219\/0043219479\/655x368\/656x345%3A676x365\/mojtaba-jamenei-1.jpg?resize=640%2C399&#038;ssl=1\" class=\"detail-highlighted-multimedia__figure-img img-fluid\" alt=\"Mojtaba Jamene\u00ed, asumi\u00f3 al poder tras la muerte de su padre, Al\u00ed.\" width=\"640\" height=\"399\" crossorigin=\"anonymous\" fetchpriority=\"high\" decode=\"async\"><figcaption class=\"detail-highlighted-multimedia__figcaption\" readability=\"-23\"> <span class=\"detail-highlighted-multimedia__copyright\">EFE<\/span><\/figcaption><\/figure>\n<\/div>\n<article class=\"article-body article-body--first-paragraph content-protected-false\" data-td-script-src=\"https:\/\/www.ambito.com\/td\/modulos\/encuestas\/js\/function-embeds-min-version-1772942806.js\" readability=\"19.446428571429\">\n<p data-start=\"237\" data-end=\"611\"><a href=\"https:\/\/www.ambito.com\/mundo\/el-hijo-ali-jamenei-fue-elegido-como-lider-supremo-iran-n6253583\" target=\"_blank\" rel=\"follow\">Mojtaba Hoseini Jamene\u00ed asumi\u00f3 como l\u00edder supremo de Ir\u00e1n<\/a> despu\u00e9s de que la <strong>Asamblea de Expertos<\/strong> lo eligiera para <strong>suceder a su padre, el ayatol\u00e1 Al\u00ed Jamene\u00ed<\/strong>, quien muri\u00f3 en un <a href=\"https:\/\/www.ambito.com\/mundo\/guerra-medio-oriente-iran-israel-estados-unidos-donald-trump-petroleo-en-vivo-minuto-a-minuto-9-de-marzo\" target=\"_blank\" rel=\"follow\">ataque atribuido a Estados Unidos e Israel al inicio de la actual escalada militar en Medio Oriente.<\/a> Con 55 a\u00f1os, se convirti\u00f3 as\u00ed en la m\u00e1xima autoridad pol\u00edtica y religiosa de la Rep\u00fablica Isl\u00e1mica.<\/p>\n<\/article>\n<article class=\"article-body article-body--second-paragraph content-protected-false\" readability=\"30\">\n<p data-start=\"669\" data-end=\"886\">La designaci\u00f3n de Mojtaba Jamene\u00ed lo convirti\u00f3 en el <strong>tercer l\u00edder supremo de Ir\u00e1n<\/strong> desde la <strong>Revoluci\u00f3n Isl\u00e1mica de 1979<\/strong>, en un contexto marcado por tensiones regionales y un conflicto abierto con <strong>Washington y Tel Aviv.<\/strong><\/p>\n<\/article>\n<section class=\"related-news\"><span class=\"related-news__title\"> Informate m\u00e1s<\/span> <\/p>\n<div class=\"row row--eq-height\">\n<div class=\"col-12 col-md-6\">\n<article class=\"news-article news-article--landscape-news news-article--landscape-news\">\n<figure class=\"news-article__figure figure\"> <a href=\"https:\/\/www.ambito.com\/mundo\/donald-trump-reclama-asilo-urgente-australia-las-futbolistas-iranies-posibles-represalias-n6253819\" target title=\"\u00e1mbito.com | Trump reclama asilo urgente en Australia para las futbolistas iran\u00edes\" alt=\"\u00e1mbito.com | Trump reclama asilo urgente en Australia para las futbolistas iran\u00edes\" rel=\"noindex nofollow noreferrer\"> <img loading=\"lazy\" decoding=\"async\" src=\"https:\/\/www.ambito.com\/css-custom\/239\/lazy.svg\" data-td-src-property=\"https:\/\/media.ambito.com\/p\/ef1836690065fda826ae17e17d4e613a\/adjuntos\/239\/imagenes\/043\/018\/0043018330\/93x52\/682x244:702x264\/donald-trump.jpeg\" alt=\"La solicitud est\u00e1 dirigida al ministro de Interior e Inmigraci\u00f3n, Tony Burke, la cual manifiesta preocupaci\u00f3n por la seguridad y el bienestar que podr\u00edan sufrir las deportistas en su regreso a la naci\u00f3n persa.\" title=\"La solicitud est\u00e1 dirigida al ministro de Interior e Inmigraci\u00f3n, Tony Burke, la cual manifiesta preocupaci\u00f3n por la seguridad y el bienestar que podr\u00edan sufrir las deportistas en su regreso a la naci\u00f3n persa.\" width=\"93\" height=\"52\" class=\"news-article__figure-img figure-img img-fluid\"> <\/a><\/figure>\n<\/article><\/div>\n<div class=\"col-12 col-md-6\">\n<article class=\"news-article news-article--landscape-news news-article--landscape-news\">\n<figure class=\"news-article__figure figure\"> <a href=\"https:\/\/www.ambito.com\/politica\/javier-milei-afirmo-que-la-guerra-medio-oriente-responde-una-disputa-geo-y-anticipo-un-mayor-aislamiento-china-n6253799\" target title=\"\u00e1mbito.com | Milei afirm\u00f3 que la guerra en Medio Oriente llevar\u00e1 a un mayor aislamiento de China\" alt=\"\u00e1mbito.com | Milei afirm\u00f3 que la guerra en Medio Oriente llevar\u00e1 a un mayor aislamiento de China\" rel=\"noindex nofollow noreferrer\"> <img loading=\"lazy\" decoding=\"async\" src=\"https:\/\/www.ambito.com\/css-custom\/239\/lazy.svg\" data-td-src-property=\"https:\/\/media.ambito.com\/p\/ec90d460e8fa80ad36e8ff22b6c36320\/adjuntos\/239\/imagenes\/043\/216\/0043216777\/93x52\/528x343:548x363\/javier-milei-cumbre-eeuu.jpeg\" alt=\"Javier Milei realiza una gira en Estados Unidos.&nbsp;\" title=\"Javier Milei realiza una gira en Estados Unidos.&nbsp;\" width=\"93\" height=\"52\" class=\"news-article__figure-img figure-img img-fluid\"> <\/a><\/figure>\n<\/article><\/div>\n<\/div>\n<\/section>\n<article class=\"article-body article-body--third-paragraph content-protected-false\" readability=\"28.513931888545\">\n<figure id=\"7922436-Libre-2029970895_wrap\" class=\"embed_cont type_imagen\" contenteditable=\"false\" readability=\"2\">\n<p> iran ayatol\u00e1 Al\u00ed Jamenei.jpg <span onclick=\"parent.parent.TinyMCETdcuerpo.preview_embed('7922436-Libre-2029970895')\" class=\"embed_colapse less\" id=\"7922436-Libre-2029970895_colapse\"><\/span> <span onclick=\"parent.parent.TinyMCETdcuerpo.delete_embed('7922436-Libre-2029970895')\" class=\"embed_delete less\" id=\"7922436-Libre-2029970895_delete\"><\/span><\/p>\n<div id=\"7922436-Libre-2029970895_content\" class=\"embed_content\"><img loading=\"lazy\" decoding=\"async\" src=\"https:\/\/www.ambito.com\/css-custom\/239\/lazy.svg\" data-td-src-property=\"https:\/\/media.ambito.com\/p\/a5e7d1351714e9d895794ec46e646049\/adjuntos\/239\/imagenes\/041\/441\/0041441561\/iran-ayatola-ali-jameneijpg.jpg\" alt=\"Mojtaba Jamene&amp;iacute;, asumi&amp;oacute; al poder tras la muerte de su padre, Al&amp;iacute;.\" title=\"Mojtaba Jamene&amp;iacute;, asumi&amp;oacute; al poder tras la muerte de su padre, Al&amp;iacute;.\" width=\"690\" height=\"460\" id=\"7922436-Libre-2029970895_embed\"><\/div><figcaption class=\"embed_wrapper-cont\" readability=\"2\">\n<div id=\"7922436-Libre-2029970895_epigrafe\" class=\"embed_epigrafe\" readability=\"9\">\n<p>Mojtaba Jamene\u00ed, asumi\u00f3 al poder tras la muerte de su padre, Al\u00ed.<\/p>\n<\/div>\n<\/figcaption><\/figure>\n<h2 data-section-id=\"65ml7k\" data-start=\"1337\" data-end=\"1368\">Una sucesi\u00f3n sin precedentes<\/h2>\n<p data-start=\"1370\" data-end=\"1557\">La elecci\u00f3n de <a href=\"https:\/\/www.ambito.com\/mundo\/conflicto-medio-oriente-aseguran-que-el-hijo-ali-jamenei-fue-nombrado-lider-supremo-iran-n6251829\" target=\"_blank\" rel=\"follow\">Mojtaba Jamene\u00ed<\/a> gener\u00f3 debate entre analistas y observadores de la pol\u00edtica iran\u00ed, que interpretaron el proceso como una <strong>forma de continuidad<\/strong> dentro del liderazgo del pa\u00eds.<\/p>\n<\/article>\n<article class=\"article-body article-body--fourth-paragraph content-protected-false\" readability=\"28\">\n<p data-start=\"1559\" data-end=\"1735\">Se trata de un hecho<strong> poco com\u00fan dentro del sistema pol\u00edtico iran\u00ed: <\/strong>el hijo de un l\u00edder supremo sucede directamente a su padre en el cargo m\u00e1s poderoso de la Rep\u00fablica Isl\u00e1mica.<\/p>\n<\/article>\n<article class=\"article-body article-body--fifth-paragraph content-protected-false\" readability=\"36\">\n<h2 data-start=\"921\" data-end=\"961\">El peso pol\u00edtico de Mojtaba dentro del r\u00e9gimen<\/h2>\n<p data-start=\"963\" data-end=\"1379\"><strong>Mojtaba Jamene\u00ed <\/strong>naci\u00f3 en 1969 en Mashhad, una de las ciudades religiosas m\u00e1s importantes de Ir\u00e1n. Aunque nunca ocup\u00f3 cargos pol\u00edticos formales de alto nivel, es considerado desde hace a\u00f1os una <strong>figura de peso <\/strong>dentro del entramado pol\u00edtico iran\u00ed, aunque sin exposici\u00f3n p\u00fablica formal. Diversos analistas coinciden en que ejerce influencia detr\u00e1s de escena y mantiene lazos estrechos con el <strong>Cuerpo de la Guardia Revolucionaria Isl\u00e1mica (CGRI)<\/strong>, la estructura militar m\u00e1s poderosa de Ir\u00e1n, as\u00ed como con el Basij, la red paramilitar voluntaria asociada al r\u00e9gimen.<\/p>\n<\/article>\n<article class=\"article-body article-body--remaining-paragraph content-protected-false\" readability=\"48\">\n<p data-start=\"2727\" data-end=\"2918\">Tambi\u00e9n fue vinculado con la <strong>milicia Basij,<\/strong> un grupo paramilitar subordinado a la <strong>Guardia Revolucionaria <\/strong>que fue utilizado para controlar protestas y enfrentar manifestaciones opositoras.<\/p>\n<figure id=\"8196796-Libre-488124901_wrap\" class=\"embed_cont type_imagen\" contenteditable=\"false\">\n<p> MOJTABA JAMENE\u00cd 2 (1) <span onclick=\"parent.parent.TinyMCETdcuerpo.preview_embed('8196796-Libre-488124901')\" class=\"embed_colapse less\" id=\"8196796-Libre-488124901_colapse\"><\/span> <span onclick=\"parent.parent.TinyMCETdcuerpo.delete_embed('8196796-Libre-488124901')\" class=\"embed_delete less\" id=\"8196796-Libre-488124901_delete\"><\/span><\/p>\n<div id=\"8196796-Libre-488124901_content\" class=\"embed_content\"><img loading=\"lazy\" decoding=\"async\" src=\"https:\/\/www.ambito.com\/css-custom\/239\/lazy.svg\" data-td-src-property=\"https:\/\/media.ambito.com\/p\/8a09f812ad24f7b687e1424bef0d46d5\/adjuntos\/239\/imagenes\/043\/219\/0043219499\/730x0\/642x301:662x321\/mojtaba-jamenei-2-1.jpg\" alt=\"Con 55 a&amp;ntilde;os, Mojtaba Jamene&amp;iacute; se convirti&amp;oacute; en el tercer l&amp;iacute;der supremo de la Rep&amp;uacute;blica Isl&amp;aacute;mica desde la Revoluci&amp;oacute;n Isl&amp;aacute;mica de 1979.\" title=\"Con 55 a&amp;ntilde;os, Mojtaba Jamene&amp;iacute; se convirti&amp;oacute; en el tercer l&amp;iacute;der supremo de la Rep&amp;uacute;blica Isl&amp;aacute;mica desde la Revoluci&amp;oacute;n Isl&amp;aacute;mica de 1979.\" width=\"730\" height=\"410\" id=\"8196796-Libre-488124901_embed\"><\/div><figcaption class=\"embed_wrapper-cont\" readability=\"2\">\n<div id=\"8196796-Libre-488124901_epigrafe\" class=\"embed_epigrafe\" readability=\"9\">\n<p>Con 55 a\u00f1os, Mojtaba Jamene\u00ed se convirti\u00f3 en el tercer l\u00edder supremo de la Rep\u00fablica Isl\u00e1mica desde la Revoluci\u00f3n Isl\u00e1mica de 1979.<\/p>\n<\/div>\n<p>REUTERS<\/p>\n<\/figcaption><\/figure>\n<p data-start=\"2920\" data-end=\"3074\">Sectores cr\u00edticos del r\u00e9gimen lo se\u00f1alaron por un presunto rol en la represi\u00f3n de las protestas que estallaron tras las elecciones presidenciales de 2009.<\/p>\n<p data-start=\"2920\" data-end=\"3074\">Si bien no ocupa ning\u00fan cargo oficial dentro del gobierno, su cercan\u00eda al n\u00facleo de poder lo ubic\u00f3 r\u00e1pidamente en el <strong>centro de las hip\u00f3tesis sobre una eventual sucesi\u00f3n del ayatol\u00e1 Al\u00ed Jamene\u00ed<\/strong>. <\/p>\n<h2 data-section-id=\"agkxg2\" data-start=\"3076\" data-end=\"3122\">Un liderazgo en medio de la crisis regional<\/h2>\n<p data-start=\"3124\" data-end=\"3366\">Mojtaba Jamene\u00ed lleg\u00f3 al cargo en uno de los momentos m\u00e1s delicados para la Rep\u00fablica Isl\u00e1mica. El pa\u00eds atraviesa una escalada militar <strong>tras los ataques atribuidos a Estados Unidos e Israel que marcaron el inicio del actual conflicto regional.<\/strong><\/p>\n<p data-start=\"3368\" data-end=\"3646\" data-is-last-node data-is-only-node>Seg\u00fan reportes de prensa israel\u00ed, entre las v\u00edctimas del ataque que mat\u00f3 a su padre tambi\u00e9n se encontraban <strong>su esposa, Zahra Haddad-Adel, y uno de sus hijos.<\/strong> La nueva conducci\u00f3n del l\u00edder supremo se inicia as\u00ed en medio de un escenario de guerra y fuerte tensi\u00f3n en Medio Oriente.<\/p>\n<\/article>\n<p> <!-- REGION4 } --> <\/p>\n","protected":false},"excerpt":{"rendered":"<p>9 de marzo 2026 &#8211; 11:21 Hijo del ayatol\u00e1 Al\u00ed Jamenei, asumi\u00f3 como l\u00edder supremo de Ir\u00e1n tras la muerte de su padre, consolidando a los conservadores en el poder. EFE Mojtaba Hoseini Jamene\u00ed asumi\u00f3 como l\u00edder supremo de Ir\u00e1n despu\u00e9s de que la Asamblea de Expertos lo eligiera para suceder a su padre, el [&hellip;]<\/p>\n","protected":false},"author":2,"featured_media":11241,"comment_status":"closed","ping_status":"closed","sticky":false,"template":"","format":"standard","meta":{"jetpack_post_was_ever_published":false,"_jetpack_newsletter_access":"","_jetpack_dont_email_post_to_subs":false,"_jetpack_newsletter_tier_id":0,"_jetpack_memberships_contains_paywalled_content":false,"_jetpack_memberships_contains_paid_content":false,"footnotes":"","jetpack_publicize_message":"","jetpack_publicize_feature_enabled":true,"jetpack_social_post_already_shared":true,"jetpack_social_options":{"image_generator_settings":{"template":"highway","enabled":false},"version":2}},"categories":[20],"tags":[],"class_list":["post-11240","post","type-post","status-publish","format-standard","has-post-thumbnail","hentry","category-mundo"],"jetpack_publicize_connections":[],"jetpack_featured_media_url":"https:\/\/i0.wp.com\/infolanus.com\/wp-content\/uploads\/2026\/03\/quien-es-mojtaba-hoseini-jamenei-el-nuevo-lider-supremo-de-iran.jpg?fit=655%2C368&ssl=1","jetpack_sharing_enabled":true,"jetpack_shortlink":"https:\/\/wp.me\/p9QtMr-2Vi","_links":{"self":[{"href":"https:\/\/infolanus.com\/index.php\/wp-json\/wp\/v2\/posts\/11240","targetHints":{"allow":["GET"]}}],"collection":[{"href":"https:\/\/infolanus.com\/index.php\/wp-json\/wp\/v2\/posts"}],"about":[{"href":"https:\/\/infolanus.com\/index.php\/wp-json\/wp\/v2\/types\/post"}],"author":[{"embeddable":true,"href":"https:\/\/infolanus.com\/index.php\/wp-json\/wp\/v2\/users\/2"}],"replies":[{"embeddable":true,"href":"https:\/\/infolanus.com\/index.php\/wp-json\/wp\/v2\/comments?post=11240"}],"version-history":[{"count":0,"href":"https:\/\/infolanus.com\/index.php\/wp-json\/wp\/v2\/posts\/11240\/revisions"}],"wp:featuredmedia":[{"embeddable":true,"href":"https:\/\/infolanus.com\/index.php\/wp-json\/wp\/v2\/media\/11241"}],"wp:attachment":[{"href":"https:\/\/infolanus.com\/index.php\/wp-json\/wp\/v2\/media?parent=11240"}],"wp:term":[{"taxonomy":"category","embeddable":true,"href":"https:\/\/infolanus.com\/index.php\/wp-json\/wp\/v2\/categories?post=11240"},{"taxonomy":"post_tag","embeddable":true,"href":"https:\/\/infolanus.com\/index.php\/wp-json\/wp\/v2\/tags?post=11240"}],"curies":[{"name":"wp","href":"https:\/\/api.w.org\/{rel}","templated":true}]}}