{"id":11248,"date":"2026-03-10T19:42:41","date_gmt":"2026-03-10T22:42:41","guid":{"rendered":"https:\/\/www.inforegion.com.ar\/?p=358050"},"modified":"2026-03-10T19:42:41","modified_gmt":"2026-03-10T22:42:41","slug":"alvarez-abrio-las-sesiones-en-lanus-con-un-repaso-de-gestion-y-anuncios-en-obras-salud-y-seguridad","status":"publish","type":"post","link":"https:\/\/infolanus.com\/index.php\/2026\/03\/10\/alvarez-abrio-las-sesiones-en-lanus-con-un-repaso-de-gestion-y-anuncios-en-obras-salud-y-seguridad\/","title":{"rendered":"\u00c1lvarez abri\u00f3 las sesiones en Lan\u00fas con un repaso de gesti\u00f3n y anuncios en obras, salud y seguridad"},"content":{"rendered":"<div><img data-recalc-dims=\"1\" decoding=\"async\" src=\"https:\/\/i0.wp.com\/www.inforegion.com.ar\/wp-content\/uploads\/2026\/03\/apertura-sesiones-lanus-2026.jpg?w=640&#038;ssl=1\" class=\"ff-og-image-inserted\"><\/div>\n<p>El intendente de <strong>Lan\u00fas<\/strong>, <strong>Juli\u00e1n \u00c1lvarez<\/strong>, encabez\u00f3 este martes la apertura de un nuevo per\u00edodo de <strong>Sesiones Ordinarias<\/strong> del <strong>Concejo Deliberante (HCD)<\/strong>, en un acto en el que repas\u00f3 los principales ejes de sus primeros dos a\u00f1os de gesti\u00f3n y present\u00f3 una serie de obras y medidas que, seg\u00fan afirm\u00f3, continuar\u00e1n durante los pr\u00f3ximos meses en el distrito.<\/p>\n<p>Durante su discurso ante integrantes del Gabinete municipal, concejales, representantes de instituciones, dirigentes y vecinos, el jefe comunal sostuvo que una de las prioridades de su administraci\u00f3n fue reforzar la presencia del Estado municipal en la calle. En ese sentido, remarc\u00f3 la recomposici\u00f3n salarial para los trabajadores municipales, la inversi\u00f3n en equipamiento y la revisi\u00f3n de servicios tercerizados, un proceso que, seg\u00fan indic\u00f3, permiti\u00f3 mejorar prestaciones y generar ahorros para poner en marcha el <strong>Plan de Obras Municipal<\/strong>.<\/p>\n<p>\u201c<strong>La presencia municipal en la calle es una prioridad de esta gesti\u00f3n<\/strong>\u201d, afirm\u00f3 <strong>\u00c1lvarez<\/strong>. En esa l\u00ednea, tambi\u00e9n cuestion\u00f3 la pol\u00edtica del Gobierno nacional en materia de obra p\u00fablica. \u201c<strong>En el gobierno de Javier Milei el financiamiento para obra p\u00fablica se elimin\u00f3<\/strong>\u201d, se\u00f1al\u00f3, y sostuvo que el municipio decidi\u00f3 avanzar de todos modos con obras al considerar que los vecinos \u201cno pod\u00edan seguir esperando\u201d.<\/p>\n<div id=\"ln-dashboard-2025\">\n<style> #ln-dashboard-2025 { --primary: #2c3e50; --accent: #3498db; --success: #27ae60; --bg: #f8f9fa; font-family: 'Helvetica Neue', Helvetica, Arial, sans-serif; background-color: var(--bg); padding: 25px; border-radius: 15px; max-width: 900px; margin: 20px auto; color: #333; border: 1px solid #dee2e6; } .ln-title { text-align: center; margin-bottom: 30px; border-bottom: 3px solid var(--accent); display: inline-block; width: 100%; padding-bottom: 10px; } .ln-title h2 { margin: 0; color: var(--primary); font-size: 1.6rem; } .ln-grid { display: grid; grid-template-columns: repeat(auto-fit, minmax(280px, 1fr)); gap: 20px; } .ln-card { background: white; padding: 20px; border-radius: 10px; box-shadow: 0 4px 6px rgba(0,0,0,0.05); display: flex; flex-direction: column; justify-content: space-between; } .ln-card-header { font-weight: bold; color: var(--accent); text-transform: uppercase; font-size: 0.85rem; margin-bottom: 15px; display: flex; align-items: center; gap: 8px; } .ln-main-data { font-size: 2.2rem; font-weight: 800; color: var(--primary); line-height: 1; } .ln-description { font-size: 0.9rem; margin: 10px 0; color: #666; } \/* Progress Bar Estilo *\/ .ln-progress-container { background: #eee; height: 12px; border-radius: 6px; margin: 10px 0; overflow: hidden; } .ln-progress-fill { background: var(--success); height: 100%; width: 0%; transition: width 2s ease-out; } .ln-tags { display: flex; wrap: wrap; gap: 5px; margin-top: 10px; } .ln-tag { background: #e9ecef; padding: 3px 8px; border-radius: 4px; font-size: 0.75rem; color: #495057; } @media (max-width: 600px) { #ln-dashboard-2025 { padding: 15px; } } <\/style>\n<div class=\"ln-title\">\n<h2>Anuncios durante el discurso de Apertura Sesiones 2026<\/h2>\n<\/p><\/div>\n<div class=\"ln-grid\">\n<div class=\"ln-card\">\n<div>\n<div class=\"ln-card-header\">\ud83c\udfd7\ufe0f Infraestructura Escolar<\/div>\n<p class=\"ln-description\">Meta 2023-2027: Intervenci\u00f3n del 100% de edificios p\u00fablicos.<\/p>\n<\/p><\/div>\n<\/p><\/div>\n<div class=\"ln-card\">\n<div>\n<div class=\"ln-card-header\">\ud83d\udee1\ufe0f Seguridad Ciudadana<\/div>\n<p class=\"ln-description\">Nuevos m\u00f3viles para el Equipo de Apoyo Policial (Binomios Municipio-Provincia).<\/p>\n<\/p><\/div>\n<\/p><\/div>\n<div class=\"ln-card\">\n<div>\n<div class=\"ln-card-header\">\ud83d\udee3\ufe0f Plan de Pavimentaci\u00f3n<\/div>\n<p class=\"ln-description\">Intervenciones viales realizadas en los primeros dos a\u00f1os.<\/p>\n<\/p><\/div>\n<\/p><\/div>\n<div class=\"ln-card\">\n<div>\n<div class=\"ln-card-header\">\ud83d\ude80 Pr\u00f3ximas Inauguraciones<\/div>\n<ul>\n<li>Polideportivo \u201cLa Maquinita\u201d<\/li>\n<li>Centro Salud Mental (Mujeres)<\/li>\n<li>Escuela Secundaria Biling\u00fce<\/li>\n<li>Centro Zoonosis Villa Jard\u00edn<\/li>\n<\/ul><\/div>\n<\/p><\/div>\n<\/p><\/div>\n<p> Apertura de sesiones ordinarias \u2013 Lan\u00fas \u2013 10 de marzo de 2026 <\/p>\n<\/p><\/div>\n<h2 class=\"wp-block-heading\">Obras p\u00fablicas, escuelas y nuevos proyectos<\/h2>\n<p>Entre los puntos centrales del balance, el intendente destac\u00f3 el avance del plan de infraestructura vial. Seg\u00fan precis\u00f3, el municipio concret\u00f3 <strong>m\u00e1s de 360 cuadras completas<\/strong> de pavimentaci\u00f3n y <strong>m\u00e1s de 1.400 intervenciones de bacheo<\/strong>, al tiempo que implement\u00f3 la <strong>Red de Tr\u00e1nsito Pesado<\/strong>. Tambi\u00e9n volvi\u00f3 a reclamar al <strong>Puerto de Dock Sud<\/strong> la creaci\u00f3n de un fondo compensatorio para afrontar los da\u00f1os que, seg\u00fan expres\u00f3, provoca el paso del transporte pesado en la ciudad.<\/p>\n<p>En materia educativa, asegur\u00f3 que la gesti\u00f3n se propuso intervenir el <strong>100% de los establecimientos p\u00fablicos<\/strong> entre <strong>2023 y 2027<\/strong> y que en los primeros dos a\u00f1os ya alcanz\u00f3 al <strong>65%<\/strong> de las instituciones. En ese marco, mencion\u00f3 la realizaci\u00f3n de <strong>m\u00e1s de 60 obras<\/strong> dentro del plan <strong>Construyendo Educaci\u00f3n 2024-2025<\/strong> y <strong>m\u00e1s de 30 obras de gas<\/strong>, lo que, de acuerdo con el discurso oficial, permiti\u00f3 que durante <strong>2025<\/strong> no hubiera escuelas con interrupciones en ese servicio.<\/p>\n<p>Adem\u00e1s, anunci\u00f3 el inicio de obras para el nuevo <strong>Polideportivo Municipal La Maquinita<\/strong>, el <strong>Centro de Zoonosis<\/strong> en <strong>Villa Jard\u00edn<\/strong> y la <strong>Escuela Secundaria Municipal Biling\u00fce<\/strong> en el Polo Educativo de ese barrio. Tambi\u00e9n adelant\u00f3 la inauguraci\u00f3n de un <strong>Centro Comunitario de Salud Mental<\/strong> en el <strong>Centro de Salud Ram\u00f3n Carrillo de Lan\u00fas Oeste<\/strong>, destinado a mujeres con consumos problem\u00e1ticos, un nuevo <strong>Centro de Monitoreo<\/strong> en el <strong>Parque Central Las Colonias<\/strong> y la puesta en valor del <strong>CAPS Monte Chingolo<\/strong>.<\/p>\n<h2 class=\"wp-block-heading\">Seguridad, justicia y definiciones pol\u00edticas<\/h2>\n<p>En el tramo dedicado a la seguridad, <strong>\u00c1lvarez<\/strong> resalt\u00f3 la operativizaci\u00f3n del <strong>Departamento Judicial Avellaneda-Lan\u00fas<\/strong> y celebr\u00f3 la apertura de la <strong>C\u00e1mara de Apelaciones y Garant\u00edas en lo Penal<\/strong> con sede en el distrito. \u201c<strong>Concretamos la pol\u00edtica de seguridad m\u00e1s importante en la historia de Lan\u00fas, con la consolidaci\u00f3n de un poder judicial criminal propio<\/strong>\u201d, expres\u00f3 al referirse a esa medida.<\/p>\n<p>El intendente tambi\u00e9n inform\u00f3 que enviar\u00e1 un proyecto de ordenanza al <strong>HCD<\/strong> para profundizar el programa de <strong>Seguridad Ciudadana<\/strong>. Entre los anuncios incluy\u00f3 la creaci\u00f3n del <strong>Equipo de Apoyo Policial<\/strong>, con <strong>17 nuevos m\u00f3viles<\/strong> y una modalidad de patrullaje compuesta por un agente municipal y un efectivo de la <strong>Polic\u00eda bonaerense<\/strong>. A eso sum\u00f3 la puesta en marcha de la <strong>Escuela Municipal de Formaci\u00f3n en Seguridad Ciudadana<\/strong> y el lanzamiento de un nuevo cuerpo de <strong>Agentes de Motorizada<\/strong> para reforzar controles en centros comerciales, corredores urbanos y zonas de alta circulaci\u00f3n.<\/p>\n<p>Sobre el cierre, el jefe comunal incorpor\u00f3 definiciones de tono pol\u00edtico al cuestionar expresiones contra <strong>N\u00e9stor Kirchner<\/strong> y al referirse a la situaci\u00f3n judicial de <strong>Cristina Fern\u00e1ndez de Kirchner<\/strong>. En ese marco, plante\u00f3 una defensa de la expresidenta y vincul\u00f3 ese posicionamiento con una cr\u00edtica a sectores que, seg\u00fan dijo, miran a los vecinos de <strong>Lan\u00fas<\/strong> \u201ccon desprecio\u201d.<\/p>\n","protected":false},"excerpt":{"rendered":"<p>El intendente de Lan\u00fas, Juli\u00e1n \u00c1lvarez, encabez\u00f3 este martes la apertura de un nuevo per\u00edodo de Sesiones Ordinarias del Concejo Deliberante (HCD), en un acto en el que repas\u00f3 los principales ejes de sus primeros dos a\u00f1os de gesti\u00f3n y present\u00f3 una serie de obras y medidas que, seg\u00fan afirm\u00f3, continuar\u00e1n durante los pr\u00f3ximos meses [&hellip;]<\/p>\n","protected":false},"author":2,"featured_media":11249,"comment_status":"closed","ping_status":"closed","sticky":false,"template":"","format":"standard","meta":{"jetpack_post_was_ever_published":false,"_jetpack_newsletter_access":"","_jetpack_dont_email_post_to_subs":false,"_jetpack_newsletter_tier_id":0,"_jetpack_memberships_contains_paywalled_content":false,"_jetpack_memberships_contains_paid_content":false,"footnotes":"","jetpack_publicize_message":"","jetpack_publicize_feature_enabled":true,"jetpack_social_post_already_shared":true,"jetpack_social_options":{"image_generator_settings":{"template":"highway","enabled":false},"version":2}},"categories":[19],"tags":[2063,773,981,774,427,23],"class_list":["post-11248","post","type-post","status-publish","format-standard","has-post-thumbnail","hentry","category-municipio","tag-apertura-de-sesiones","tag-centrales","tag-concejo-deliberante-de-lanus","tag-destacadas","tag-julian-alvarez","tag-lanus"],"jetpack_publicize_connections":[],"jetpack_featured_media_url":"https:\/\/i0.wp.com\/infolanus.com\/wp-content\/uploads\/2026\/03\/alvarez-abrio-las-sesiones-en-lanus-con-un-repaso-de-gestion-y-anuncios-en-obras-salud-y-seguridad.jpg?fit=1280%2C720&ssl=1","jetpack_sharing_enabled":true,"jetpack_shortlink":"https:\/\/wp.me\/p9QtMr-2Vq","_links":{"self":[{"href":"https:\/\/infolanus.com\/index.php\/wp-json\/wp\/v2\/posts\/11248","targetHints":{"allow":["GET"]}}],"collection":[{"href":"https:\/\/infolanus.com\/index.php\/wp-json\/wp\/v2\/posts"}],"about":[{"href":"https:\/\/infolanus.com\/index.php\/wp-json\/wp\/v2\/types\/post"}],"author":[{"embeddable":true,"href":"https:\/\/infolanus.com\/index.php\/wp-json\/wp\/v2\/users\/2"}],"replies":[{"embeddable":true,"href":"https:\/\/infolanus.com\/index.php\/wp-json\/wp\/v2\/comments?post=11248"}],"version-history":[{"count":0,"href":"https:\/\/infolanus.com\/index.php\/wp-json\/wp\/v2\/posts\/11248\/revisions"}],"wp:featuredmedia":[{"embeddable":true,"href":"https:\/\/infolanus.com\/index.php\/wp-json\/wp\/v2\/media\/11249"}],"wp:attachment":[{"href":"https:\/\/infolanus.com\/index.php\/wp-json\/wp\/v2\/media?parent=11248"}],"wp:term":[{"taxonomy":"category","embeddable":true,"href":"https:\/\/infolanus.com\/index.php\/wp-json\/wp\/v2\/categories?post=11248"},{"taxonomy":"post_tag","embeddable":true,"href":"https:\/\/infolanus.com\/index.php\/wp-json\/wp\/v2\/tags?post=11248"}],"curies":[{"name":"wp","href":"https:\/\/api.w.org\/{rel}","templated":true}]}}