{"id":11261,"date":"2026-03-11T09:03:00","date_gmt":"2026-03-11T12:03:00","guid":{"rendered":"https:\/\/www.ambito.com\/c6254581"},"modified":"2026-03-11T09:03:00","modified_gmt":"2026-03-11T12:03:00","slug":"gabriel-boric-se-despidio-de-la-presidencia-de-chile-antes-del-traspaso-a-jose-antonio-kast-me-voy-con-la-frente-en-alto-y-las-manos-limpias","status":"publish","type":"post","link":"https:\/\/infolanus.com\/index.php\/2026\/03\/11\/gabriel-boric-se-despidio-de-la-presidencia-de-chile-antes-del-traspaso-a-jose-antonio-kast-me-voy-con-la-frente-en-alto-y-las-manos-limpias\/","title":{"rendered":"Gabriel Boric se despidi\u00f3 de la presidencia de Chile antes del traspaso a Jos\u00e9 Antonio Kast: &#8220;Me voy con la frente en alto y las manos limpias&#8221;"},"content":{"rendered":"<div id>\n<p data-start=\"408\" data-end=\"672\">Durante un <strong>discurso de 11 minutos<\/strong>, que no fue grabado previamente, el mandatario realiz\u00f3 un balance de su gesti\u00f3n,<strong> agradeci\u00f3 el respaldo<\/strong> ciudadano durante su administraci\u00f3n y repas\u00f3 tanto <strong>los logros como las dificultades<\/strong> que marcaron su paso por <strong data-start=\"658\" data-end=\"671\">La Moneda<\/strong>.<\/p>\n<\/div>\n<div id>\n<p data-start=\"674\" data-end=\"872\">En uno de los momentos centrales del mensaje, el jefe de Estado afirm\u00f3: \u201cPuedo decirles con tranquilidad, tal como lo se\u00f1al\u00e9 el d\u00eda s\u00e1bado, que <strong>me voy con la frente en alto y con las manos limpias<\/strong>\u201d.<\/p>\n<\/div>\n<div id>\n<h2 data-section-id=\"2jv8z9\" data-start=\"874\" data-end=\"898\">Balance de su gesti\u00f3n<\/h2>\n<p data-start=\"900\" data-end=\"1063\">Al iniciar su intervenci\u00f3n, <strong data-start=\"928\" data-end=\"937\">Boric<\/strong> record\u00f3 los recorridos que realiz\u00f3 por <strong>distintas regiones durante su mandato<\/strong> y destac\u00f3 el contacto directo con la ciudadan\u00eda.<\/p>\n<\/div>\n<div id>\n<p data-start=\"1065\" data-end=\"1278\">\u201cHe recorrido Chile entero, <strong>desde el seco desierto del norte hasta los vientos creadores del sur<\/strong>\u2026 En todos esos lugares me he encontrado con ustedes, con el pueblo chileno que construye patria d\u00eda a d\u00eda\u201d, expres\u00f3.<\/p>\n<\/div>\n<div id>\n<p data-start=\"1280\" data-end=\"1396\">A partir de esa experiencia, sostuvo que el pa\u00eds se encuentra en mejores condiciones que al comienzo de su gobierno. \u201cEs justamente porque he recorrido Chile entero que puedo afirmar hoy que <strong>nuestro pa\u00eds es un mejor lugar que el que era hace cuatro a\u00f1os atr\u00e1s<\/strong>\u201d, se\u00f1al\u00f3.<\/p>\n<figure id=\"8197263-Libre-2132578962_wrap\" class=\"embed_cont type_imagen\" contenteditable=\"false\">\n<p>Jos\u00e9 Antonio Kast <span onclick=\"parent.parent.TinyMCETdcuerpo.preview_embed('8197263-Libre-2132578962')\" class=\"embed_colapse less\" id=\"8197263-Libre-2132578962_colapse\"><\/span> <span onclick=\"parent.parent.TinyMCETdcuerpo.delete_embed('8197263-Libre-2132578962')\" class=\"embed_delete less\" id=\"8197263-Libre-2132578962_delete\"><\/span><\/p>\n<div id=\"8197263-Libre-2132578962_content\" class=\"embed_content\"><img data-recalc-dims=\"1\" decoding=\"async\" src=\"https:\/\/i0.wp.com\/media.ambito.com\/p\/9417af527eed344785c96f376910584c\/adjuntos\/239\/imagenes\/043\/222\/0043222028\/jose-antonio-kast.jpg?resize=640%2C359&#038;ssl=1\" alt=\"Jos\u00e9 Antonio Kast es el presidente electo de Chile.\" title=\"Jos\u00e9 Antonio Kast es el presidente electo de Chile.\" width=\"640\" height=\"359\" id=\"8197263-Libre-2132578962_embed\" crossorigin=\"anonymous\" fetchpriority=\"high\" decode=\"async\"><\/div><figcaption class=\"embed_wrapper-cont\" readability=\"1\">\n<div id=\"8197263-Libre-2132578962_epigrafe\" class=\"embed_epigrafe\" readability=\"7\">\n<p>Jos\u00e9 Antonio Kast es el presidente electo de Chile.<\/p>\n<\/div>\n<p>Archivo<\/p>\n<\/figcaption><\/figure>\n<p data-start=\"1552\" data-end=\"1765\">El mandatario tambi\u00e9n destac\u00f3 la continuidad institucional del pa\u00eds y mencion\u00f3 a los expresidentes <strong data-start=\"1651\" data-end=\"1670\">Patricio Aylwin<\/strong>, <strong data-start=\"1672\" data-end=\"1699\">Eduardo Frei Ruiz-Tagle<\/strong>, <strong data-start=\"1701\" data-end=\"1718\">Ricardo Lagos<\/strong>, <strong data-start=\"1720\" data-end=\"1741\">Michelle Bachelet<\/strong> y <strong data-start=\"1744\" data-end=\"1764\">Sebasti\u00e1n Pi\u00f1era<\/strong>.<\/p>\n<p data-start=\"1767\" data-end=\"1877\">\u201cSomos en el fondo <strong>parte de una larga posta<\/strong>, porque as\u00ed se construye Chile, con continuidad y cambio\u201d, afirm\u00f3.<\/p>\n<h2 data-section-id=\"1r4jzdg\" data-start=\"1879\" data-end=\"1913\">Reformas y pol\u00edticas impulsadas para Chile<\/h2>\n<p data-start=\"1915\" data-end=\"2053\">Durante su discurso, el presidente <strong>enumer\u00f3 varias iniciativas impulsadas durante su gobierno<\/strong> en \u00e1reas sociales, econ\u00f3micas y de seguridad.<\/p>\n<p data-start=\"2055\" data-end=\"2252\">Entre ellas mencion\u00f3 la <strong data-start=\"2079\" data-end=\"2106\">reducci\u00f3n de la pobreza<\/strong>, se\u00f1alando que m\u00e1s de <strong data-start=\"2129\" data-end=\"2149\">600.000 familias<\/strong> habr\u00edan salido de esa situaci\u00f3n durante su administraci\u00f3n, as\u00ed como el <strong data-start=\"2221\" data-end=\"2251\">aumento del salario m\u00ednimo<\/strong>.<\/p>\n<p data-start=\"2254\" data-end=\"2293\">Tambi\u00e9n destac\u00f3 programas y leyes como la reducci\u00f3n de la <strong data-start=\"2316\" data-end=\"2346\">jornada laboral a 40 horas, <\/strong>la <strong data-start=\"2355\" data-end=\"2405\">Ley de Pago Efectivo de Pensiones de Alimentos<\/strong>, conocida como <strong data-start=\"2421\" data-end=\"2445\">\u201cLey Papito Coraz\u00f3n\u201d, <\/strong>y el <strong data-start=\"2454\" data-end=\"2479\">Copago Cero en Fonasa<\/strong>.<\/p>\n<p data-start=\"2485\" data-end=\"2575\">Asimismo, destac\u00f3 la sani\u00f3n de la <strong data-start=\"2488\" data-end=\"2499\">Ley TEA<\/strong>, orientada a la inclusi\u00f3n de personas con trastorno del espectro autista, y la <strong data-start=\"2581\" data-end=\"2635\">Ley Integral contra la Violencia hacia las Mujeres<\/strong>. Adem\u00e1s, mencion\u00f3 iniciativas estrat\u00e9gicas como la <strong data-start=\"2688\" data-end=\"2721\">Estrategia Nacional del Litio<\/strong> y el <strong data-start=\"2727\" data-end=\"2762\">Plan de Emergencia Habitacional<\/strong>.<\/p>\n<p data-start=\"2765\" data-end=\"2987\">En materia de infraestructura y transporte, destac\u00f3 el impulso a la <strong data-start=\"2833\" data-end=\"2853\">electromovilidad<\/strong>, el programa <strong data-start=\"2867\" data-end=\"2888\">Trenes para Chile<\/strong> y el legado deportivo generado por los <strong data-start=\"2928\" data-end=\"2986\">Juegos Panamericanos y Parapanamericanos Santiago 2023<\/strong>.<\/p>\n<h2 data-section-id=\"wqbgs9\" data-start=\"2989\" data-end=\"3023\">Los errores y los proyectos que no se concretaron para Boric<\/h2>\n<p data-start=\"3025\" data-end=\"3133\">El mandatario tambi\u00e9n reconoci\u00f3 que algunas<strong> iniciativas emblem\u00e1ticas<\/strong> de su gobierno no lograron concretarse. \u201cMe duele especialmente no haber logrado en nuestro periodo terminar con el <strong data-start=\"3211\" data-end=\"3218\">CAE<\/strong> y haber aprobado un nuevo financiamiento de <strong data-start=\"3263\" data-end=\"3285\">Educaci\u00f3n Superior<\/strong>\u201d, expres\u00f3.<\/p>\n<p data-start=\"3298\" data-end=\"3479\">Tambi\u00e9n lament\u00f3 que no se haya alcanzado consenso pol\u00edtico para impulsar el proyecto <strong data-start=\"3383\" data-end=\"3407\">Sala Cuna para Chile<\/strong>, pese a que, seg\u00fan indic\u00f3, exist\u00eda acuerdo t\u00e9cnico sobre la iniciativa: \u201cEspero que no cejemos en la voluntad por sacarlos adelante porque Chile los necesita\u201d.<\/p>\n<p data-start=\"3608\" data-end=\"3722\">En su \u00faltima cadena nacional, <strong data-start=\"3638\" data-end=\"3647\">Boric<\/strong> realiz\u00f3 adem\u00e1s una autocr\u00edtica sobre errores cometidos durante su gesti\u00f3n: \u201cTambi\u00e9n <strong>hubo errores que no puedo desconocer y ya habr\u00e1 tiempo para revisarlos <\/strong>con calma&#8221;.<\/p>\n<p data-start=\"3825\" data-end=\"3973\">Entre los casos mencionados incluy\u00f3 el manejo del <strong data-start=\"3875\" data-end=\"3892\">caso Monsalve<\/strong> y el fallido proceso de compra de la casa del expresidente <strong data-start=\"3952\" data-end=\"3972\">Salvador Allende<\/strong>. \u201cEn ambos <strong>asumo la responsabilidad<\/strong>\u201d, sostuvo.<\/p>\n<div contenteditable=\"false\" class=\"embed_cont type_freetext\" rel=\"freetext\" id=\"embed3571_wrap\" data-provider=\"Twitter\" readability=\"30.300613496933\">\n<p>Embed &#8211; https:\/\/publish.x.com\/oembed?url=https:\/\/x.com\/GabrielBoric\/status\/2031538037516042376?s=20&amp;partner=&amp;hide_thread=false<span onclick=\"parent.parent.TinyMCETdcuerpo.preview_embed('embed3571')\" class=\"embed_colapse less\" id=\"embed3571_colapse\"><\/span><span onclick=\"parent.parent.TinyMCETdcuerpo.delete_embed('embed3571')\" class=\"embed_delete less\" id=\"embed3571_delete\"><\/span><\/p>\n<div id=\"embed3571_content\" class=\"embed_content\">\n<div id=\"embed3571_embed\" readability=\"8.0055248618785\">\n<blockquote data-td-script-src=\"https:\/\/platform.twitter.com\/widgets.js\" class=\"twitter-tweet\" readability=\"9.7845303867403\">\n<p dir=\"ltr\" lang=\"es\"> Chilenas y chilenos, quiero que sepan que tom\u00e9 con humildad el mandato que hace cuatro a\u00f1os ustedes me dieran y les prometo que durante todo este tiempo he dado lo mejor de m\u00ed para estar a la altura de esta tremenda responsabilidad.<\/p>\n<p>Tal como mis antecesores, no estuve solo en\u2026 <a href=\"https:\/\/t.co\/7xXztsfJhS\">pic.twitter.com\/7xXztsfJhS<\/a><\/p>\n<p> \u2014 Gabriel Boric Font (@GabrielBoric) <a href=\"https:\/\/twitter.com\/GabrielBoric\/status\/2031538037516042376?ref_src=twsrc%5Etfw\">March 11, 2026<\/a><\/p><\/blockquote>\n<\/div><\/div>\n<\/p><\/div>\n<h2 data-section-id=\"1bo957z\" data-start=\"4022\" data-end=\"4075\">Traspaso de mando con Jos\u00e9 Antonio Kast<\/h2>\n<p data-start=\"4077\" data-end=\"4221\">El presidente tambi\u00e9n se refiri\u00f3 al<strong> traspaso de mando <\/strong>que se realizar\u00e1 este mi\u00e9rcoles y asegur\u00f3 que la ceremonia se desarrollar\u00e1 con normalidad. \u201cLes aseguro chilenos y chilenas que tendremos un cambio de mando impecable\u201d, se\u00f1al\u00f3, tras confirmar que mantuvo conversaciones con el presidente electo <strong data-start=\"4376\" data-end=\"4397\">Jos\u00e9 Antonio Kast<\/strong>.<\/p>\n<p data-start=\"4400\" data-end=\"4474\">Adem\u00e1s, subray\u00f3 la importancia de cuidar la institucionalidad democr\u00e1tica: \u201c<strong>Chile est\u00e1 primero y la democracia que tanto nos cost\u00f3 <\/strong>recuperar es importante cultivarla d\u00eda a d\u00eda\u201d.<\/p>\n<p data-start=\"4704\" data-end=\"4939\">\u201cCuando termine la ceremonia y hayamos hecho entrega de la banda presidencial saldr\u00e9 del Congreso como un ciudadano m\u00e1s y me ir\u00e9 con <strong data-start=\"4837\" data-end=\"4846\">Paula<\/strong>, con el <strong data-start=\"4855\" data-end=\"4863\">Vale<\/strong> y con <strong data-start=\"4870\" data-end=\"4881\">Violeta<\/strong> a construir <strong>una vida lejos de la primera l\u00ednea<\/strong>\u201d, expres\u00f3 Boric asegurando que tras dejar el cargo regresar\u00e1 a la vida privada junto a su familia.<\/p>\n<p data-start=\"4941\" data-end=\"5042\">Sin embargo, asegur\u00f3 que seguir\u00e1 disponible para colaborar en asuntos de Estado cuando sea necesario: \u201c<strong>Como expresidente uno tiene responsabilidades<\/strong>\u2026 y el futuro presidente siempre contar\u00e1 conmigo para los temas de Estado\u201d.<\/p>\n<p data-start=\"5261\" data-end=\"5486\" data-is-last-node data-is-only-node>\u201cMe despido con gran emoci\u00f3n y con la certeza de que desde cualquier lugar vamos a seguir trabajando por construir un <strong data-start=\"5379\" data-end=\"5427\">Chile m\u00e1s justo, m\u00e1s digno y m\u00e1s igualitario<\/strong>\u2026 aqu\u00ed nada termina, aqu\u00ed cada d\u00eda es continuar\u201d, concluy\u00f3 el mandatario.<\/p>\n<\/div>\n","protected":false},"excerpt":{"rendered":"<p>Durante un discurso de 11 minutos, que no fue grabado previamente, el mandatario realiz\u00f3 un balance de su gesti\u00f3n, agradeci\u00f3 el respaldo ciudadano durante su administraci\u00f3n y repas\u00f3 tanto los logros como las dificultades que marcaron su paso por La Moneda. En uno de los momentos centrales del mensaje, el jefe de Estado afirm\u00f3: \u201cPuedo [&hellip;]<\/p>\n","protected":false},"author":2,"featured_media":11262,"comment_status":"closed","ping_status":"closed","sticky":false,"template":"","format":"standard","meta":{"jetpack_post_was_ever_published":false,"_jetpack_newsletter_access":"","_jetpack_dont_email_post_to_subs":false,"_jetpack_newsletter_tier_id":0,"_jetpack_memberships_contains_paywalled_content":false,"_jetpack_memberships_contains_paid_content":false,"footnotes":"","jetpack_publicize_message":"","jetpack_publicize_feature_enabled":true,"jetpack_social_post_already_shared":true,"jetpack_social_options":{"image_generator_settings":{"template":"highway","enabled":false},"version":2}},"categories":[20],"tags":[],"class_list":["post-11261","post","type-post","status-publish","format-standard","has-post-thumbnail","hentry","category-mundo"],"jetpack_publicize_connections":[],"jetpack_featured_media_url":"https:\/\/i0.wp.com\/infolanus.com\/wp-content\/uploads\/2026\/03\/gabriel-boric-se-despidio-de-la-presidencia-de-chile-antes-del-traspaso-a-jose-antonio-kast-me-voy-con-la-frente-en-alto-y-las-manos-limpias.jpg?fit=730%2C409&ssl=1","jetpack_sharing_enabled":true,"jetpack_shortlink":"https:\/\/wp.me\/p9QtMr-2VD","_links":{"self":[{"href":"https:\/\/infolanus.com\/index.php\/wp-json\/wp\/v2\/posts\/11261","targetHints":{"allow":["GET"]}}],"collection":[{"href":"https:\/\/infolanus.com\/index.php\/wp-json\/wp\/v2\/posts"}],"about":[{"href":"https:\/\/infolanus.com\/index.php\/wp-json\/wp\/v2\/types\/post"}],"author":[{"embeddable":true,"href":"https:\/\/infolanus.com\/index.php\/wp-json\/wp\/v2\/users\/2"}],"replies":[{"embeddable":true,"href":"https:\/\/infolanus.com\/index.php\/wp-json\/wp\/v2\/comments?post=11261"}],"version-history":[{"count":0,"href":"https:\/\/infolanus.com\/index.php\/wp-json\/wp\/v2\/posts\/11261\/revisions"}],"wp:featuredmedia":[{"embeddable":true,"href":"https:\/\/infolanus.com\/index.php\/wp-json\/wp\/v2\/media\/11262"}],"wp:attachment":[{"href":"https:\/\/infolanus.com\/index.php\/wp-json\/wp\/v2\/media?parent=11261"}],"wp:term":[{"taxonomy":"category","embeddable":true,"href":"https:\/\/infolanus.com\/index.php\/wp-json\/wp\/v2\/categories?post=11261"},{"taxonomy":"post_tag","embeddable":true,"href":"https:\/\/infolanus.com\/index.php\/wp-json\/wp\/v2\/tags?post=11261"}],"curies":[{"name":"wp","href":"https:\/\/api.w.org\/{rel}","templated":true}]}}