{"id":11265,"date":"2026-03-11T12:03:42","date_gmt":"2026-03-11T15:03:42","guid":{"rendered":"https:\/\/www.inforegion.com.ar\/?p=358103"},"modified":"2026-03-11T12:03:42","modified_gmt":"2026-03-11T15:03:42","slug":"un-menor-amenazo-con-una-masacre-escolar-allanaron-su-casa-en-lanus","status":"publish","type":"post","link":"https:\/\/infolanus.com\/index.php\/2026\/03\/11\/un-menor-amenazo-con-una-masacre-escolar-allanaron-su-casa-en-lanus\/","title":{"rendered":"Un menor amenaz\u00f3 con una masacre escolar: allanaron su casa en Lan\u00fas"},"content":{"rendered":"<div><img data-recalc-dims=\"1\" decoding=\"async\" src=\"https:\/\/i0.wp.com\/www.inforegion.com.ar\/wp-content\/uploads\/2026\/03\/WhatsApp-Image-2026-03-11-at-11.34.36-e1773240074556.jpeg?w=640&#038;ssl=1\" class=\"ff-og-image-inserted\"><\/div>\n<p><strong>La Polic\u00eda Federal identific\u00f3, en Lan\u00fas, a un menor de edad que hab\u00eda amenazado con concretar una masacre escolar. <\/strong>Allanaron su casa y secuestraron diversos elementos vinculados a un potencial ataque.<\/p>\n<p>La investigaci\u00f3n surgi\u00f3 por un <strong>informe del FBI<\/strong>, a trav\u00e9s de su Agregado Jur\u00eddico en la Rep\u00fablica Argentina, mediante el cual se alert\u00f3 sobre la situaci\u00f3n que se estaba desarrollando en el \u00e1mbito virtual.<\/p>\n<p><strong>Advirti\u00f3 que, en una reconocida plataforma de videojuegos en l\u00ednea, un usuario hab\u00eda ingresado al \u201cchat\u201d manifestando su intenci\u00f3n de convertirse en un \u201ctirador real\u201d y d\u00edas m\u00e1s tarde, expres\u00f3 su anhelo de cometer una masacre similar a la ocurrida en el a\u00f1o 2023 en Nashville, Estados Unidos.<\/strong><\/p>\n<p>Intervino en la causa el Juzgado Federal en lo Criminal y Correccional N\u00b0 1 de Lomas de Zamora, a cargo de Federico Hern\u00e1n Villena, Secretar\u00eda N\u00b0 16 de Sebasti\u00e1n Garber.<\/p>\n<p><strong>A partir de tareas de inteligencia, establecieron que el responsable de las intimidaciones era un menor de edad que resid\u00eda en una vivienda ubicada en Sitio de Montevideo, Lan\u00fas Este.<\/strong><\/p>\n<p>En el allanamiento, secuestraron dos dagas de uso militar; uniformes ap\u00f3crifos de la Polic\u00eda Federal Argentina, de la Polic\u00eda Bonaerense y de la Polic\u00eda de Santa Fe; una insignia del Ej\u00e9rcito Argentino; tres chapas identificatorias con el nombre del implicado; otra con la leyenda \u201cCampa\u00f1a del servicio en Irak\u201d; y una restante perteneciente a una comunidad de una Academia de Tiro. <\/p>\n<p>Asimismo, se decomisaron chalecos t\u00e1cticos, gorras militares, dos tel\u00e9fonos celulares, dos pendrives y dem\u00e1s documentaci\u00f3n de inter\u00e9s para la pesquisa.<\/p>\n","protected":false},"excerpt":{"rendered":"<p>La Polic\u00eda Federal identific\u00f3, en Lan\u00fas, a un menor de edad que hab\u00eda amenazado con concretar una masacre escolar. Allanaron su casa y secuestraron diversos elementos vinculados a un potencial ataque. La investigaci\u00f3n surgi\u00f3 por un informe del FBI, a trav\u00e9s de su Agregado Jur\u00eddico en la Rep\u00fablica Argentina, mediante el cual se alert\u00f3 sobre [&hellip;]<\/p>\n","protected":false},"author":2,"featured_media":11266,"comment_status":"closed","ping_status":"closed","sticky":false,"template":"","format":"standard","meta":{"jetpack_post_was_ever_published":false,"_jetpack_newsletter_access":"","_jetpack_dont_email_post_to_subs":false,"_jetpack_newsletter_tier_id":0,"_jetpack_memberships_contains_paywalled_content":false,"_jetpack_memberships_contains_paid_content":false,"footnotes":"","jetpack_publicize_message":"","jetpack_publicize_feature_enabled":true,"jetpack_social_post_already_shared":true,"jetpack_social_options":{"image_generator_settings":{"template":"highway","enabled":false},"version":2}},"categories":[19,547],"tags":[773,774,23,2064,445,822],"class_list":["post-11265","post","type-post","status-publish","format-standard","has-post-thumbnail","hentry","category-municipio","category-policiales","tag-centrales","tag-destacadas","tag-lanus","tag-masacre-escolar","tag-policia-federal","tag-policiales"],"jetpack_publicize_connections":[],"jetpack_featured_media_url":"https:\/\/i0.wp.com\/infolanus.com\/wp-content\/uploads\/2026\/03\/un-menor-amenazo-con-una-masacre-escolar-allanaron-su-casa-en-lanus.jpg?fit=1124%2C682&ssl=1","jetpack_sharing_enabled":true,"jetpack_shortlink":"https:\/\/wp.me\/p9QtMr-2VH","_links":{"self":[{"href":"https:\/\/infolanus.com\/index.php\/wp-json\/wp\/v2\/posts\/11265","targetHints":{"allow":["GET"]}}],"collection":[{"href":"https:\/\/infolanus.com\/index.php\/wp-json\/wp\/v2\/posts"}],"about":[{"href":"https:\/\/infolanus.com\/index.php\/wp-json\/wp\/v2\/types\/post"}],"author":[{"embeddable":true,"href":"https:\/\/infolanus.com\/index.php\/wp-json\/wp\/v2\/users\/2"}],"replies":[{"embeddable":true,"href":"https:\/\/infolanus.com\/index.php\/wp-json\/wp\/v2\/comments?post=11265"}],"version-history":[{"count":0,"href":"https:\/\/infolanus.com\/index.php\/wp-json\/wp\/v2\/posts\/11265\/revisions"}],"wp:featuredmedia":[{"embeddable":true,"href":"https:\/\/infolanus.com\/index.php\/wp-json\/wp\/v2\/media\/11266"}],"wp:attachment":[{"href":"https:\/\/infolanus.com\/index.php\/wp-json\/wp\/v2\/media?parent=11265"}],"wp:term":[{"taxonomy":"category","embeddable":true,"href":"https:\/\/infolanus.com\/index.php\/wp-json\/wp\/v2\/categories?post=11265"},{"taxonomy":"post_tag","embeddable":true,"href":"https:\/\/infolanus.com\/index.php\/wp-json\/wp\/v2\/tags?post=11265"}],"curies":[{"name":"wp","href":"https:\/\/api.w.org\/{rel}","templated":true}]}}