{"id":11269,"date":"2026-03-12T10:11:00","date_gmt":"2026-03-12T13:11:00","guid":{"rendered":"https:\/\/www.ambito.com\/c6255096"},"modified":"2026-03-12T10:11:00","modified_gmt":"2026-03-12T13:11:00","slug":"jose-antonio-kast-ordeno-levantar-barreras-en-la-frontera-de-chile-con-bolivia-para-frenar-la-inmigracion","status":"publish","type":"post","link":"https:\/\/infolanus.com\/index.php\/2026\/03\/12\/jose-antonio-kast-ordeno-levantar-barreras-en-la-frontera-de-chile-con-bolivia-para-frenar-la-inmigracion\/","title":{"rendered":"Jos\u00e9 Antonio Kast orden\u00f3 levantar barreras en la frontera de Chile con Bolivia para frenar la inmigraci\u00f3n"},"content":{"rendered":"<div id>\n<p data-start=\"389\" data-end=\"607\">La decisi\u00f3n fue anunciada durante un acto oficial realizado poco despu\u00e9s de su asunci\u00f3n, en el que el mandatario firm\u00f3 <strong data-start=\"508\" data-end=\"535\">seis decretos iniciales<\/strong>, de los cuales <strong data-start=\"551\" data-end=\"606\">tres estuvieron vinculados a la pol\u00edtica migratoria<\/strong>.<\/p>\n<\/div>\n<div id>\n<p data-start=\"609\" data-end=\"1004\">Durante la ceremonia, Kast solicit\u00f3 la colaboraci\u00f3n de las <strong data-start=\"672\" data-end=\"691\">Fuerzas Armadas<\/strong> para avanzar con las medidas. <strong>\u201cLe solicito la colaboraci\u00f3n activa en el aumento de funcionarios<\/strong>\u201d y \u201cle encomiendo tambi\u00e9n que nos colabore con la <strong>construcci\u00f3n de barreras f\u00edsicas para detener el ingreso de la inmigraci\u00f3n ilegal<\/strong>\u201d, expres\u00f3 el presidente al jefe del <strong data-start=\"964\" data-end=\"985\">Ej\u00e9rcito de Chile<\/strong>, <strong data-start=\"987\" data-end=\"1003\">Pedro Varela<\/strong>.<\/p>\n<\/div>\n<div id>\n<h2 data-section-id=\"8kwux6\" data-start=\"1006\" data-end=\"1049\">La pol\u00edtica migratoria de Jos\u00e9 Antonio Kast<\/h2>\n<p data-start=\"1051\" data-end=\"1209\">La construcci\u00f3n de <strong>obst\u00e1culos f\u00edsicos <\/strong>en la frontera forma parte de una estrategia que el nuevo gobierno present\u00f3 para controlar el ingreso irregular al pa\u00eds.<\/p>\n<\/div>\n<div id>\n<figure id=\"8197286-Libre-1115752280_wrap\" class=\"embed_cont type_imagen\" contenteditable=\"false\" readability=\"2\">\n<p>1773152914322-jose-antonio-kast-1 (1) <span onclick=\"parent.parent.TinyMCETdcuerpo.preview_embed('8197286-Libre-1115752280')\" class=\"embed_colapse less\" id=\"8197286-Libre-1115752280_colapse\"><\/span> <span onclick=\"parent.parent.TinyMCETdcuerpo.delete_embed('8197286-Libre-1115752280')\" class=\"embed_delete less\" id=\"8197286-Libre-1115752280_delete\"><\/span><\/p>\n<div id=\"8197286-Libre-1115752280_content\" class=\"embed_content\"><img data-recalc-dims=\"1\" decoding=\"async\" src=\"https:\/\/i0.wp.com\/media.ambito.com\/p\/309ad061a626c6f069370ba2f65e79a9\/adjuntos\/239\/imagenes\/043\/222\/0043222192\/730x0\/577x303%3A597x323\/1773152914322-jose-antonio-kast-1-1.jpg?resize=640%2C419&#038;ssl=1\" alt title width=\"640\" height=\"419\" id=\"8197286-Libre-1115752280_embed\" crossorigin=\"anonymous\" fetchpriority=\"high\" decode=\"async\"><\/div><figcaption class=\"embed_wrapper-cont\"> <\/figcaption><\/figure>\n<p data-start=\"1211\" data-end=\"1420\">Seg\u00fan cifras oficiales, actualmente <strong data-start=\"1247\" data-end=\"1324\">337.000 extranjeros residen en Chile sin la documentaci\u00f3n correspondiente<\/strong>, un dato que el gobierno de Kast utiliz\u00f3 como argumento para justificar las nuevas medidas.<\/p>\n<\/div>\n<div id>\n<p data-start=\"1422\" data-end=\"1673\">Durante la campa\u00f1a presidencial, el l\u00edder del <strong data-start=\"1468\" data-end=\"1491\">Partido Republicano<\/strong> prometi\u00f3 adoptar una pol\u00edtica m\u00e1s dura contra la <strong data-start=\"1541\" data-end=\"1566\">inmigraci\u00f3n irregular<\/strong>, incluyendo la <strong data-start=\"1582\" data-end=\"1627\">deportaci\u00f3n de cerca de 340.000 migrantes<\/strong>, en su mayor\u00eda provenientes de <strong data-start=\"1659\" data-end=\"1672\">Venezuela<\/strong>.<\/p>\n<p data-start=\"1675\" data-end=\"1819\">En ese contexto, el mandatario <strong>cuestion\u00f3 la gesti\u00f3n anterior<\/strong> y asegur\u00f3 que impulsar\u00e1 un cambio de rumbo en materia de seguridad y orden p\u00fablico.<\/p>\n<p data-start=\"1821\" data-end=\"1968\">\u201cEste gobierno (por el de Boric) gener\u00f3<strong> caos, desorden e inseguridad<\/strong>. Y nosotros vamos a ir a la inversa\u201d, afirm\u00f3 durante la campa\u00f1a electoral.<\/p>\n<h2 data-section-id=\"15pwygw\" data-start=\"1970\" data-end=\"2024\">Auditor\u00eda al Estado y cr\u00edticas al gobierno de Boric<\/h2>\n<p data-start=\"2026\" data-end=\"2279\">En su primer mensaje tras asumir la presidencia, <strong data-start=\"2075\" data-end=\"2083\">Kast<\/strong> tambi\u00e9n anunci\u00f3 que ordenar\u00e1 una <strong data-start=\"2117\" data-end=\"2163\">auditor\u00eda general en todos los ministerios<\/strong>, con el objetivo de evaluar la situaci\u00f3n en la que el gobierno de <strong data-start=\"2230\" data-end=\"2247\">Gabriel Boric<\/strong> dej\u00f3 la administraci\u00f3n p\u00fablica.<\/p>\n<p data-start=\"2281\" data-end=\"2452\">\u201c<strong data-start=\"2282\" data-end=\"2357\">Nos entregan un pa\u00eds en peores condiciones de las que pod\u00edamos imaginar<\/strong>\u201d, sostuvo el mandatario al referirse al estado de las cuentas p\u00fablicas y de las instituciones.<\/p>\n<p data-start=\"2511\" data-end=\"2680\">El nuevo presidente tambi\u00e9n inform\u00f3 que residir\u00e1 junto a su esposa, <strong data-start=\"2579\" data-end=\"2596\">P\u00eda Adriasola<\/strong>, en el <strong data-start=\"2604\" data-end=\"2628\">palacio presidencial<\/strong>, lo que describi\u00f3 como una supuesta &#8220;se\u00f1al de austeridad&#8221;.<\/p>\n<p data-start=\"2682\" data-end=\"2875\">Seg\u00fan explic\u00f3, la decisi\u00f3n se tom\u00f3 para evitar que el Estado contin\u00fae financiando el alquiler de viviendas privadas para los mandatarios, una pr\u00e1ctica utilizada por algunos de sus predecesores.<\/p>\n<h2 data-section-id=\"ysrd7r\" data-start=\"2877\" data-end=\"2915\">Perfil del nuevo presidente de Chile<\/h2>\n<p data-start=\"2917\" data-end=\"3152\">Con <strong data-start=\"2921\" data-end=\"2932\">60 a\u00f1os<\/strong>, <strong data-start=\"2934\" data-end=\"2955\">Jos\u00e9 Antonio Kast<\/strong> acumul\u00f3 <strong data-start=\"2964\" data-end=\"3004\">tres d\u00e9cadas de trayectoria pol\u00edtica<\/strong> y es padre de <strong data-start=\"3019\" data-end=\"3034\">nueve hijos<\/strong>. Abogado de formaci\u00f3n, se consolid\u00f3 como una de las figuras m\u00e1s visibles de la <strong data-start=\"3114\" data-end=\"3151\">derecha ultraconservadora chilena<\/strong>.<\/p>\n<p data-start=\"3154\" data-end=\"3369\">Entre sus posiciones m\u00e1s controvertidas figuran su rechazo al <strong data-start=\"3216\" data-end=\"3256\">aborto incluso en casos de violaci\u00f3n<\/strong>, la <strong data-start=\"3261\" data-end=\"3301\">p\u00edldora anticonceptiva de emergencia<\/strong>, el <strong data-start=\"3306\" data-end=\"3318\">divorcio<\/strong>, el <strong data-start=\"3323\" data-end=\"3349\">matrimonio igualitario<\/strong> y la <strong data-start=\"3355\" data-end=\"3368\">eutanasia<\/strong>.<\/p>\n<p data-start=\"3371\" data-end=\"3741\" data-is-last-node data-is-only-node>La ceremonia de investidura cont\u00f3 con la presencia de varios l\u00edderes internacionales, entre ellos el presidente argentino <strong data-start=\"3493\" data-end=\"3509\">Javier Milei<\/strong>, el dirigente boliviano <strong data-start=\"3534\" data-end=\"3549\">Rodrigo Paz<\/strong>, el mandatario ecuatoriano <strong data-start=\"3577\" data-end=\"3593\">Daniel Noboa<\/strong>, el subsecretario de Estado estadounidense <strong data-start=\"3637\" data-end=\"3659\">Christopher Landau<\/strong> y la dirigente venezolana y <strong data-start=\"3688\" data-end=\"3714\">Premio Nobel de la Paz<\/strong>, <strong data-start=\"3716\" data-end=\"3740\">Mar\u00eda Corina Machado<\/strong>.<\/p>\n<\/div>\n","protected":false},"excerpt":{"rendered":"<p>La decisi\u00f3n fue anunciada durante un acto oficial realizado poco despu\u00e9s de su asunci\u00f3n, en el que el mandatario firm\u00f3 seis decretos iniciales, de los cuales tres estuvieron vinculados a la pol\u00edtica migratoria. Durante la ceremonia, Kast solicit\u00f3 la colaboraci\u00f3n de las Fuerzas Armadas para avanzar con las medidas. \u201cLe solicito la colaboraci\u00f3n activa en [&hellip;]<\/p>\n","protected":false},"author":2,"featured_media":11270,"comment_status":"closed","ping_status":"closed","sticky":false,"template":"","format":"standard","meta":{"jetpack_post_was_ever_published":false,"_jetpack_newsletter_access":"","_jetpack_dont_email_post_to_subs":false,"_jetpack_newsletter_tier_id":0,"_jetpack_memberships_contains_paywalled_content":false,"_jetpack_memberships_contains_paid_content":false,"footnotes":"","jetpack_publicize_message":"","jetpack_publicize_feature_enabled":true,"jetpack_social_post_already_shared":true,"jetpack_social_options":{"image_generator_settings":{"template":"highway","enabled":false},"version":2}},"categories":[20],"tags":[],"class_list":["post-11269","post","type-post","status-publish","format-standard","has-post-thumbnail","hentry","category-mundo"],"jetpack_publicize_connections":[],"jetpack_featured_media_url":"https:\/\/i0.wp.com\/infolanus.com\/wp-content\/uploads\/2026\/03\/jose-antonio-kast-ordeno-levantar-barreras-en-la-frontera-de-chile-con-bolivia-para-frenar-la-inmigracion.jpg?fit=730%2C478&ssl=1","jetpack_sharing_enabled":true,"jetpack_shortlink":"https:\/\/wp.me\/p9QtMr-2VL","_links":{"self":[{"href":"https:\/\/infolanus.com\/index.php\/wp-json\/wp\/v2\/posts\/11269","targetHints":{"allow":["GET"]}}],"collection":[{"href":"https:\/\/infolanus.com\/index.php\/wp-json\/wp\/v2\/posts"}],"about":[{"href":"https:\/\/infolanus.com\/index.php\/wp-json\/wp\/v2\/types\/post"}],"author":[{"embeddable":true,"href":"https:\/\/infolanus.com\/index.php\/wp-json\/wp\/v2\/users\/2"}],"replies":[{"embeddable":true,"href":"https:\/\/infolanus.com\/index.php\/wp-json\/wp\/v2\/comments?post=11269"}],"version-history":[{"count":0,"href":"https:\/\/infolanus.com\/index.php\/wp-json\/wp\/v2\/posts\/11269\/revisions"}],"wp:featuredmedia":[{"embeddable":true,"href":"https:\/\/infolanus.com\/index.php\/wp-json\/wp\/v2\/media\/11270"}],"wp:attachment":[{"href":"https:\/\/infolanus.com\/index.php\/wp-json\/wp\/v2\/media?parent=11269"}],"wp:term":[{"taxonomy":"category","embeddable":true,"href":"https:\/\/infolanus.com\/index.php\/wp-json\/wp\/v2\/categories?post=11269"},{"taxonomy":"post_tag","embeddable":true,"href":"https:\/\/infolanus.com\/index.php\/wp-json\/wp\/v2\/tags?post=11269"}],"curies":[{"name":"wp","href":"https:\/\/api.w.org\/{rel}","templated":true}]}}