{"id":11278,"date":"2026-03-13T10:21:50","date_gmt":"2026-03-13T13:21:50","guid":{"rendered":"https:\/\/www.inforegion.com.ar\/?p=358219"},"modified":"2026-03-13T10:21:50","modified_gmt":"2026-03-13T13:21:50","slug":"wos-llega-a-lanus-con-la-gira-bonaerense-26","status":"publish","type":"post","link":"https:\/\/infolanus.com\/index.php\/2026\/03\/13\/wos-llega-a-lanus-con-la-gira-bonaerense-26\/","title":{"rendered":"Wos llega a Lan\u00fas con la Gira Bonaerense \u00b426"},"content":{"rendered":"<div><img data-recalc-dims=\"1\" decoding=\"async\" src=\"https:\/\/i0.wp.com\/www.inforegion.com.ar\/wp-content\/uploads\/2026\/03\/wos-e1773408093764.jpg?w=640&#038;ssl=1\" class=\"ff-og-image-inserted\"><\/div>\n<p><strong>Wos&nbsp;anunci\u00f3 su&nbsp;Gira Bonaerense \u201926, programada entre abril y junio de 2026, marcando su regreso a los escenarios de la provincia de Buenos Aires.&nbsp;<\/strong>Lan\u00fas ser\u00e1 uno de los destinos. Las entradas ya se encuentran a la venta.<\/p>\n<p><strong>Desde ayer al mediod\u00eda ya se encuentran a la venta las entradas para la Gira Bonaerense \u00b426 de Wos.<\/strong> \u201cListo el mapa, trazada la ruta, echada la suerte. Hasta entonces\u201d, reza el mensaje del artista, que se prepara la gira que comienza el mes pr\u00f3ximo.<\/p>\n<p><strong>Lan\u00fas ser\u00e1 uno de los destinos de la Gira Bonaerense \u00b426. <\/strong>Se presentar\u00e1 el 19 de junio en el Microestadio de Lan\u00fas, ubicado sobre la avenida 9 de Julio. De hecho, ya tiene el sello de \u201cagotado\u201d.<\/p>\n<blockquote class=\"twitter-tweet\">\n<p lang=\"zxx\" dir=\"ltr\"><a href=\"https:\/\/t.co\/VlSsKunA9k\">https:\/\/t.co\/VlSsKunA9k<\/a> <a href=\"https:\/\/t.co\/59zFxQEuIO\">pic.twitter.com\/59zFxQEuIO<\/a><\/p>\n<p>\u2014 Wos.ds3 (@wosistas) <a href=\"https:\/\/twitter.com\/wosistas\/status\/2032428215671693730?ref_src=twsrc%5Etfw\">March 13, 2026<\/a><\/p><\/blockquote>\n<p>En rigor, <strong>la gira comienza el 25 de abril en Mar del Plata<\/strong>, se presenta en Once Unidos; el 1 de mayo ser\u00e1 el turno de Bah\u00eda blanca, mientras que el 8 de mayo llega a Tandil. El 9 de ese mes desembarca en Jun\u00edn, el 23 en Ituzaing\u00f3 (agotado) y el 12 de junio llega a Villa Ballester.<\/p>\n<p>Wos fue el encargado de cerrar el Festival Buena Vibra en Buenos Aires, luego de haber finalizado 2025 con seis shows en el Estadio Obras Sanitarias y uno en el Hip\u00f3dromo de La Plata.<\/p>\n","protected":false},"excerpt":{"rendered":"<p>Wos&nbsp;anunci\u00f3 su&nbsp;Gira Bonaerense \u201926, programada entre abril y junio de 2026, marcando su regreso a los escenarios de la provincia de Buenos Aires.&nbsp;Lan\u00fas ser\u00e1 uno de los destinos. Las entradas ya se encuentran a la venta. Desde ayer al mediod\u00eda ya se encuentran a la venta las entradas para la Gira Bonaerense \u00b426 de Wos. [&hellip;]<\/p>\n","protected":false},"author":2,"featured_media":11279,"comment_status":"closed","ping_status":"closed","sticky":false,"template":"","format":"standard","meta":{"jetpack_post_was_ever_published":false,"_jetpack_newsletter_access":"","_jetpack_dont_email_post_to_subs":false,"_jetpack_newsletter_tier_id":0,"_jetpack_memberships_contains_paywalled_content":false,"_jetpack_memberships_contains_paid_content":false,"footnotes":"","jetpack_publicize_message":"","jetpack_publicize_feature_enabled":true,"jetpack_social_post_already_shared":true,"jetpack_social_options":{"image_generator_settings":{"template":"highway","enabled":false},"version":2}},"categories":[19],"tags":[774,2067,23,1515,2068],"class_list":["post-11278","post","type-post","status-publish","format-standard","has-post-thumbnail","hentry","category-municipio","tag-destacadas","tag-gira-bonaerense-26","tag-lanus","tag-musica","tag-wos"],"jetpack_publicize_connections":[],"jetpack_featured_media_url":"https:\/\/i0.wp.com\/infolanus.com\/wp-content\/uploads\/2026\/03\/wos-llega-a-lanus-con-la-gira-bonaerense-26.jpg?fit=1440%2C810&ssl=1","jetpack_sharing_enabled":true,"jetpack_shortlink":"https:\/\/wp.me\/p9QtMr-2VU","_links":{"self":[{"href":"https:\/\/infolanus.com\/index.php\/wp-json\/wp\/v2\/posts\/11278","targetHints":{"allow":["GET"]}}],"collection":[{"href":"https:\/\/infolanus.com\/index.php\/wp-json\/wp\/v2\/posts"}],"about":[{"href":"https:\/\/infolanus.com\/index.php\/wp-json\/wp\/v2\/types\/post"}],"author":[{"embeddable":true,"href":"https:\/\/infolanus.com\/index.php\/wp-json\/wp\/v2\/users\/2"}],"replies":[{"embeddable":true,"href":"https:\/\/infolanus.com\/index.php\/wp-json\/wp\/v2\/comments?post=11278"}],"version-history":[{"count":0,"href":"https:\/\/infolanus.com\/index.php\/wp-json\/wp\/v2\/posts\/11278\/revisions"}],"wp:featuredmedia":[{"embeddable":true,"href":"https:\/\/infolanus.com\/index.php\/wp-json\/wp\/v2\/media\/11279"}],"wp:attachment":[{"href":"https:\/\/infolanus.com\/index.php\/wp-json\/wp\/v2\/media?parent=11278"}],"wp:term":[{"taxonomy":"category","embeddable":true,"href":"https:\/\/infolanus.com\/index.php\/wp-json\/wp\/v2\/categories?post=11278"},{"taxonomy":"post_tag","embeddable":true,"href":"https:\/\/infolanus.com\/index.php\/wp-json\/wp\/v2\/tags?post=11278"}],"curies":[{"name":"wp","href":"https:\/\/api.w.org\/{rel}","templated":true}]}}