{"id":11284,"date":"2026-03-13T15:42:00","date_gmt":"2026-03-13T18:42:00","guid":{"rendered":"https:\/\/www.ambito.com\/mundo\/jose-antonio-kast-endurece-su-politica-migratoria-llego-maquinaria-militar-la-frontera-chile-peru-n6255752"},"modified":"2026-03-13T15:42:00","modified_gmt":"2026-03-13T18:42:00","slug":"jose-antonio-kast-endurece-su-politica-migratoria-llego-maquinaria-militar-a-la-frontera-chile-peru","status":"publish","type":"post","link":"https:\/\/infolanus.com\/index.php\/2026\/03\/13\/jose-antonio-kast-endurece-su-politica-migratoria-llego-maquinaria-militar-a-la-frontera-chile-peru\/","title":{"rendered":"Jos\u00e9 Antonio Kast endurece su pol\u00edtica migratoria: lleg\u00f3 maquinaria militar a la frontera Chile-Per\u00fa"},"content":{"rendered":"<p><img data-recalc-dims=\"1\" decoding=\"async\" src=\"https:\/\/i0.wp.com\/media.ambito.com\/p\/20f34b6cf1d2ff6a5e4ab79ffed756ef\/adjuntos\/239\/imagenes\/043\/233\/0043233264\/frontera-chile-bolivia.jpeg?w=640&#038;ssl=1\"><!-- { REGION4 --> <\/p>\n<header class=\"news-headline\" readability=\"2.7818181818182\">\n<div class=\"news-headline__topics-and-date-wrapper\"> <span class=\"news-headline__publication-date\"> 13 de marzo 2026 &#8211; 15:42 <\/span><\/div>\n<h2 class=\"news-headline__article-summary\" readability=\"26\">\n<p class=\"ignore-parser\">La medida forma parte de una de sus promesas de campa\u00f1a, en materia migratoria. Las actividades implican la presencia de cerca de 300 efectivos militares y se espera la presencia de autoridades, entre ellos el propio Kast.<\/p>\n<\/h2>\n<\/header>\n<div class=\"detail-highlighted-multimedia content-protected-false\">\n<figure class=\"detail-highlighted-multimedia__figure\"> <img data-recalc-dims=\"1\" decoding=\"async\" src=\"https:\/\/i0.wp.com\/media.ambito.com\/p\/4568ff8b0b2ed3853665b0a9ce7b60c9\/adjuntos\/239\/imagenes\/043\/233\/0043233260\/frontera-chile-bolivia.jpeg?resize=640%2C360&#038;ssl=1\" class=\"detail-highlighted-multimedia__figure-img img-fluid\" alt=\"La iniciativa forma parte de una de las principales promesas de campa\u00f1a de Kast en materia migratoria.\" width=\"640\" height=\"360\" crossorigin=\"anonymous\" fetchpriority=\"high\" decode=\"async\"><figcaption class=\"detail-highlighted-multimedia__figcaption\" readability=\"-23.5\"> <span class=\"detail-highlighted-multimedia__copyright\">Gentileza: BioBioChile<\/span><\/figcaption><\/figure>\n<\/div>\n<article class=\"article-body article-body--first-paragraph content-protected-false\" data-td-script-src=\"https:\/\/www.ambito.com\/td\/modulos\/encuestas\/js\/function-embeds-min-version-1773374839.js\" readability=\"27.119825708061\">\n<p>Un<strong> gran despliegue de maquinaria pesada del Ej\u00e9rcito chileno<\/strong> se registr\u00f3 este viernes en la frontera con <strong>Per\u00fa<\/strong>, luego de que el reci\u00e9n asumido <strong>presidente de Chile <a href=\"https:\/\/www.ambito.com\/mundo\/jose-antonio-kast-estreno-su-gestion-chile-la-presentacion-del-plan-escudo-fronterizo-n6255464\" target=\"_blank\" rel=\"follow\">Jos\u00e9 Antonio Kast<\/a> ordenara <\/strong><strong>levantar barreras al l\u00edmite con Bolivia <a href=\"https:\/\/www.ambito.com\/mundo\/jose-antonio-kast-ordeno-levantar-barreras-la-frontera-chile-bolivia-frenar-la-inmigracion-n6255096\" target=\"_blank\" rel=\"follow\">para frenar la inmigraci\u00f3n<\/a><\/strong> como parte de su &#8220;<a href=\"https:\/\/www.ambito.com\/mundo\/jose-antonio-kast-estreno-su-gestion-chile-la-presentacion-del-plan-escudo-fronterizo-n6255464\" target=\"_blank\" rel=\"follow\">Plan de Escudo Fronterizo<\/a>&#8220;. La actividades implica la presencia de cerca de 300 efectivos militares y se espera la presencia de autoridades oficiales, entre ellas el propio Kast.<\/p>\n<\/article>\n<article class=\"article-body article-body--second-paragraph content-protected-false\" readability=\"34\">\n<p>Kast asumi\u00f3 la presidencia esta semana y a la par firm\u00f3 <strong data-start=\"508\" data-end=\"535\">seis decretos iniciales<\/strong>, de los cuales <strong data-start=\"551\" data-end=\"606\">tres estuvieron vinculados a la pol\u00edtica migratoria<\/strong>. En el caso de esta \u00faltima actividad registrada hoy, se encuentra cerca del<strong> complejo fronterizo terrestre de Chacalluta,<\/strong> como una continuaci\u00f3n de actividades que comenzaron en la tarde del jueves, seg\u00fan Bio Bio Chile.<\/p>\n<\/article>\n<section class=\"related-news\"> <span class=\"related-news__title\">Informate m\u00e1s<\/span> <\/p>\n<div class=\"row row--eq-height\">\n<div class=\"col-12 col-md-6\">\n<article class=\"news-article news-article--landscape-news news-article--landscape-news\">\n<figure class=\"news-article__figure figure\"> <a href=\"https:\/\/www.ambito.com\/economia\/comprar-ropa-la-argentina-sigue-siendo-mas-caro-que-el-resto-la-region-n6255229\" target title=\"\u00e1mbito.com | Ropa cara y precios dispares: la Argentina supera a la regi\u00f3n en varios rubros\" alt=\"\u00e1mbito.com | Ropa cara y precios dispares: la Argentina supera a la regi\u00f3n en varios rubros\" rel=\"noindex nofollow noreferrer\"> <img loading=\"lazy\" decoding=\"async\" src=\"https:\/\/www.ambito.com\/css-custom\/239\/lazy.svg\" data-td-src-property=\"https:\/\/media.ambito.com\/p\/46fa2eb7c99dcd39335531b57c4eb37e\/adjuntos\/239\/imagenes\/041\/659\/0041659854\/rebajas-shoppings-promociones-descuentos-ofertas-comercios-venta-cuotas-interes.jpg\" alt=\"El pa\u00eds fue analizado junto a Uruguay, M\u00e9xico, Chile, Brasil, Bolivia, Colombia y Paraguay.\" title=\"El pa\u00eds fue analizado junto a Uruguay, M\u00e9xico, Chile, Brasil, Bolivia, Colombia y Paraguay.\" width=\"93\" height=\"52\" class=\"news-article__figure-img figure-img img-fluid\"> <\/a><\/figure>\n<\/article><\/div>\n<div class=\"col-12 col-md-6\">\n<article class=\"news-article news-article--landscape-news news-article--landscape-news\">\n<figure class=\"news-article__figure figure\"> <a href=\"https:\/\/www.ambito.com\/uruguay\/yamandu-orsi-participo-la-asuncion-jose-antonio-kast-y-recibio-una-invitacion-visitar-ucrania-n6254864\" target title=\"\u00e1mbito.com | Orsi particip\u00f3 de la asunci\u00f3n de Kast y recibi\u00f3 una invitaci\u00f3n para visitar Ucrania\" alt=\"\u00e1mbito.com | Orsi particip\u00f3 de la asunci\u00f3n de Kast y recibi\u00f3 una invitaci\u00f3n para visitar Ucrania\" rel=\"noindex nofollow noreferrer\"> <img loading=\"lazy\" decoding=\"async\" src=\"https:\/\/www.ambito.com\/css-custom\/239\/lazy.svg\" data-td-src-property=\"https:\/\/media.ambito.com\/p\/ad46d4f2e065556479cfd9403ce59767\/adjuntos\/351\/imagenes\/043\/227\/0043227192\/93x52\/smart\/yamandu-orsi-andrii-sybiha.jpg\" alt=\"El presidente Yamand\u00fa Orsi fue invitado a Ucrania por el ministro de Asuntos Exteriores de ese pa\u00eds, Andrii Sybiha.\" title=\"El presidente Yamand\u00fa Orsi fue invitado a Ucrania por el ministro de Asuntos Exteriores de ese pa\u00eds, Andrii Sybiha.\" width=\"93\" height=\"52\" class=\"news-article__figure-img figure-img img-fluid\"> <\/a><\/figure>\n<\/article><\/div>\n<\/div>\n<\/section>\n<article class=\"article-body article-body--third-paragraph content-protected-false\" readability=\"34\">\n<h2>Maquinaria militar lleg\u00f3 a la frontera Chile-Per\u00fa tras la orden de Kast de levantar barreras<\/h2>\n<p>El medio regional detall\u00f3 adem\u00e1s que &#8220;se espera el despliegue de autoridades&#8221;, entre ellos el propio Kast. \u201cTenemos aproximadamente 300 efectivos militares y este aumento de dotaci\u00f3n es de un 100%&#8221;, manifest\u00f3 el delegado presidencial chileno <strong>Cristian Sayes,<\/strong> en representaci\u00f3n de las zonas de <strong>Arica <\/strong>y <strong>Parinacota<\/strong>, quien se reuni\u00f3 con personal militar para coordinar acciones futuras.<\/p>\n<\/article>\n<article class=\"article-body article-body--fourth-paragraph content-protected-false\" readability=\"33\">\n<div id=\"8199068-242291184_wrap\" class=\"embed_cont type_video\" contenteditable=\"false\">\n<p>frontera chile peru <span onclick=\"parent.parent.TinyMCETdcuerpo.preview_embed('8199068-242291184')\" class=\"embed_colapse less\" id=\"8199068-242291184_colapse\"><\/span> <span onclick=\"parent.parent.TinyMCETdcuerpo.delete_embed('8199068-242291184')\" class=\"embed_delete less\" id=\"8199068-242291184_delete\"><\/span><\/p>\n<div class=\"embed_wrapper-cont\" readability=\"7\">\n<div id=\"8199068-242291184_epigrafe\" class=\"embed_epigrafe\" readability=\"9\">\n<p>En la zona &#8220;se espera el despliegue de autoridades&#8221;, entre ellos el propio Kast a la par de cerca de 300 efectivos militares.<\/p>\n<\/div>\n<p>@jesusverdeL<\/p>\n<\/div><\/div>\n<p>El funcionario agreg\u00f3 que &#8220;va a haber m\u00e1s de 600 efectivos militares en el sector, adem\u00e1s de 95 militares que son del equipo de trabajo\u201d. Del mismo modo, en el sector <strong>Chungar\u00e1<\/strong>, donde est\u00e1 la frontera con <strong>Bolivia<\/strong>, tambi\u00e9n se llevar\u00e1n a cabo trabajos.<\/p>\n<\/article>\n<article class=\"article-body article-body--fifth-paragraph content-protected-false\" readability=\"31\">\n<p>La iniciativa forma parte de<strong> una de sus principales promesas de campa\u00f1a en materia migratoria<\/strong>: reforzar el control del norte para enfrentar el ingreso irregular al pa\u00eds. As\u00ed, una de las primeras medidas ser\u00e1 la <strong>construcci\u00f3n de zanjas <\/strong>estimada para la pr\u00f3xima semana, entre el lunes y martes.<\/p>\n<\/article>\n<article class=\"article-body article-body--remaining-paragraph content-protected-false\" readability=\"43.269617706237\">\n<h2>Jos\u00e9 Antonio Kast orden\u00f3 levantar barreras en la frontera de Chile con Bolivia para frenar la inmigraci\u00f3n<\/h2>\n<p data-start=\"100\" data-end=\"387\">El<strong> <a href=\"https:\/\/www.ambito.com\/mundo\/jose-antonio-kast-asumio-como-presidente-chile-n6254796\" target=\"_blank\" rel=\"follow noopener\" data-mrf-recirculation=\"Article - Paragraph Links\" data-mrf-link=\"https:\/\/www.ambito.com\/mundo\/jose-antonio-kast-asumio-como-presidente-chile-n6254796\" cmp-ltrk=\"Article - Paragraph Links\" cmp-ltrk-idx=\"0\" mrfobservableid=\"c466d0c3-b870-4c3d-82de-52daaabc544e\">presidente de Chile, Jos\u00e9 Antonio Kast<\/a><\/strong>, dispuso este mi\u00e9rcoles la construcci\u00f3n de <strong data-start=\"193\" data-end=\"242\"> \u201cbarreras f\u00edsicas\u201d en la frontera con Bolivia<\/strong> con el objetivo de desalentar el ingreso de <strong data-start=\"287\" data-end=\"312\">migrantes irregulares<\/strong>, una de las <strong><a href=\"https:\/\/www.ambito.com\/mundo\/quien-es-jose-antonio-kast-el-nuevo-presidente-chile-n6254729\" target=\"_blank\" rel=\"follow noopener\" data-mrf-recirculation=\"Article - Paragraph Links\" data-mrf-link=\"https:\/\/www.ambito.com\/mundo\/quien-es-jose-antonio-kast-el-nuevo-presidente-chile-n6254729\" cmp-ltrk=\"Article - Paragraph Links\" cmp-ltrk-idx=\"1\" mrfobservableid=\"e37fd5f9-712f-49da-ac46-57d7bc000f9d\">principales promesas<\/a><\/strong> que sostuvo durante su <strong>campa\u00f1a electoral<\/strong>.<\/p>\n<p data-start=\"389\" data-end=\"607\">La decisi\u00f3n fue anunciada durante un acto oficial realizado poco despu\u00e9s de su asunci\u00f3n, en el que el mandatario firm\u00f3 <strong data-start=\"508\" data-end=\"535\">seis decretos iniciales<\/strong>, de los cuales <strong data-start=\"551\" data-end=\"606\">tres estuvieron vinculados a la pol\u00edtica migratoria<\/strong>.<\/p>\n<p data-start=\"609\" data-end=\"1004\">Durante la ceremonia, Kast solicit\u00f3 la colaboraci\u00f3n de las <strong data-start=\"672\" data-end=\"691\">Fuerzas Armadas<\/strong> para avanzar con las medidas. <strong>\u201cLe solicito la colaboraci\u00f3n activa en el aumento de funcionarios<\/strong>\u201d y \u201cle encomiendo tambi\u00e9n que nos colabore con la <strong>construcci\u00f3n de barreras f\u00edsicas para detener el ingreso de la inmigraci\u00f3n ilegal<\/strong>\u201d, expres\u00f3 el presidente al jefe del <strong data-start=\"964\" data-end=\"985\">Ej\u00e9rcito de Chile<\/strong>, <strong data-start=\"987\" data-end=\"1003\">Pedro Varela<\/strong>.<\/p>\n<\/article>\n<p> <!-- REGION4 } --> <\/p>\n","protected":false},"excerpt":{"rendered":"<p>13 de marzo 2026 &#8211; 15:42 La medida forma parte de una de sus promesas de campa\u00f1a, en materia migratoria. Las actividades implican la presencia de cerca de 300 efectivos militares y se espera la presencia de autoridades, entre ellos el propio Kast. Gentileza: BioBioChile Un gran despliegue de maquinaria pesada del Ej\u00e9rcito chileno se [&hellip;]<\/p>\n","protected":false},"author":2,"featured_media":11285,"comment_status":"closed","ping_status":"closed","sticky":false,"template":"","format":"standard","meta":{"jetpack_post_was_ever_published":false,"_jetpack_newsletter_access":"","_jetpack_dont_email_post_to_subs":false,"_jetpack_newsletter_tier_id":0,"_jetpack_memberships_contains_paywalled_content":false,"_jetpack_memberships_contains_paid_content":false,"footnotes":"","jetpack_publicize_message":"","jetpack_publicize_feature_enabled":true,"jetpack_social_post_already_shared":true,"jetpack_social_options":{"image_generator_settings":{"template":"highway","enabled":false},"version":2}},"categories":[20],"tags":[1286],"class_list":["post-11284","post","type-post","status-publish","format-standard","has-post-thumbnail","hentry","category-mundo","tag-mundo"],"jetpack_publicize_connections":[],"jetpack_featured_media_url":"https:\/\/i0.wp.com\/infolanus.com\/wp-content\/uploads\/2026\/03\/jose-antonio-kast-endurece-su-politica-migratoria-llego-maquinaria-militar-a-la-frontera-chile-peru.jpg?fit=655%2C368&ssl=1","jetpack_sharing_enabled":true,"jetpack_shortlink":"https:\/\/wp.me\/p9QtMr-2W0","_links":{"self":[{"href":"https:\/\/infolanus.com\/index.php\/wp-json\/wp\/v2\/posts\/11284","targetHints":{"allow":["GET"]}}],"collection":[{"href":"https:\/\/infolanus.com\/index.php\/wp-json\/wp\/v2\/posts"}],"about":[{"href":"https:\/\/infolanus.com\/index.php\/wp-json\/wp\/v2\/types\/post"}],"author":[{"embeddable":true,"href":"https:\/\/infolanus.com\/index.php\/wp-json\/wp\/v2\/users\/2"}],"replies":[{"embeddable":true,"href":"https:\/\/infolanus.com\/index.php\/wp-json\/wp\/v2\/comments?post=11284"}],"version-history":[{"count":0,"href":"https:\/\/infolanus.com\/index.php\/wp-json\/wp\/v2\/posts\/11284\/revisions"}],"wp:featuredmedia":[{"embeddable":true,"href":"https:\/\/infolanus.com\/index.php\/wp-json\/wp\/v2\/media\/11285"}],"wp:attachment":[{"href":"https:\/\/infolanus.com\/index.php\/wp-json\/wp\/v2\/media?parent=11284"}],"wp:term":[{"taxonomy":"category","embeddable":true,"href":"https:\/\/infolanus.com\/index.php\/wp-json\/wp\/v2\/categories?post=11284"},{"taxonomy":"post_tag","embeddable":true,"href":"https:\/\/infolanus.com\/index.php\/wp-json\/wp\/v2\/tags?post=11284"}],"curies":[{"name":"wp","href":"https:\/\/api.w.org\/{rel}","templated":true}]}}