{"id":11286,"date":"2026-03-14T19:39:21","date_gmt":"2026-03-14T22:39:21","guid":{"rendered":"https:\/\/infolanus.com\/index.php\/2026\/03\/14\/la-formula-1-cancela-bahrein-y-arabia-saudita-por-el-conflicto-en-medio-oriente\/"},"modified":"2026-03-14T19:39:21","modified_gmt":"2026-03-14T22:39:21","slug":"la-formula-1-cancela-bahrein-y-arabia-saudita-por-el-conflicto-en-medio-oriente","status":"publish","type":"post","link":"https:\/\/infolanus.com\/index.php\/2026\/03\/14\/la-formula-1-cancela-bahrein-y-arabia-saudita-por-el-conflicto-en-medio-oriente\/","title":{"rendered":"La F\u00f3rmula 1 cancela Bahr\u00e9in y Arabia Saudita por el conflicto en Medio Oriente"},"content":{"rendered":"<div class=\"media_block\"><\/div>\n<p>La administraci\u00f3n de la <strong>Formula One Management (FOM)<\/strong> y la <strong>Federaci\u00f3n Internacional del Autom\u00f3vil (FIA) <\/strong>tomaron la decisi\u00f3n de suspender las competencias programadas para el mes de abril en la regi\u00f3n de Medio Oriente. Esta medida afecta directamente a los Grandes Premios de Bahr\u00e9in y de Arabia Saud\u00ed, que deb\u00edan realizarse de forma consecutiva como parte del inicio de la gira asi\u00e1tica y \u00e1rabe del calendario 2026.<\/p>\n<div>\n<figure class=\"image\"><img data-recalc-dims=\"1\" decoding=\"async\" alt=\"F1 en medio oriente\" src=\"https:\/\/i0.wp.com\/fotos.perfil.com\/\/2026\/03\/14\/900\/0\/f1-en-medio-oriente-2203031.png?w=640&#038;ssl=1\" loading=\"lazy\"><figcaption>Comunicados en redes sociales<\/figcaption><\/figure>\n<\/div>\n<p class=\"destacadoNota\"><a target=\"_blank\" href=\"https:\/\/442.perfil.com\/noticias\/automovilismo\/la-imagen-del-dia-en-la-f1-el-abrazo-paternal-de-briatore-a-colapinto-que-sacudio-el-garaje-de-alpine-y-las-redes-sociales-a35.phtml\">La imagen del d\u00eda en la F1: el abrazo paternal de Briatore a Colapinto que sacudi\u00f3 el garaje de Alpine y las redes sociales<\/a><\/p>\n<p>La escalada de tensi\u00f3n y la inestabilidad pol\u00edtica en la zona obligaron a los organizadores a priorizar la seguridad de los equipos, el personal log\u00edstico y los espectadores. Seg\u00fan fuentes directas vinculadas a la organizaci\u00f3n del certamen, la evaluaci\u00f3n de riesgos realizada por consultoras internacionales de seguridad desaconsej\u00f3 el traslado de las estructuras a los circuitos de <strong>Sakhir y Yeda en las fechas estipuladas originalmente.<\/strong><\/p>\n<p>La cancelaci\u00f3n no solo impacta a la m\u00e1xima categor\u00eda del automovilismo mundial. Las rondas de soporte, que incluyen a la<strong> F\u00f3rmula 2 y la F\u00f3rmula 3, tambi\u00e9n quedaron suspendidas. Del mismo modo, la F1 Academy,<\/strong> la categor\u00eda femenina que ven\u00eda ganando terreno en la programaci\u00f3n de estos eventos, no tendr\u00e1 actividad en estas plazas durante el mes de abril, dejando un vac\u00edo significativo en el desarrollo de los campeonatos juveniles.<\/p>\n<div>\n<figure class=\"image\"><img data-recalc-dims=\"1\" decoding=\"async\" alt=\"Nicol\u00e1s Varrone\" src=\"https:\/\/i0.wp.com\/fotos.perfil.com\/\/2026\/03\/06\/900\/0\/nicolas-varrone-2197583.jpg?w=640&#038;ssl=1\" loading=\"lazy\"><figcaption>La F2 volv\u00eda a la actividad en Abril, deber\u00e1 esperar<\/figcaption><\/figure>\n<\/div>\n<p class=\"destacadoNota\"><a target=\"_blank\" href=\"https:\/\/www.perfil.com\/noticias\/actualidad\/kimi-antonelli-hizo-historia-en-shangai-y-consiguio-la-pole-mas-joven-en-la-historia-de-la-formula-1.phtml\">Kimi Antonelli hizo historia en Shangai y consigui\u00f3 la pole m\u00e1s joven en la historia de la F\u00f3rmula 1<\/a><\/p>\n<p><strong>Stefano Domenicali, <\/strong>CEO de la F\u00f3rmula 1, se refiri\u00f3 a la situaci\u00f3n t\u00e9cnica y log\u00edstica que implica este movimiento en el calendario. &#8220;<em><strong>La seguridad de nuestra comunidad es siempre la prioridad absoluta y, dadas las circunstancias actuales en la regi\u00f3n, lo m\u00e1s prudente es no avanzar con los eventos programados en Bahr\u00e9in y Arabia Saud\u00ed&#8221;,<\/strong><\/em> sostuvo el directivo en el comunicado oficial distribuido a la prensa internacional.<\/p>\n<p>A pesar de los intentos por buscar sedes alternativas en Europa o Asia central para cubrir los huecos dejados por estas dos competencias, la organizaci\u00f3n confirm\u00f3 que no se realizar\u00e1n sustituciones. Esto significa que el calendario de 2026 perder\u00e1 dos fechas de forma definitiva, ya que la log\u00edstica de transporte de los monoplazas y el equipamiento de los boxes impide organizar un <strong>Gran Premio de contingencia con tan poco margen de maniobra.<\/strong><\/p>\n<div>\n<figure class=\"image\"><img data-recalc-dims=\"1\" decoding=\"async\" alt=\"Conflicto en Medio Oriente\" src=\"https:\/\/i0.wp.com\/fotos.perfil.com\/\/2026\/03\/04\/900\/0\/conflicto-en-medio-oriente-2196340.jpg?w=640&#038;ssl=1\" loading=\"lazy\"><figcaption>En conflicto afect\u00f3&nbsp; a toda la agenda deportiva: f\u00fatbol, tenis y ahora, F1<\/figcaption><\/figure>\n<\/div>\n<p class=\"destacadoNota\">D<a target=\"_blank\" href=\"https:\/\/442.perfil.com\/noticias\/futbol\/dia-de-definiciones-para-la-finalissima-este-sabado-se-confirmaria-donde-jugaran-argentina-y-espana.phtml\">\u00eda clave para la Finalissima: este s\u00e1bado se confirmar\u00eda si se juega el partido entre Argentina y Espa\u00f1a en Medio Oriente<\/a><\/p>\n<h2><em><strong>Impacto log\u00edstico y t\u00e9cnico en el calendario 2026<\/strong><\/em><\/h2>\n<p>La decisi\u00f3n de no reemplazar las fechas genera un bache de casi un mes sin actividad oficial en pista. Los equipos de ingenier\u00eda deber\u00e1n recalibrar sus programas de desarrollo y actualizaciones, que generalmente est\u00e1n atados al rendimiento observado en las primeras pistas de la temporada. Los neum\u00e1ticos suministrados por Pirelli, que ya estaban en proceso de env\u00edo hacia el puerto de Manama, deber\u00e1n ser redireccionados a los centros de almacenamiento en Europa.<\/p>\n<p>Desde el punto de vista de los derechos de transmisi\u00f3n y los acuerdos comerciales, la cancelaci\u00f3n representa un golpe financiero para los promotores locales. El circuito de Sakhir, en Bahr\u00e9in, y el trazado urbano de Yeda, en Arabia Saudita, contaban con contratos a largo plazo que incluyen cl\u00e1usulas espec\u00edficas para situaciones de fuerza mayor, las cuales fueron activadas tras el anuncio conjunto de la FIA y Liberty Media.<\/p>\n<p>Mohammed Ben Sulayem, presidente de la FIA, ratific\u00f3 la postura del organismo rector a trav\u00e9s de un documento t\u00e9cnico donde se especifica que la decisi\u00f3n fue un\u00e1nime entre los accionistas. &#8220;Se analizaron todas las variables posibles, pero el consenso fue que no existen las condiciones de seguridad necesarias para garantizar un evento de la magnitud de un Gran Premio en este contexto&#8221;, detall\u00f3 el comunicado de la Federaci\u00f3n.<\/p>\n<div>\n<figure class=\"image\"><img data-recalc-dims=\"1\" decoding=\"async\" alt=\"Lewis Hamilton\" src=\"https:\/\/i0.wp.com\/fotos.perfil.com\/\/2025\/09\/04\/900\/0\/lewis-hamilton-2093551.jpg?w=640&#038;ssl=1\" loading=\"lazy\"><figcaption>Lewis Hamilton viaj\u00f3 a Jordania para colaborar con ayuda humanitaria<\/figcaption><\/figure>\n<\/div>\n<p class=\"destacadoNota\"><a target=\"_blank\" href=\"https:\/\/442.perfil.com\/noticias\/automovilismo\/el-secreto-de-mercedes-en-la-formula-1-por-que-son-superiores-al-resto-de-escuderias-a35.phtml\">El secreto de Mercedes en la F\u00f3rmula 1: \u00bfpor qu\u00e9 son superiores al resto de escuder\u00edas?<\/a><\/p>\n<h2><em><strong>Consecuencias para las categor\u00edas formativas y la log\u00edstica de equipos<\/strong><\/em><\/h2>\n<p>Para los pilotos de la F\u00f3rmula 2 y F\u00f3rmula 3, esta suspensi\u00f3n implica una reducci\u00f3n dr\u00e1stica de los kil\u00f3metros recorridos en competencia real durante el primer trimestre del a\u00f1o. Muchos de estos j\u00f3venes talentos dependen de los puntos de la Superlicencia que otorgan estas carreras, y la p\u00e9rdida de dos rondas completas altera las posibilidades matem\u00e1ticas de obtener el puntaje necesario para ascender a la F\u00f3rmula 1 en el futuro cercano.<\/p>\n<p>Los jefes de equipo de la parrilla de F1, como Toto Wolff de Mercedes y Christian Horner de Red Bull, expresaron internamente su apoyo a la medida para evitar riesgos innecesarios. En declaraciones recogidas por medios especializados como <em>Autosport<\/em> y <em>Auto Motor und Sport<\/em>, coincidieron en que la complejidad de operar en una zona de conflicto activo supera cualquier beneficio deportivo o comercial que pudieran obtener.<\/p>\n<div>\n<figure class=\"image\"><img data-recalc-dims=\"1\" decoding=\"async\" alt=\"F\u00f3rmula 1 en Bahr\u00e9in\" src=\"https:\/\/i0.wp.com\/fotos.perfil.com\/\/2026\/03\/02\/900\/0\/formula-1-en-bahrein-2195122.jpg?w=640&#038;ssl=1\" loading=\"lazy\"><figcaption>Bahr\u00e9in, lugar de los test de pretemporada, era de los circuitos con m\u00e1s expectativas.<\/figcaption><\/figure>\n<\/div>\n<p class=\"destacadoNota\"><a target=\"_blank\" href=\"https:\/\/442.perfil.com\/noticias\/automovilismo\/franco-colapinto-en-la-carrera-sprint-del-gp-de-china.phtml\">Ning\u00fan Alpine sum\u00f3 puntos en la primera Sprint de la temporada: Colapinto termin\u00f3 14\u00b0 y Russell vol\u00f3 con el Mercedes en China<\/a><\/p>\n<p>La log\u00edstica de los equipos, que moviliza toneladas de carga a\u00e9rea y mar\u00edtima, entrar\u00e1 en una fase de hibernaci\u00f3n forzada hasta la pr\u00f3xima cita del calendario. El personal que ya se encontraba en tr\u00e1nsito hacia Medio Oriente recibi\u00f3 la orden de regresar a sus sedes en el Reino Unido, Italia y Suiza, mientras se termina de definir c\u00f3mo se reajustar\u00e1n los costos operativos de una temporada que ahora ser\u00e1 m\u00e1s corta de lo previsto.<\/p>\n<p>El contrato de Arabia Saudita con la F1 tiene vigencia hasta el a\u00f1o 2030, con un canon anual estimado de 55 millones de d\u00f3lares. Por su parte, el Gran Premio de Bahr\u00e9in tiene un acuerdo que se extiende hasta 2036, siendo la carrera con el contrato de mayor duraci\u00f3n en la historia de la categor\u00eda.<\/p>\n<p><em><strong>LT.<\/strong><\/em><\/p>\n<p> <!-- tags --> <\/p>\n","protected":false},"excerpt":{"rendered":"<p>La administraci\u00f3n de la Formula One Management (FOM) y la Federaci\u00f3n Internacional del Autom\u00f3vil (FIA) tomaron la decisi\u00f3n de suspender las competencias programadas para el mes de abril en la regi\u00f3n de Medio Oriente. Esta medida afecta directamente a los Grandes Premios de Bahr\u00e9in y de Arabia Saud\u00ed, que deb\u00edan realizarse de forma consecutiva como [&hellip;]<\/p>\n","protected":false},"author":2,"featured_media":11287,"comment_status":"closed","ping_status":"closed","sticky":false,"template":"","format":"standard","meta":{"jetpack_post_was_ever_published":false,"_jetpack_newsletter_access":"","_jetpack_dont_email_post_to_subs":false,"_jetpack_newsletter_tier_id":0,"_jetpack_memberships_contains_paywalled_content":false,"_jetpack_memberships_contains_paid_content":false,"footnotes":"","jetpack_publicize_message":"","jetpack_publicize_feature_enabled":true,"jetpack_social_post_already_shared":true,"jetpack_social_options":{"image_generator_settings":{"template":"highway","enabled":false},"version":2}},"categories":[17],"tags":[],"class_list":["post-11286","post","type-post","status-publish","format-standard","has-post-thumbnail","hentry","category-deportes"],"jetpack_publicize_connections":[],"jetpack_featured_media_url":"https:\/\/i0.wp.com\/infolanus.com\/wp-content\/uploads\/2026\/03\/la-formula-1-cancela-bahrein-y-arabia-saudita-por-el-conflicto-en-medio-oriente.jpg?fit=602%2C617&ssl=1","jetpack_sharing_enabled":true,"jetpack_shortlink":"https:\/\/wp.me\/p9QtMr-2W2","_links":{"self":[{"href":"https:\/\/infolanus.com\/index.php\/wp-json\/wp\/v2\/posts\/11286","targetHints":{"allow":["GET"]}}],"collection":[{"href":"https:\/\/infolanus.com\/index.php\/wp-json\/wp\/v2\/posts"}],"about":[{"href":"https:\/\/infolanus.com\/index.php\/wp-json\/wp\/v2\/types\/post"}],"author":[{"embeddable":true,"href":"https:\/\/infolanus.com\/index.php\/wp-json\/wp\/v2\/users\/2"}],"replies":[{"embeddable":true,"href":"https:\/\/infolanus.com\/index.php\/wp-json\/wp\/v2\/comments?post=11286"}],"version-history":[{"count":0,"href":"https:\/\/infolanus.com\/index.php\/wp-json\/wp\/v2\/posts\/11286\/revisions"}],"wp:featuredmedia":[{"embeddable":true,"href":"https:\/\/infolanus.com\/index.php\/wp-json\/wp\/v2\/media\/11287"}],"wp:attachment":[{"href":"https:\/\/infolanus.com\/index.php\/wp-json\/wp\/v2\/media?parent=11286"}],"wp:term":[{"taxonomy":"category","embeddable":true,"href":"https:\/\/infolanus.com\/index.php\/wp-json\/wp\/v2\/categories?post=11286"},{"taxonomy":"post_tag","embeddable":true,"href":"https:\/\/infolanus.com\/index.php\/wp-json\/wp\/v2\/tags?post=11286"}],"curies":[{"name":"wp","href":"https:\/\/api.w.org\/{rel}","templated":true}]}}