{"id":11288,"date":"2026-03-14T13:14:11","date_gmt":"2026-03-14T16:14:11","guid":{"rendered":"https:\/\/www.inforegion.com.ar\/?p=358321"},"modified":"2026-03-14T13:14:11","modified_gmt":"2026-03-14T16:14:11","slug":"reabrio-el-jardin-maternal-en-la-biblioteca-popular-de-monte-chingolo","status":"publish","type":"post","link":"https:\/\/infolanus.com\/index.php\/2026\/03\/14\/reabrio-el-jardin-maternal-en-la-biblioteca-popular-de-monte-chingolo\/","title":{"rendered":"Reabri\u00f3 el jard\u00edn maternal en la Biblioteca Popular de Monte Chingolo"},"content":{"rendered":"<div><img data-recalc-dims=\"1\" decoding=\"async\" src=\"https:\/\/i0.wp.com\/www.inforegion.com.ar\/wp-content\/uploads\/2026\/03\/WhatsApp-Image-2026-03-14-at-12.03.10-e1773504252307.jpeg?w=640&#038;ssl=1\" class=\"ff-og-image-inserted\"><\/div>\n<p><strong>La Unidad de Desarrollo Infantil (UDI) se encuentra en la hist\u00f3rica estaci\u00f3n del ferrocarril de Monte Chingolo, en la que tambi\u00e9n funciona la Biblioteca Popular.<\/strong> Con un emotivo acto, reabri\u00f3 sus puertas para recibir a los m\u00e1s chicos.<\/p>\n<p>El dirigente peronista <strong>Agust\u00edn Balladares fue de la partida en la ceremonia.<\/strong> Estuvo acompa\u00f1ado por la directora de Pol\u00edticas del Cuidados del Ministerio de Desarrollo de la provincia de Buenos Aires, Ayel\u00e9n Pino; la vicerrectora de la Universidad Nacional de Lan\u00fas, Georgina Hern\u00e1ndez; y el presidente de la Biblioteca Popular, Fernando Mart\u00ednez.<\/p>\n<p>El jard\u00edn maternal hab\u00eda abierto las puertas en 2020, para que cientos de chicos den sus primeros pasos en el aprendizaje, pero <strong>debido al ajuste del gobierno de Javier Milei tuvo que dejar de funcionar<\/strong>. Hoy, el espacio vuelve a recibir a esos locos bajitos con ayuda del gobierno de la Provincia.<\/p>\n<p>\u201cEl gobierno de Javier Milei recort\u00f3 estos fondos, dejando a los chicos sin este lugar tan importante. Hoy <strong>vuelve a abrir sus puertas gracias a la decisi\u00f3n del gobernador Axel Kicillof<\/strong>, mediante el programa de Unidades de Desarrollo Infantil del Ministerio de Desarrollo de la Comunidad de la Provincia de Buenos Aires\u201d, destac\u00f3 Balladares, nexo con las autoridades provinciales. <\/p>\n<p>Destac\u00f3, en este marco, el trabajo del equipo de la biblioteca, que \u201cconstruye un espacio \u00fanico sin haber tirado la toalla frente al abandono y la indiferencia\u201d. <\/p>\n","protected":false},"excerpt":{"rendered":"<p>La Unidad de Desarrollo Infantil (UDI) se encuentra en la hist\u00f3rica estaci\u00f3n del ferrocarril de Monte Chingolo, en la que tambi\u00e9n funciona la Biblioteca Popular. Con un emotivo acto, reabri\u00f3 sus puertas para recibir a los m\u00e1s chicos. El dirigente peronista Agust\u00edn Balladares fue de la partida en la ceremonia. Estuvo acompa\u00f1ado por la directora [&hellip;]<\/p>\n","protected":false},"author":2,"featured_media":11289,"comment_status":"closed","ping_status":"closed","sticky":false,"template":"","format":"standard","meta":{"jetpack_post_was_ever_published":false,"_jetpack_newsletter_access":"","_jetpack_dont_email_post_to_subs":false,"_jetpack_newsletter_tier_id":0,"_jetpack_memberships_contains_paywalled_content":false,"_jetpack_memberships_contains_paid_content":false,"footnotes":"","jetpack_publicize_message":"","jetpack_publicize_feature_enabled":true,"jetpack_social_post_already_shared":true,"jetpack_social_options":{"image_generator_settings":{"template":"highway","enabled":false},"version":2}},"categories":[19],"tags":[945,774,2069,23,75,788],"class_list":["post-11288","post","type-post","status-publish","format-standard","has-post-thumbnail","hentry","category-municipio","tag-agustin-balladares","tag-destacadas","tag-jardin-maternal","tag-lanus","tag-monte-chingolo","tag-sociedad"],"jetpack_publicize_connections":[],"jetpack_featured_media_url":"https:\/\/i0.wp.com\/infolanus.com\/wp-content\/uploads\/2026\/03\/reabrio-el-jardin-maternal-en-la-biblioteca-popular-de-monte-chingolo.jpg?fit=1258%2C746&ssl=1","jetpack_sharing_enabled":true,"jetpack_shortlink":"https:\/\/wp.me\/p9QtMr-2W4","_links":{"self":[{"href":"https:\/\/infolanus.com\/index.php\/wp-json\/wp\/v2\/posts\/11288","targetHints":{"allow":["GET"]}}],"collection":[{"href":"https:\/\/infolanus.com\/index.php\/wp-json\/wp\/v2\/posts"}],"about":[{"href":"https:\/\/infolanus.com\/index.php\/wp-json\/wp\/v2\/types\/post"}],"author":[{"embeddable":true,"href":"https:\/\/infolanus.com\/index.php\/wp-json\/wp\/v2\/users\/2"}],"replies":[{"embeddable":true,"href":"https:\/\/infolanus.com\/index.php\/wp-json\/wp\/v2\/comments?post=11288"}],"version-history":[{"count":0,"href":"https:\/\/infolanus.com\/index.php\/wp-json\/wp\/v2\/posts\/11288\/revisions"}],"wp:featuredmedia":[{"embeddable":true,"href":"https:\/\/infolanus.com\/index.php\/wp-json\/wp\/v2\/media\/11289"}],"wp:attachment":[{"href":"https:\/\/infolanus.com\/index.php\/wp-json\/wp\/v2\/media?parent=11288"}],"wp:term":[{"taxonomy":"category","embeddable":true,"href":"https:\/\/infolanus.com\/index.php\/wp-json\/wp\/v2\/categories?post=11288"},{"taxonomy":"post_tag","embeddable":true,"href":"https:\/\/infolanus.com\/index.php\/wp-json\/wp\/v2\/tags?post=11288"}],"curies":[{"name":"wp","href":"https:\/\/api.w.org\/{rel}","templated":true}]}}