{"id":11294,"date":"2026-03-14T15:41:00","date_gmt":"2026-03-14T18:41:00","guid":{"rendered":"https:\/\/www.ambito.com\/c6256054"},"modified":"2026-03-14T15:41:00","modified_gmt":"2026-03-14T18:41:00","slug":"parte-medico-de-jair-bolsonaro-detectaron-una-falla-renal-y-alertan-que-su-estado-es-grave","status":"publish","type":"post","link":"https:\/\/infolanus.com\/index.php\/2026\/03\/14\/parte-medico-de-jair-bolsonaro-detectaron-una-falla-renal-y-alertan-que-su-estado-es-grave\/","title":{"rendered":"Parte m\u00e9dico de Jair Bolsonaro: detectaron una falla renal y alertan que su estado es grave"},"content":{"rendered":"<div id>\n<p class>La salud del <strong>expresidente de Brasil <a href=\"https:\/\/www.ambito.com\/mundo\/jair-bolsonaro-fue-internado-amanecer-vomitos-y-escalofrios-n6255576\" target=\"_blank\" rel=\"follow\">Jair Bolsonaro<\/a><\/strong> contin\u00faa complic\u00e1ndose este s\u00e1bado luego de que se registrara que su funci\u00f3n renal empeor\u00f3 en la <strong>unidad de cuidados intensivos<\/strong> a la que fue trasladado. El exmandatario de 70 a\u00f1os tiene neumon\u00eda y los m\u00e9dicos afirman que <strong>si bien se encuentra estabilizado su situaci\u00f3n es grave.<\/strong><\/p>\n<\/p><\/div>\n<div id>\n<p class>Bolsonaro fue trasladado el viernes al <strong>Hospital DF Star<\/strong> desde la prisi\u00f3n donde cumple una condena de 27 a\u00f1os por encabezar un intento de golpe de Estado tras las elecciones de 2022 que vieron ganador a <strong>Lula da Silva<\/strong>.<\/p>\n<\/div>\n<div id>\n<p class>El hospital tambi\u00e9n indic\u00f3 en un comunicado que tuvo un aumento de los marcadores inflamatorios desde que comenz\u00f3 el tratamiento.<\/p>\n<\/div>\n<div id>\n<h2>Empeora la funci\u00f3n renal del expresidente brasile\u00f1o Bolsonaro, se estabiliza la neumon\u00eda, dice el hospital<\/h2>\n<p class>El expresidente fue ingresado tras presentar <strong>fiebre alta, v\u00f3mitos, bajo nivel de ox\u00edgeno, sudoraci\u00f3n y escalofr\u00edos<\/strong>. Los ex\u00e1menes confirmaron <strong>bronconeumon\u00eda<\/strong>, un tipo de neumon\u00eda probablemente causada por aspiraci\u00f3n.<\/p>\n<\/div>\n<div id>\n<p>El medio regional<strong> Folha de Sao Paulo<\/strong> inform\u00f3 que Bolsonaro &#8220;se encuentra cl\u00ednicamente estable, pero present\u00f3 <strong>un empeoramiento de la funci\u00f3n renal y marcadores inflamatorios elevados&#8221;<\/strong>.<\/p>\n<\/div>\n<div id>\n<p>As\u00ed, continuar\u00e1 el tratamiento con <strong>antibi\u00f3ticos e hidrataci\u00f3n intravenosa, fisioterapia respiratoria y motora<\/strong>, &#8220;adem\u00e1s de medidas para prevenir la trombosis venosa&#8221;.<\/p>\n<figure id=\"8126595-Libre-340614022_wrap\" class=\"embed_cont type_imagen\" contenteditable=\"false\">\n<p>Jair Bolsonaro <span onclick=\"parent.parent.TinyMCETdcuerpo.preview_embed('8126595-Libre-340614022')\" class=\"embed_colapse less\" id=\"8126595-Libre-340614022_colapse\"><\/span> <span onclick=\"parent.parent.TinyMCETdcuerpo.delete_embed('8126595-Libre-340614022')\" class=\"embed_delete less\" id=\"8126595-Libre-340614022_delete\"><\/span><\/p>\n<div id=\"8126595-Libre-340614022_content\" class=\"embed_content\"><img data-recalc-dims=\"1\" decoding=\"async\" src=\"https:\/\/i0.wp.com\/media.ambito.com\/p\/e5e37f787d2d88867f319f1e2ada314c\/adjuntos\/239\/imagenes\/042\/923\/0042923356\/jair-bolsonaro.jpg?resize=640%2C359&#038;ssl=1\" alt=\"Por el momento, no se prev\u00e9 un alta m\u00e9dica para Bolsonaro, seg\u00fan el comunicado firmado por los doctores del DF Star.\" title=\"Por el momento, no se prev\u00e9 un alta m\u00e9dica para Bolsonaro, seg\u00fan el comunicado firmado por los doctores del DF Star.\" width=\"640\" height=\"359\" id=\"8126595-Libre-340614022_embed\" crossorigin=\"anonymous\" fetchpriority=\"high\" decode=\"async\"><\/div><figcaption class=\"embed_wrapper-cont\" readability=\"2.5\">\n<div id=\"8126595-Libre-340614022_epigrafe\" class=\"embed_epigrafe\" readability=\"10\">\n<p>Por el momento, no se prev\u00e9 un alta m\u00e9dica para Bolsonaro, seg\u00fan el comunicado firmado por los doctores del DF Star.<\/p>\n<\/div>\n<p>AP<\/p>\n<\/figcaption><\/figure>\n<p>Por el momento, no se prev\u00e9 su alta de la UCI, seg\u00fan el comunicado firmado por los doctores del DF Star, entre ellos <strong>Claudio Birolini y Leandro Echenique<\/strong>.<\/p>\n<p class>Bolsonaro fue hospitalizado en m\u00faltiples ocasiones desde que fue apu\u00f1alado en un acto de campa\u00f1a antes de las elecciones presidenciales de 2018. Se espera que uno de sus hijos, el senador <strong>Flavio Bolsonaro<\/strong>, se postule para presidente a finales de este a\u00f1o para enfrentar a da Silva.<\/p>\n<h2>Jair Bolsonaro est\u00e1 en terapia intensiva: qu\u00e9 se sabe de su salud<\/h2>\n<p>El expresidente de <strong><a href=\"https:\/\/www.ambito.com\/informacion-general\/la-abogada-argentina-acusada-racismo-brasil-podria-recibir-15-anos-carcel-n6255294\" target=\"_blank\" rel=\"follow noopener\" data-mrf-recirculation=\"Article - Paragraph Links\" data-mrf-link=\"https:\/\/www.ambito.com\/informacion-general\/la-abogada-argentina-acusada-racismo-brasil-podria-recibir-15-anos-carcel-n6255294\" cmp-ltrk=\"Article - Paragraph Links\" cmp-ltrk-idx=\"2\" mrfobservableid=\"fe44a745-6eeb-4c31-99f1-cbea01f92937\">Brasil<\/a> <a href=\"https:\/\/www.ambito.com\/mundo\/la-fiscalia-denego-una-nueva-solicitud-jair-bolsonaro-tener-prision-domiciliaria-n6248009\" target=\"_blank\" rel=\"follow noopener\" data-mrf-recirculation=\"Article - Paragraph Links\" data-mrf-link=\"https:\/\/www.ambito.com\/mundo\/la-fiscalia-denego-una-nueva-solicitud-jair-bolsonaro-tener-prision-domiciliaria-n6248009\" cmp-ltrk=\"Article - Paragraph Links\" cmp-ltrk-idx=\"3\" mrfobservableid=\"184a4bc7-ac6a-4d9d-9bd6-18ff8eabf1f2\">Jair Bolsonaro<\/a><\/strong> entr\u00f3 este viernes <strong>en terapia intensiva por un cuadro de bronconeumon\u00eda<\/strong>, luego de que fuera internado por <strong>v\u00f3mitos y escalofr\u00edos<\/strong>.<\/p>\n<p>M\u00e1s temprano su hijo, el senador <strong>Flavio Bolsonaro,<\/strong> hab\u00eda confirmado que amaneci\u00f3 con malestares, lo que llev\u00f3 a que fuera trasladado al <strong>hospital DF Star<\/strong> ya que las instalaciones m\u00e9dicas de la c\u00e1rcel de Brasilia &#8220;resultaban insuficientes&#8221; para tratarlo.<\/p>\n<p>Condenado a 27 a\u00f1os de prisi\u00f3n por golpismo, el exmandatario present\u00f3 un \u201c<strong>cuadro de fiebre alta, ca\u00edda de la saturaci\u00f3n de ox\u00edgeno, sudoraci\u00f3n y escalofr\u00edos<\/strong>\u201d, seg\u00fan un parte del hospital DF Star de Brasilia. Ahora recibe <strong>antibi\u00f3ticos por v\u00eda intravenosa<\/strong> para tratar una<strong> \u201cbronconeumon\u00eda bacteriana bilateral\u201d detectada en los ex\u00e1menes.<\/strong><\/p>\n<\/p><\/div>\n","protected":false},"excerpt":{"rendered":"<p>La salud del expresidente de Brasil Jair Bolsonaro contin\u00faa complic\u00e1ndose este s\u00e1bado luego de que se registrara que su funci\u00f3n renal empeor\u00f3 en la unidad de cuidados intensivos a la que fue trasladado. El exmandatario de 70 a\u00f1os tiene neumon\u00eda y los m\u00e9dicos afirman que si bien se encuentra estabilizado su situaci\u00f3n es grave. Bolsonaro [&hellip;]<\/p>\n","protected":false},"author":2,"featured_media":11295,"comment_status":"closed","ping_status":"closed","sticky":false,"template":"","format":"standard","meta":{"jetpack_post_was_ever_published":false,"_jetpack_newsletter_access":"","_jetpack_dont_email_post_to_subs":false,"_jetpack_newsletter_tier_id":0,"_jetpack_memberships_contains_paywalled_content":false,"_jetpack_memberships_contains_paid_content":false,"footnotes":"","jetpack_publicize_message":"","jetpack_publicize_feature_enabled":true,"jetpack_social_post_already_shared":true,"jetpack_social_options":{"image_generator_settings":{"template":"highway","enabled":false},"version":2}},"categories":[20],"tags":[],"class_list":["post-11294","post","type-post","status-publish","format-standard","has-post-thumbnail","hentry","category-mundo"],"jetpack_publicize_connections":[],"jetpack_featured_media_url":"https:\/\/i0.wp.com\/infolanus.com\/wp-content\/uploads\/2026\/03\/parte-medico-de-jair-bolsonaro-detectaron-una-falla-renal-y-alertan-que-su-estado-es-grave.jpg?fit=730%2C410&ssl=1","jetpack_sharing_enabled":true,"jetpack_shortlink":"https:\/\/wp.me\/p9QtMr-2Wa","_links":{"self":[{"href":"https:\/\/infolanus.com\/index.php\/wp-json\/wp\/v2\/posts\/11294","targetHints":{"allow":["GET"]}}],"collection":[{"href":"https:\/\/infolanus.com\/index.php\/wp-json\/wp\/v2\/posts"}],"about":[{"href":"https:\/\/infolanus.com\/index.php\/wp-json\/wp\/v2\/types\/post"}],"author":[{"embeddable":true,"href":"https:\/\/infolanus.com\/index.php\/wp-json\/wp\/v2\/users\/2"}],"replies":[{"embeddable":true,"href":"https:\/\/infolanus.com\/index.php\/wp-json\/wp\/v2\/comments?post=11294"}],"version-history":[{"count":0,"href":"https:\/\/infolanus.com\/index.php\/wp-json\/wp\/v2\/posts\/11294\/revisions"}],"wp:featuredmedia":[{"embeddable":true,"href":"https:\/\/infolanus.com\/index.php\/wp-json\/wp\/v2\/media\/11295"}],"wp:attachment":[{"href":"https:\/\/infolanus.com\/index.php\/wp-json\/wp\/v2\/media?parent=11294"}],"wp:term":[{"taxonomy":"category","embeddable":true,"href":"https:\/\/infolanus.com\/index.php\/wp-json\/wp\/v2\/categories?post=11294"},{"taxonomy":"post_tag","embeddable":true,"href":"https:\/\/infolanus.com\/index.php\/wp-json\/wp\/v2\/tags?post=11294"}],"curies":[{"name":"wp","href":"https:\/\/api.w.org\/{rel}","templated":true}]}}