{"id":11296,"date":"2026-03-15T16:21:14","date_gmt":"2026-03-15T19:21:14","guid":{"rendered":"https:\/\/infolanus.com\/index.php\/2026\/03\/15\/afa-y-conmebol-responsabilizaron-a-uefa-por-la-cancelacion-de-la-finalissima\/"},"modified":"2026-03-15T16:21:14","modified_gmt":"2026-03-15T19:21:14","slug":"afa-y-conmebol-responsabilizaron-a-uefa-por-la-cancelacion-de-la-finalissima","status":"publish","type":"post","link":"https:\/\/infolanus.com\/index.php\/2026\/03\/15\/afa-y-conmebol-responsabilizaron-a-uefa-por-la-cancelacion-de-la-finalissima\/","title":{"rendered":"AFA y Conmebol responsabilizaron a UEFA por la cancelaci\u00f3n de la Finalissima"},"content":{"rendered":"<div class=\"media_block\"><\/div>\n<div><img data-recalc-dims=\"1\" decoding=\"async\" src=\"https:\/\/i0.wp.com\/fotos.perfil.com\/2026\/03\/13\/trim\/1140\/641\/claudio-tapia-y-alejandro-dominguez-2202447.jpg?w=640&#038;ssl=1\" class=\"ff-og-image-inserted\"><\/div>\n<p>La <strong>Asociaci\u00f3n del F\u00fatbol Argentino<\/strong> y la <strong>CONMEBOL <\/strong>emitieron comunicados en simult\u00e1neo tras la <a target=\"_blank\" href=\"http:\/\/https:\/\/442.perfil.com\/noticias\/futbol\/se-cancelo-la-finalissima-2026-entre-argentina-y-espana-no-hubo-acuerdo-entre-uefa-y-afa.phtml\">cancelaci\u00f3n de la <strong>Finalissima <\/strong>entre la <\/a><strong><a target=\"_blank\" href=\"http:\/\/https:\/\/442.perfil.com\/noticias\/futbol\/se-cancelo-la-finalissima-2026-entre-argentina-y-espana-no-hubo-acuerdo-entre-uefa-y-afa.phtml\">Argentina&nbsp;y Espa\u00f1a<\/a>.<\/strong> En los textos, pr\u00e1cticamente id\u00e9nticos, ambas entidades responsabilizaron a la UEFA por la suspensi\u00f3n del partido que inicialmente iba a disputarse el 27 de marzo en Qatar.<\/p>\n<p class=\"destacadoNota\"><a target=\"_blank\" href=\"https:\/\/442.perfil.com\/noticias\/futbol\/que-hara-argentina-en-la-fecha-fifa-de-marzo-tras-la-cancelacion-de-la-finalissima.phtml\">Qu\u00e9 har\u00e1 Argentina en la fecha FIFA de marzo tras la cancelaci\u00f3n de la Finalissima<\/a><\/p>\n<p>Seg\u00fan explicaron las confederaciones que presiden <strong>Claudio Tapia y Alejandro Dom\u00ednguez,<\/strong> desde el inicio existi\u00f3 voluntad de disputar el encuentro en un terreno neutral. Sin embargo, <strong>cuestionaron la propuesta de jugar en el Santiago Bernab\u00e9u Stadium de Madrid, al considerar que no garantizaba equidad deportiva.<\/strong><\/p>\n<p>Tras descartarse la sede en Qatar por el conflicto b\u00e9lico en Medio Oriente, surgi\u00f3 la posibilidad de disputar el partido en Italia. De acuerdo con el comunicado, la UEFA envi\u00f3 el 14 de marzo una propuesta formal para jugar el 27 de marzo, pero la AFA plante\u00f3 mover el encuentro al 31 por cuestiones log\u00edsticas.<\/p>\n<h2><strong>La fecha termin\u00f3 por frustrar el acuerdo<\/strong><\/h2>\n<p><strong>Desde Sudam\u00e9rica se\u00f1alaron que aceptaron la sede en Italia sin objeciones, salvo el cambio de fecha<\/strong>. No obstante, la UEFA comunic\u00f3 que no era posible disputar el encuentro el 31 de marzo, apenas cuatro d\u00edas despu\u00e9s de la jornada original, lo que finalmente deriv\u00f3 en la cancelaci\u00f3n del partido.<\/p>\n<h2><strong>El impacto en la planificaci\u00f3n de la Selecci\u00f3n<\/strong><\/h2>\n<p>La suspensi\u00f3n dej\u00f3 al entrenador Lionel Scaloni sin el partido previsto para la ventana internacional de marzo. Ahora, la AFA eval\u00faa dos alternativas: buscar un rival amistoso para aprovechar la fecha FIFA o convocar igualmente al plantel para entrenar durante varios d\u00edas en el predio de Predio Lionel Andr\u00e9s Messi de la AFA en Ezeiza.<\/p>\n<p>BP<\/p>\n<p> <!-- tags --> <\/p>\n","protected":false},"excerpt":{"rendered":"<p>La Asociaci\u00f3n del F\u00fatbol Argentino y la CONMEBOL emitieron comunicados en simult\u00e1neo tras la cancelaci\u00f3n de la Finalissima entre la Argentina&nbsp;y Espa\u00f1a. En los textos, pr\u00e1cticamente id\u00e9nticos, ambas entidades responsabilizaron a la UEFA por la suspensi\u00f3n del partido que inicialmente iba a disputarse el 27 de marzo en Qatar. Qu\u00e9 har\u00e1 Argentina en la fecha [&hellip;]<\/p>\n","protected":false},"author":2,"featured_media":11297,"comment_status":"closed","ping_status":"closed","sticky":false,"template":"","format":"standard","meta":{"jetpack_post_was_ever_published":false,"_jetpack_newsletter_access":"","_jetpack_dont_email_post_to_subs":false,"_jetpack_newsletter_tier_id":0,"_jetpack_memberships_contains_paywalled_content":false,"_jetpack_memberships_contains_paid_content":false,"footnotes":"","jetpack_publicize_message":"","jetpack_publicize_feature_enabled":true,"jetpack_social_post_already_shared":true,"jetpack_social_options":{"image_generator_settings":{"template":"highway","enabled":false},"version":2}},"categories":[17],"tags":[],"class_list":["post-11296","post","type-post","status-publish","format-standard","has-post-thumbnail","hentry","category-deportes"],"jetpack_publicize_connections":[],"jetpack_featured_media_url":"https:\/\/i0.wp.com\/infolanus.com\/wp-content\/uploads\/2026\/03\/afa-y-conmebol-responsabilizaron-a-uefa-por-la-cancelacion-de-la-finalissima.jpg?fit=1140%2C641&ssl=1","jetpack_sharing_enabled":true,"jetpack_shortlink":"https:\/\/wp.me\/p9QtMr-2Wc","_links":{"self":[{"href":"https:\/\/infolanus.com\/index.php\/wp-json\/wp\/v2\/posts\/11296","targetHints":{"allow":["GET"]}}],"collection":[{"href":"https:\/\/infolanus.com\/index.php\/wp-json\/wp\/v2\/posts"}],"about":[{"href":"https:\/\/infolanus.com\/index.php\/wp-json\/wp\/v2\/types\/post"}],"author":[{"embeddable":true,"href":"https:\/\/infolanus.com\/index.php\/wp-json\/wp\/v2\/users\/2"}],"replies":[{"embeddable":true,"href":"https:\/\/infolanus.com\/index.php\/wp-json\/wp\/v2\/comments?post=11296"}],"version-history":[{"count":0,"href":"https:\/\/infolanus.com\/index.php\/wp-json\/wp\/v2\/posts\/11296\/revisions"}],"wp:featuredmedia":[{"embeddable":true,"href":"https:\/\/infolanus.com\/index.php\/wp-json\/wp\/v2\/media\/11297"}],"wp:attachment":[{"href":"https:\/\/infolanus.com\/index.php\/wp-json\/wp\/v2\/media?parent=11296"}],"wp:term":[{"taxonomy":"category","embeddable":true,"href":"https:\/\/infolanus.com\/index.php\/wp-json\/wp\/v2\/categories?post=11296"},{"taxonomy":"post_tag","embeddable":true,"href":"https:\/\/infolanus.com\/index.php\/wp-json\/wp\/v2\/tags?post=11296"}],"curies":[{"name":"wp","href":"https:\/\/api.w.org\/{rel}","templated":true}]}}