{"id":11298,"date":"2026-03-14T10:13:05","date_gmt":"2026-03-14T13:13:05","guid":{"rendered":"https:\/\/www.inforegion.com.ar\/?p=358306"},"modified":"2026-03-14T10:13:05","modified_gmt":"2026-03-14T13:13:05","slug":"exposicion-de-la-obra-de-pablo-grillo-en-lanus","status":"publish","type":"post","link":"https:\/\/infolanus.com\/index.php\/2026\/03\/14\/exposicion-de-la-obra-de-pablo-grillo-en-lanus\/","title":{"rendered":"Exposici\u00f3n de la obra de Pablo Grillo en Lan\u00fas"},"content":{"rendered":"<div><img data-recalc-dims=\"1\" decoding=\"async\" src=\"https:\/\/i0.wp.com\/www.inforegion.com.ar\/wp-content\/uploads\/2025\/03\/pablogrillofoto.jpg?w=640&#038;ssl=1\" class=\"ff-og-image-inserted\"><\/div>\n<p><strong>Pablo Grillo, el fot\u00f3grafo de Remedios de Escalada que fue <a href=\"https:\/\/www.inforegion.com.ar\/2025\/03\/13\/un-fotografo-de-lanus-lucha-por-su-vida-luego-de-la-represion-en-la-marcha-en-defensa-a-los-jubilados\/\">gravemente herido<\/a> durante la represi\u00f3n del 12 de marzo de 2025 frente al Congreso<\/strong>, sigue recuper\u00e1ndose y recibi\u00f3 el alta de la internaci\u00f3n. La noticia llega a d\u00edas de la inauguraci\u00f3n de la muestra de su trabajo, en un centro cultural de Lan\u00fas.<\/p>\n<p><strong>\u201cMuestra Pablo Grillo Fot\u00f3grafo\u201d, se llama la exposici\u00f3n.<\/strong> \u201cA un a\u00f1o de la represi\u00f3n ejercida por el Gobierno Nacional sobre el fot\u00f3grafo lanusense Pablo Grillo, llevaremos adelante una muestra de su trabajo en el Centro Cultural Leonardo Favio\u201d, convocan desde el Municipio de Lan\u00fas. <strong>Desde el martes, a las 18, en avenida 25 de Mayo 131.<\/strong><\/p>\n<blockquote class=\"twitter-tweet\">\n<p lang=\"es\" dir=\"ltr\">\ud83d\udcf8Muestra PABLO GRILLO FOT\u00d3GRAFO<\/p>\n<p>A un a\u00f1o de la represi\u00f3n ejercida por el Gobierno Nacional sobre el fotografo lanusense Pablo Grillo, llevaremos adelante una muestra de su trabajo en el Centro Cultural Leonardo Favio. <\/p>\n<p>Te esperamos desde el martes 17 de marzo a las 18:00 en\u2026 <a href=\"https:\/\/t.co\/GxMIU5yJQf\">pic.twitter.com\/GxMIU5yJQf<\/a><\/p>\n<p>\u2014 Lan\u00fas Gobierno (@lanusmunicipio) <a href=\"https:\/\/twitter.com\/lanusmunicipio\/status\/2032184637779312956?ref_src=twsrc%5Etfw\">March 12, 2026<\/a><\/p><\/blockquote>\n<p>D\u00edas atr\u00e1s, sus allegado, junto a organizaciones de derechos humanos y trabajadores de prensa, realizaron un festival en Plaza Congreso para exigir justicia. Vale recordar, en este punto, que <strong>la Justicia<a href=\"https:\/\/www.inforegion.com.ar\/2026\/03\/03\/casacion-confirmo-el-procesamiento-del-gendarme-hector-guerrero-por-las-lesiones-gravisimas-a-pablo-grillo\/\">&nbsp;confirm\u00f3 el procesamiento<\/a> del gendarme H\u00e9ctor Guerrero por las lesiones grav\u00edsimas&nbsp;agravadas.<\/strong><\/p>\n<p>Adem\u00e1s, la <a href=\"https:\/\/www.instagram.com\/justiciaporpablogrillo\/\">familia <\/a>inform\u00f3 que <strong>a Pablo le dieron el alta de internaci\u00f3n y continuar\u00e1 con la recuperaci\u00f3n de forma ambulatoria<\/strong>. Agradecieron el acompa\u00f1amiento y dejaron un mensaje que llena de esperanza: \u201cLa solidaridad y la empat\u00eda colectiva siempre le van a ganar a la violencia disfrazada de orden\u201d.<\/p>\n<blockquote class=\"instagram-media\" data-instgrm-permalink=\"https:\/\/www.instagram.com\/p\/DV10sFbgR8N\/?utm_source=ig_embed&amp;utm_campaign=loading\" data-instgrm-version=\"14\"><\/blockquote>\n","protected":false},"excerpt":{"rendered":"<p>Pablo Grillo, el fot\u00f3grafo de Remedios de Escalada que fue gravemente herido durante la represi\u00f3n del 12 de marzo de 2025 frente al Congreso, sigue recuper\u00e1ndose y recibi\u00f3 el alta de la internaci\u00f3n. La noticia llega a d\u00edas de la inauguraci\u00f3n de la muestra de su trabajo, en un centro cultural de Lan\u00fas. \u201cMuestra Pablo [&hellip;]<\/p>\n","protected":false},"author":2,"featured_media":11299,"comment_status":"closed","ping_status":"closed","sticky":false,"template":"","format":"standard","meta":{"jetpack_post_was_ever_published":false,"_jetpack_newsletter_access":"","_jetpack_dont_email_post_to_subs":false,"_jetpack_newsletter_tier_id":0,"_jetpack_memberships_contains_paywalled_content":false,"_jetpack_memberships_contains_paid_content":false,"footnotes":"","jetpack_publicize_message":"","jetpack_publicize_feature_enabled":true,"jetpack_social_post_already_shared":true,"jetpack_social_options":{"image_generator_settings":{"template":"highway","enabled":false},"version":2}},"categories":[19],"tags":[773,1304,996,774,23,1501,1830],"class_list":["post-11298","post","type-post","status-publish","format-standard","has-post-thumbnail","hentry","category-municipio","tag-centrales","tag-centro-cultural-leonardo-favio","tag-cultura-y-espectaculo","tag-destacadas","tag-lanus","tag-muestra","tag-pablo-grillo"],"jetpack_publicize_connections":[],"jetpack_featured_media_url":"https:\/\/i0.wp.com\/infolanus.com\/wp-content\/uploads\/2026\/03\/exposicion-de-la-obra-de-pablo-grillo-en-lanus.jpg?fit=1200%2C675&ssl=1","jetpack_sharing_enabled":true,"jetpack_shortlink":"https:\/\/wp.me\/p9QtMr-2We","_links":{"self":[{"href":"https:\/\/infolanus.com\/index.php\/wp-json\/wp\/v2\/posts\/11298","targetHints":{"allow":["GET"]}}],"collection":[{"href":"https:\/\/infolanus.com\/index.php\/wp-json\/wp\/v2\/posts"}],"about":[{"href":"https:\/\/infolanus.com\/index.php\/wp-json\/wp\/v2\/types\/post"}],"author":[{"embeddable":true,"href":"https:\/\/infolanus.com\/index.php\/wp-json\/wp\/v2\/users\/2"}],"replies":[{"embeddable":true,"href":"https:\/\/infolanus.com\/index.php\/wp-json\/wp\/v2\/comments?post=11298"}],"version-history":[{"count":0,"href":"https:\/\/infolanus.com\/index.php\/wp-json\/wp\/v2\/posts\/11298\/revisions"}],"wp:featuredmedia":[{"embeddable":true,"href":"https:\/\/infolanus.com\/index.php\/wp-json\/wp\/v2\/media\/11299"}],"wp:attachment":[{"href":"https:\/\/infolanus.com\/index.php\/wp-json\/wp\/v2\/media?parent=11298"}],"wp:term":[{"taxonomy":"category","embeddable":true,"href":"https:\/\/infolanus.com\/index.php\/wp-json\/wp\/v2\/categories?post=11298"},{"taxonomy":"post_tag","embeddable":true,"href":"https:\/\/infolanus.com\/index.php\/wp-json\/wp\/v2\/tags?post=11298"}],"curies":[{"name":"wp","href":"https:\/\/api.w.org\/{rel}","templated":true}]}}