{"id":11300,"date":"2026-03-15T19:45:00","date_gmt":"2026-03-15T22:45:00","guid":{"rendered":"https:\/\/www.ambito.com\/mundo\/parte-medico-jair-bolsonaro-detectaron-una-falla-renal-y-alertan-que-su-estado-es-grave-n6256054"},"modified":"2026-03-15T19:45:00","modified_gmt":"2026-03-15T22:45:00","slug":"parte-medico-de-jair-bolsonaro-hubo-una-leve-mejoria-en-la-funcion-renal-pero-sigue-en-terapia-intensiva","status":"publish","type":"post","link":"https:\/\/infolanus.com\/index.php\/2026\/03\/15\/parte-medico-de-jair-bolsonaro-hubo-una-leve-mejoria-en-la-funcion-renal-pero-sigue-en-terapia-intensiva\/","title":{"rendered":"Parte m\u00e9dico de Jair Bolsonaro: hubo una leve mejor\u00eda en la funci\u00f3n renal, pero sigue en terapia intensiva"},"content":{"rendered":"<p><img data-recalc-dims=\"1\" decoding=\"async\" src=\"https:\/\/i0.wp.com\/media.ambito.com\/p\/f90dfd475e2d513dba0489495f514d69\/adjuntos\/239\/imagenes\/042\/704\/0042704876\/jair-bolsonaro-xinhua-2.jpg?w=640&#038;ssl=1\"><\/p>\n<div><img data-recalc-dims=\"1\" decoding=\"async\" src=\"https:\/\/i0.wp.com\/media.ambito.com\/p\/f90dfd475e2d513dba0489495f514d69\/adjuntos\/239\/imagenes\/042\/704\/0042704876\/jair-bolsonaro-xinhua-2.jpg?w=640&#038;ssl=1\" class=\"ff-og-image-inserted\"><\/div>\n<div id>\n<p>El expresidente de Brasil, <a href=\"https:\/\/www.ambito.com\/mundo\/jair-bolsonaro-fue-internado-amanecer-vomitos-y-escalofrios-n6255576\" target=\"_blank\" rel=\"follow\"><strong>Jair Bolsonaro<\/strong><\/a><strong>,<\/strong> contin\u00faa internado en terapia intensiva en un hospital de Brasilia mientras recibe tratamiento por una <strong>neumon\u00eda bacteriana<\/strong>. Seg\u00fan el \u00faltimo parte m\u00e9dico difundido este domingo, presenta <strong>una evoluci\u00f3n cl\u00ednica estable y una mejora en la funci\u00f3n renal<\/strong>. <\/p>\n<\/div>\n<div id>\n<p>A pesar de esa evoluci\u00f3n favorable, los m\u00e9dicos advirtieron que su estado <strong>requiere monitoreo permanente<\/strong> y que por el momento <strong>no hay una fecha definida para el alta hospitalaria<\/strong>.<\/p>\n<\/div>\n<div id>\n<p>Bolsonaro, quien cumple <strong>una condena de 27 a\u00f1os de prisi\u00f3n por encabezar la tentativa de golpe de Estado en 2023<\/strong>, fue trasladado de urgencia el viernes desde la c\u00e1rcel de Prisi\u00f3n de Papuda, en las afueras de la capital brasile\u00f1a, hacia el hospital Hospital DF Star tras presentar <strong>fiebre alta, escalofr\u00edos, n\u00e1useas y una disminuci\u00f3n en los niveles de ox\u00edgeno en sangre<\/strong>.<\/p>\n<\/div>\n<div id>\n<p>Luego de los estudios realizados, el equipo m\u00e9dico confirm\u00f3 un <strong>cuadro de bronconeumon\u00eda bacteriana<\/strong>, lo que oblig\u00f3 a su internaci\u00f3n en la <strong>unidad de cuidados intensivos<\/strong>, donde permanece bajo <strong>tratamiento con antibi\u00f3ticos y seguimiento cl\u00ednico constante<\/strong>.<\/p>\n<\/div>\n<div id>\n<p>Los especialistas indicaron que el exmandatario muestra <strong>signos de estabilidad cl\u00ednica<\/strong> y una <strong>recuperaci\u00f3n parcial en la funci\u00f3n renal<\/strong>, que hab\u00eda mostrado un deterioro durante los primeros d\u00edas de internaci\u00f3n.<\/p>\n<\/div>\n<div id>\n<p>Sin embargo, tambi\u00e9n detectaron <strong>niveles elevados de marcadores inflamatorios en sangre<\/strong>, motivo por el cual decidieron <strong>ampliar la cobertura del tratamiento antibi\u00f3tico<\/strong> para reforzar la respuesta frente a la infecci\u00f3n.<\/p>\n<p>Ante su <strong>vulnerabilidad f\u00edsica<\/strong>, su c\u00edrculo cercano y aliados pol\u00edticos solicitaron al Supremo Tribunal Federal que se le otorgue el <strong>beneficio del arresto domiciliario<\/strong>.<\/p>\n<p>Adem\u00e1s de la causa por el intento de quiebre institucional, Bolsonaro tambi\u00e9n fue condenado por <strong>comandar una agrupaci\u00f3n criminal armada y atentar contra el Estado democr\u00e1tico de derecho<\/strong>. El exmandatario sostiene su <strong>inocencia<\/strong> y rechaza cualquier v\u00ednculo con actividades il\u00edcitas.<\/p>\n<p>En el plano pol\u00edtico, se prev\u00e9 que su hijo, el senador Fl\u00e1vio Bolsonaro, compita por la presidencia este a\u00f1o en un intento por derrotar en las urnas al actual mandatario, Luiz In\u00e1cio Lula da Silva.<\/p>\n<h2>Jair Bolsonaro est\u00e1 en terapia intensiva: qu\u00e9 se sabe de su salud<\/h2>\n<p>El expresidente de <strong><a href=\"https:\/\/www.ambito.com\/informacion-general\/la-abogada-argentina-acusada-racismo-brasil-podria-recibir-15-anos-carcel-n6255294\" target=\"_blank\" rel=\"follow noopener\" data-mrf-recirculation=\"Article - Paragraph Links\" data-mrf-link=\"https:\/\/www.ambito.com\/informacion-general\/la-abogada-argentina-acusada-racismo-brasil-podria-recibir-15-anos-carcel-n6255294\" cmp-ltrk=\"Article - Paragraph Links\" cmp-ltrk-idx=\"2\" mrfobservableid=\"fe44a745-6eeb-4c31-99f1-cbea01f92937\">Brasil<\/a> <a href=\"https:\/\/www.ambito.com\/mundo\/la-fiscalia-denego-una-nueva-solicitud-jair-bolsonaro-tener-prision-domiciliaria-n6248009\" target=\"_blank\" rel=\"follow noopener\" data-mrf-recirculation=\"Article - Paragraph Links\" data-mrf-link=\"https:\/\/www.ambito.com\/mundo\/la-fiscalia-denego-una-nueva-solicitud-jair-bolsonaro-tener-prision-domiciliaria-n6248009\" cmp-ltrk=\"Article - Paragraph Links\" cmp-ltrk-idx=\"3\" mrfobservableid=\"184a4bc7-ac6a-4d9d-9bd6-18ff8eabf1f2\">Jair Bolsonaro<\/a><\/strong> entr\u00f3 este viernes <strong>en terapia intensiva por un cuadro de bronconeumon\u00eda<\/strong>, luego de que fuera internado por <strong>v\u00f3mitos y escalofr\u00edos<\/strong>.<\/p>\n<p>M\u00e1s temprano su hijo, el senador <strong>Flavio Bolsonaro,<\/strong> hab\u00eda confirmado que amaneci\u00f3 con malestares, lo que llev\u00f3 a que fuera trasladado al <strong>hospital DF Star<\/strong> ya que las instalaciones m\u00e9dicas de la c\u00e1rcel de Brasilia &#8220;resultaban insuficientes&#8221; para tratarlo.<\/p>\n<p>Condenado a 27 a\u00f1os de prisi\u00f3n por golpismo, el exmandatario present\u00f3 un \u201c<strong>cuadro de fiebre alta, ca\u00edda de la saturaci\u00f3n de ox\u00edgeno, sudoraci\u00f3n y escalofr\u00edos<\/strong>\u201d, seg\u00fan un parte del hospital DF Star de Brasilia. Ahora recibe <strong>antibi\u00f3ticos por v\u00eda intravenosa<\/strong> para tratar una<strong> \u201cbronconeumon\u00eda bacteriana bilateral\u201d detectada en los ex\u00e1menes.<\/strong><\/p>\n<\/p><\/div>\n","protected":false},"excerpt":{"rendered":"<p>El expresidente de Brasil, Jair Bolsonaro, contin\u00faa internado en terapia intensiva en un hospital de Brasilia mientras recibe tratamiento por una neumon\u00eda bacteriana. Seg\u00fan el \u00faltimo parte m\u00e9dico difundido este domingo, presenta una evoluci\u00f3n cl\u00ednica estable y una mejora en la funci\u00f3n renal. A pesar de esa evoluci\u00f3n favorable, los m\u00e9dicos advirtieron que su estado [&hellip;]<\/p>\n","protected":false},"author":2,"featured_media":11301,"comment_status":"closed","ping_status":"closed","sticky":false,"template":"","format":"standard","meta":{"jetpack_post_was_ever_published":false,"_jetpack_newsletter_access":"","_jetpack_dont_email_post_to_subs":false,"_jetpack_newsletter_tier_id":0,"_jetpack_memberships_contains_paywalled_content":false,"_jetpack_memberships_contains_paid_content":false,"footnotes":"","jetpack_publicize_message":"","jetpack_publicize_feature_enabled":true,"jetpack_social_post_already_shared":true,"jetpack_social_options":{"image_generator_settings":{"template":"highway","enabled":false},"version":2}},"categories":[20],"tags":[1286],"class_list":["post-11300","post","type-post","status-publish","format-standard","has-post-thumbnail","hentry","category-mundo","tag-mundo"],"jetpack_publicize_connections":[],"jetpack_featured_media_url":"https:\/\/i0.wp.com\/infolanus.com\/wp-content\/uploads\/2026\/03\/parte-medico-de-jair-bolsonaro-hubo-una-leve-mejoria-en-la-funcion-renal-pero-sigue-en-terapia-intensiva.jpg?fit=1200%2C675&ssl=1","jetpack_sharing_enabled":true,"jetpack_shortlink":"https:\/\/wp.me\/p9QtMr-2Wg","_links":{"self":[{"href":"https:\/\/infolanus.com\/index.php\/wp-json\/wp\/v2\/posts\/11300","targetHints":{"allow":["GET"]}}],"collection":[{"href":"https:\/\/infolanus.com\/index.php\/wp-json\/wp\/v2\/posts"}],"about":[{"href":"https:\/\/infolanus.com\/index.php\/wp-json\/wp\/v2\/types\/post"}],"author":[{"embeddable":true,"href":"https:\/\/infolanus.com\/index.php\/wp-json\/wp\/v2\/users\/2"}],"replies":[{"embeddable":true,"href":"https:\/\/infolanus.com\/index.php\/wp-json\/wp\/v2\/comments?post=11300"}],"version-history":[{"count":0,"href":"https:\/\/infolanus.com\/index.php\/wp-json\/wp\/v2\/posts\/11300\/revisions"}],"wp:featuredmedia":[{"embeddable":true,"href":"https:\/\/infolanus.com\/index.php\/wp-json\/wp\/v2\/media\/11301"}],"wp:attachment":[{"href":"https:\/\/infolanus.com\/index.php\/wp-json\/wp\/v2\/media?parent=11300"}],"wp:term":[{"taxonomy":"category","embeddable":true,"href":"https:\/\/infolanus.com\/index.php\/wp-json\/wp\/v2\/categories?post=11300"},{"taxonomy":"post_tag","embeddable":true,"href":"https:\/\/infolanus.com\/index.php\/wp-json\/wp\/v2\/tags?post=11300"}],"curies":[{"name":"wp","href":"https:\/\/api.w.org\/{rel}","templated":true}]}}