{"id":11306,"date":"2026-03-16T22:45:00","date_gmt":"2026-03-17T01:45:00","guid":{"rendered":"https:\/\/www.ambito.com\/c6256718"},"modified":"2026-03-16T22:45:00","modified_gmt":"2026-03-17T01:45:00","slug":"el-rey-de-espana-admitio-mucho-abuso-durante-la-conquista-de-america-tras-acercamiento-diplomatico-con-mexico","status":"publish","type":"post","link":"https:\/\/infolanus.com\/index.php\/2026\/03\/16\/el-rey-de-espana-admitio-mucho-abuso-durante-la-conquista-de-america-tras-acercamiento-diplomatico-con-mexico\/","title":{"rendered":"El rey de Espa\u00f1a admiti\u00f3 &#8220;mucho abuso&#8221; durante la conquista de Am\u00e9rica tras acercamiento diplom\u00e1tico con M\u00e9xico"},"content":{"rendered":"<div><img data-recalc-dims=\"1\" decoding=\"async\" src=\"https:\/\/i0.wp.com\/media.ambito.com\/p\/4ab24d1e7427f15f9bc743ad8820cfe5\/adjuntos\/239\/imagenes\/040\/386\/0040386866\/1200x675\/smart\/rey-felipe-vipng.png?w=640&#038;ssl=1\" class=\"ff-og-image-inserted\"><\/div>\n<div id>\n<p>El <strong><a href=\"https:\/\/www.ambito.com\/mundo\/los-reyes-espana-enviaron-sus-condolencias-los-afectados-la-tragedia-ferroviaria-estamos-consternados-n6235980\" target=\"_blank\" rel=\"follow\">rey Felipe VI<\/a><\/strong> reconoci\u00f3 que durante la conquista de Am\u00e9rica por parte de <strong><a href=\"https:\/\/www.ambito.com\/deportes\/por-que-se-suspendio-la-finalissima-2026-la-seleccion-argentina-y-espana-el-comunicado-la-uefa-n6256217\" target=\"_blank\" rel=\"follow\">Espa\u00f1a<\/a><\/strong> \u201c<strong>hubo mucho abuso\u201d<\/strong> y plante\u00f3 la necesidad de analizar esos hechos en su contexto hist\u00f3rico, en medio de un proceso de acercamiento diplom\u00e1tico con <strong><a href=\"https:\/\/www.ambito.com\/mexico\/deportes\/es-oficial-cdmx-rompe-record-guinness-la-clase-futbol-mas-grande-del-mundo-n6256444\" target=\"_blank\" rel=\"follow\">M\u00e9xico<\/a><\/strong> tras a\u00f1os de tensi\u00f3n.<\/p>\n<\/div>\n<div id>\n<p>Las declaraciones se dieron en el <strong>Museo Arqueol\u00f3gico Nacional de Madrid<\/strong>, durante una visita a la exposici\u00f3n <strong>\u201cLa mitad del mundo. La mujer en el M\u00e9xico ind\u00edgena\u201d<\/strong>, en el marco de una actividad compartida con el embajador mexicano en Espa\u00f1a, <strong>Quirino Ordaz Coppel<\/strong>. El intercambio qued\u00f3 registrado en un video difundido posteriormente por la Casa Real.<\/p>\n<\/div>\n<div id>\n<p>Durante su intervenci\u00f3n, el monarca sostuvo que <strong>durante la colonizaci\u00f3n se cometieron abusos<\/strong> y que existieron <strong>\u201ccontroversias morales y \u00e9ticas sobre el ejercicio del poder\u201d<\/strong>. El evento fue organizado de manera conjunta por el Ministerio de Asuntos Exteriores de Espa\u00f1a y la Secretar\u00eda de Cultura del Gobierno de M\u00e9xico.<\/p>\n<\/div>\n<div id>\n<p>\u201cDesde el primer d\u00eda, es decir, los propios <strong>Reyes Cat\u00f3licos<\/strong> con sus directrices, las Leyes de Indias, por el proceso legislativo, hay un af\u00e1n de protecci\u00f3n, que luego la realidad hace que no se cumpla como se pretende y hay mucho, <strong>mucho abuso <\/strong>y tambi\u00e9n, como dec\u00eda antes, valorar el hecho de que de ah\u00ed, de ese conocimiento, pues nos apreciaremos m\u00e1s\u201d, expres\u00f3.<\/p>\n<\/div>\n<div id>\n<p>Felipe VI tambi\u00e9n remarc\u00f3 la importancia de <strong>conocer la historia compartida entre ambos lados del Atl\u00e1ntico<\/strong>, al se\u00f1alar que <strong>\u201cesa cultura mestiza es lo que nos define hoy\u201d<\/strong>.<\/p>\n<\/div>\n<div id>\n<p>\u201cHay cosas que cuando las conocemos, cuando las estudiamos, en nuestro criterio de hoy en d\u00eda, con nuestros valores, pues no pueden hacernos sentir orgullosos, pero hay que conocerlos, y en su justo contexto, <strong>no con excesivo presentismo<\/strong>\u201d, agreg\u00f3.<\/p>\n<h2>Los v\u00ednculos entre Espa\u00f1a y M\u00e9xico<\/h2>\n<p>La presencia del rey en esta exposici\u00f3n fue interpretada como <strong>un gesto de acercamiento entre Espa\u00f1a y M\u00e9xico<\/strong>, pa\u00edses que mantienen v\u00ednculos hist\u00f3ricos y comerciales, pero cuya relaci\u00f3n se hab\u00eda tensado en los \u00faltimos a\u00f1os.<\/p>\n<p>El conflicto diplom\u00e1tico se intensific\u00f3 desde que el entonces presidente mexicano, <strong>Andr\u00e9s Manuel L\u00f3pez Obrador<\/strong>, reclam\u00f3 en 2019 que Espa\u00f1a pidiera disculpas por la conquista. Esa postura continu\u00f3 con la actual mandataria, <strong>Claudia Sheinbaum<\/strong>, quien no invit\u00f3 a Felipe VI a su asunci\u00f3n, lo que deriv\u00f3 en un enfriamiento del v\u00ednculo bilateral.<\/p>\n<p>En ese contexto, el canciller espa\u00f1ol <strong>Jos\u00e9 Manuel Albares<\/strong> hab\u00eda reconocido meses atr\u00e1s los <strong>\u201cclaroscuros\u201d de la historia compartida<\/strong> y lamentado las injusticias contra los pueblos originarios, en lo que fue considerado por M\u00e9xico como <strong>un primer paso hacia la normalizaci\u00f3n de las relaciones<\/strong>.<\/p>\n<p>Mientras tanto, Espa\u00f1a se prepara para albergar en noviembre la <strong>Cumbre Iberoamericana<\/strong>, con el objetivo de revitalizar estos encuentros, que en los \u00faltimos a\u00f1os registraron <strong>una menor participaci\u00f3n de jefes de Estado<\/strong>.<\/p>\n<\/div>\n","protected":false},"excerpt":{"rendered":"<p>El rey Felipe VI reconoci\u00f3 que durante la conquista de Am\u00e9rica por parte de Espa\u00f1a \u201chubo mucho abuso\u201d y plante\u00f3 la necesidad de analizar esos hechos en su contexto hist\u00f3rico, en medio de un proceso de acercamiento diplom\u00e1tico con M\u00e9xico tras a\u00f1os de tensi\u00f3n. Las declaraciones se dieron en el Museo Arqueol\u00f3gico Nacional de Madrid, [&hellip;]<\/p>\n","protected":false},"author":2,"featured_media":11307,"comment_status":"closed","ping_status":"closed","sticky":false,"template":"","format":"standard","meta":{"jetpack_post_was_ever_published":false,"_jetpack_newsletter_access":"","_jetpack_dont_email_post_to_subs":false,"_jetpack_newsletter_tier_id":0,"_jetpack_memberships_contains_paywalled_content":false,"_jetpack_memberships_contains_paid_content":false,"footnotes":"","jetpack_publicize_message":"","jetpack_publicize_feature_enabled":true,"jetpack_social_post_already_shared":true,"jetpack_social_options":{"image_generator_settings":{"template":"highway","enabled":false},"version":2}},"categories":[20],"tags":[],"class_list":["post-11306","post","type-post","status-publish","format-standard","has-post-thumbnail","hentry","category-mundo"],"jetpack_publicize_connections":[],"jetpack_featured_media_url":"https:\/\/i0.wp.com\/infolanus.com\/wp-content\/uploads\/2026\/03\/el-rey-de-espana-admitio-mucho-abuso-durante-la-conquista-de-america-tras-acercamiento-diplomatico-con-mexico.png?fit=1200%2C675&ssl=1","jetpack_sharing_enabled":true,"jetpack_shortlink":"https:\/\/wp.me\/p9QtMr-2Wm","_links":{"self":[{"href":"https:\/\/infolanus.com\/index.php\/wp-json\/wp\/v2\/posts\/11306","targetHints":{"allow":["GET"]}}],"collection":[{"href":"https:\/\/infolanus.com\/index.php\/wp-json\/wp\/v2\/posts"}],"about":[{"href":"https:\/\/infolanus.com\/index.php\/wp-json\/wp\/v2\/types\/post"}],"author":[{"embeddable":true,"href":"https:\/\/infolanus.com\/index.php\/wp-json\/wp\/v2\/users\/2"}],"replies":[{"embeddable":true,"href":"https:\/\/infolanus.com\/index.php\/wp-json\/wp\/v2\/comments?post=11306"}],"version-history":[{"count":0,"href":"https:\/\/infolanus.com\/index.php\/wp-json\/wp\/v2\/posts\/11306\/revisions"}],"wp:featuredmedia":[{"embeddable":true,"href":"https:\/\/infolanus.com\/index.php\/wp-json\/wp\/v2\/media\/11307"}],"wp:attachment":[{"href":"https:\/\/infolanus.com\/index.php\/wp-json\/wp\/v2\/media?parent=11306"}],"wp:term":[{"taxonomy":"category","embeddable":true,"href":"https:\/\/infolanus.com\/index.php\/wp-json\/wp\/v2\/categories?post=11306"},{"taxonomy":"post_tag","embeddable":true,"href":"https:\/\/infolanus.com\/index.php\/wp-json\/wp\/v2\/tags?post=11306"}],"curies":[{"name":"wp","href":"https:\/\/api.w.org\/{rel}","templated":true}]}}