{"id":11407,"date":"2026-04-04T22:00:00","date_gmt":"2026-04-05T01:00:00","guid":{"rendered":"https:\/\/www.ambito.com\/mundo\/el-llamado-del-papa-leon-xiv-semana-santa-contra-la-guerra-no-dejemos-que-nos-paralicen-n6263096"},"modified":"2026-04-04T22:00:00","modified_gmt":"2026-04-05T01:00:00","slug":"el-llamado-del-papa-leon-xiv-en-semana-santa-contra-la-guerra-no-dejemos-que-nos-paralicen","status":"publish","type":"post","link":"https:\/\/infolanus.com\/index.php\/2026\/04\/04\/el-llamado-del-papa-leon-xiv-en-semana-santa-contra-la-guerra-no-dejemos-que-nos-paralicen\/","title":{"rendered":"El llamado del Papa Le\u00f3n XIV en Semana Santa contra la guerra: &#8220;No dejemos que nos paralicen&#8221;"},"content":{"rendered":"<p><img data-recalc-dims=\"1\" decoding=\"async\" src=\"https:\/\/i0.wp.com\/media.ambito.com\/p\/a13a54509bc8c0e2096022096e02091f\/adjuntos\/239\/imagenes\/043\/279\/0043279907\/1200x675\/smart\/leon-xiv-sabado-santo-vaticano.jpg?w=640&#038;ssl=1\"><!-- { REGION4 --> <\/p>\n<header class=\"news-headline\" readability=\"1.3195488721805\">\n<div class=\"news-headline__topics-and-date-wrapper\"> <span class=\"news-headline__publication-date\"> 4 de abril 2026 &#8211; 22:00 <\/span><\/div>\n<h2 class=\"news-headline__article-summary\" readability=\"23\">\n<p class=\"ignore-parser\">El Sumo Pont\u00edfice encabez\u00f3 la ceremonia de la Vigilia Pascual ante unas 6.000 personas en la Capilla Sixtina.<\/p>\n<\/h2>\n<\/header>\n<div class=\"detail-highlighted-multimedia content-protected-false\">\n<figure class=\"detail-highlighted-multimedia__figure\"> <img data-recalc-dims=\"1\" decoding=\"async\" src=\"https:\/\/i0.wp.com\/media.ambito.com\/p\/8f270b2ee6197556883481091dca24b4\/adjuntos\/239\/imagenes\/043\/279\/0043279907\/655x368\/smart\/leon-xiv-sabado-santo-vaticano.jpg?resize=640%2C427&#038;ssl=1\" class=\"detail-highlighted-multimedia__figure-img img-fluid\" alt=\"Le\u00f3n XIV pas\u00f3 entre los fieles durante la ceremonia del S\u00e1bado Santo.&amp;nbsp;\" width=\"640\" height=\"427\" crossorigin=\"anonymous\" fetchpriority=\"high\" decode=\"async\"><figcaption class=\"detail-highlighted-multimedia__figcaption\" readability=\"-24\"> <span class=\"detail-highlighted-multimedia__copyright\">Reuters<\/span><\/figcaption><\/figure>\n<\/div>\n<article class=\"article-body article-body--first-paragraph content-protected-false\" data-td-script-src=\"https:\/\/www.ambito.com\/td\/modulos\/encuestas\/js\/function-embeds-min-version-1774584358.js\" readability=\"27.181818181818\">\n<p>En lo que representa su <a href=\"https:\/\/www.ambito.com\/mundo\/el-papa-leon-xiv-encabezo-su-primera-misa-pascua-y-llamo-caminar-juntos-la-iglesia-n6262669\" target=\"_blank\" rel=\"follow\">primera pascua como sumo pont\u00edfice<\/a>, el <strong>Papa Le\u00f3n XIV <\/strong>volvi\u00f3 a abordar la <a href=\"https:\/\/www.ambito.com\/mundo\/el-papa-leon-xiv-hablo-la-paz-medio-oriente-el-presidente-israel-reabrir-canales-dialogo-n6262917\" target=\"_blank\" rel=\"follow\">actual coyuntura de conflictos b\u00e9licos.<\/a> &#8220;Ante la dureza del pecado que divide y mata, responde con el poder del amor que une y devuelve la vida\u201d, dijo al referirse a Jes\u00fas, en el que pidi\u00f3 inspirarse en <strong>Semana Santa<\/strong> para afrontar el <strong>desaf\u00edo de la pacificaci\u00f3n global<\/strong>.<\/p>\n<\/article>\n<article class=\"article-body article-body--second-paragraph content-protected-false\" readability=\"34\">\n<p>El Papa encabez\u00f3 la <strong>Vigilia Pascual<\/strong>, una ceremonia considerada como la &#8220;madre de todas las vigilias&#8221; que cont\u00f3 con la presencia de m\u00e1s de <strong>6.000 fieles en la Capilla Sixtina<\/strong>. All\u00ed record\u00f3 a las mujeres que se acercaron al sepulcro de Jes\u00fas en el S\u00e1bado Santo. &#8220;Esperaban encontrarlo sellado, con una gran piedra en la entrada y soldados haciendo guardia. <strong>Esto es el pecado: una barrera muy pesada que nos encierra y nos separa de Dios<\/strong>, tratando de hacer morir en nosotros sus palabras de esperanza\u201d, ejemplific\u00f3.<\/p>\n<\/article>\n<section class=\"related-news\"> <span class=\"related-news__title\">Informate m\u00e1s<\/span> <\/p>\n<div class=\"row row--eq-height\">\n<div class=\"col-12 col-md-6\">\n<article class=\"news-article news-article--landscape-news news-article--landscape-news\">\n<figure class=\"news-article__figure figure\"> <a href=\"https:\/\/www.ambito.com\/uruguay\/el-papa-leon-xiv-podria-visitar-entre-fines-noviembre-y-principios-diciembre-n6262798\" target title=\"\u00e1mbito.com | El papa Le\u00f3n XIV podr\u00eda visitar Uruguay entre fines de noviembre y principios de diciembre\" alt=\"\u00e1mbito.com | El papa Le\u00f3n XIV podr\u00eda visitar Uruguay entre fines de noviembre y principios de diciembre\" rel=\"noindex nofollow noreferrer\"> <img loading=\"lazy\" decoding=\"async\" src=\"https:\/\/www.ambito.com\/css-custom\/239\/lazy.svg\" data-td-src-property=\"https:\/\/media.ambito.com\/p\/c618968145ed253cce4279dbff13fb9b\/adjuntos\/351\/imagenes\/042\/865\/0042865703\/93x52\/smart\/yamandu-orsi-leon-xiv.jpg\" alt=\"El papa Le\u00f3n XIV podr\u00eda visitar Uruguay entre fines de noviembre y principios de diciembre.\" title=\"El papa Le\u00f3n XIV podr\u00eda visitar Uruguay entre fines de noviembre y principios de diciembre.\" width=\"93\" height=\"52\" class=\"news-article__figure-img figure-img img-fluid\"> <\/a><\/figure>\n<\/article><\/div>\n<div class=\"col-12 col-md-6\">\n<article class=\"news-article news-article--landscape-news news-article--landscape-news\">\n<figure class=\"news-article__figure figure\"> <a href=\"https:\/\/www.ambito.com\/mundo\/el-papa-leon-xiv-encabezo-su-primera-misa-pascua-y-llamo-caminar-juntos-la-iglesia-n6262669\" target title=\"\u00e1mbito.com | El papa Le\u00f3n XIV encabez\u00f3 su primera misa de Pascua y llam\u00f3 a caminar juntos en la Iglesia\" alt=\"\u00e1mbito.com | El papa Le\u00f3n XIV encabez\u00f3 su primera misa de Pascua y llam\u00f3 a caminar juntos en la Iglesia\" rel=\"noindex nofollow noreferrer\"> <img loading=\"lazy\" decoding=\"async\" src=\"https:\/\/www.ambito.com\/css-custom\/239\/lazy.svg\" data-td-src-property=\"https:\/\/media.ambito.com\/p\/9e76000430028ec3bdf8a311556aacdf\/adjuntos\/239\/imagenes\/043\/277\/0043277592\/93x52\/smart\/misa-crismal-pascuas-leon-xiv.jpg\" alt=\"Le\u00f3n XIV encabez\u00f3 su primera misa crismal del Jueves Santo como papa.\" title=\"Le\u00f3n XIV encabez\u00f3 su primera misa crismal del Jueves Santo como papa.\" width=\"93\" height=\"52\" class=\"news-article__figure-img figure-img img-fluid\"> <\/a><\/figure>\n<\/article><\/div>\n<\/div>\n<\/section>\n<article class=\"article-body article-body--third-paragraph content-protected-false\" readability=\"39\">\n<p>As\u00ed prosigui\u00f3: <strong>&#8220;Tampoco faltan en nuestros d\u00edas sepulcros que abrir, <\/strong>y a menudo las piedras que los cierran son tan pesadas y est\u00e1n tan bien vigiladas que parecen inamovibles\u201d. &#8220;Algunas oprimen el coraz\u00f3n del hombre, como la desconfianza, el miedo, el ego\u00edsmo y el rencor; otras, consecuencia de las primeras, <strong>rompen los lazos entre nosotros, como la guerra, la injusticia y el aislamiento entre pueblos y naciones. \u00a1No dejemos que nos paralicen!\u201d<\/strong>, pidi\u00f3.<\/p>\n<\/article>\n<article class=\"article-body article-body--fourth-paragraph content-protected-false\" readability=\"37.835325365206\">\n<div contenteditable=\"false\" class=\"embed_cont type_freetext\" rel=\"freetext\" id=\"embed6771_wrap\" data-provider=\"Twitter\" readability=\"32.05298013245\">\n<p>Embed &#8211; https:\/\/publish.x.com\/oembed?url=https:\/\/x.com\/Pontifex_es\/status\/2040554001779880288&amp;partner=&amp;hide_thread=false<span onclick=\"parent.parent.TinyMCETdcuerpo.preview_embed('embed6771')\" class=\"embed_colapse less\" id=\"embed6771_colapse\"><\/span><span onclick=\"parent.parent.TinyMCETdcuerpo.delete_embed('embed6771')\" class=\"embed_delete less\" id=\"embed6771_delete\"><\/span><\/p>\n<div id=\"embed6771_content\" class=\"embed_content\">\n<div id=\"embed6771_embed\" readability=\"9.1280120481928\">\n<blockquote data-td-script-src=\"https:\/\/platform.twitter.com\/widgets.js\" class=\"twitter-tweet\" readability=\"11.530120481928\">\n<p dir=\"ltr\" lang=\"es\"> Tampoco faltan en nuestros d\u00edas sepulcros que abrir, y a menudo las piedras que los cierran son tan pesadas y est\u00e1n tan bien vigiladas que parecen inamovibles. Algunas oprimen el coraz\u00f3n del hombre, como la desconfianza, el miedo, el ego\u00edsmo y el rencor; otras, consecuencia de\u2026<\/p>\n<p> \u2014 Papa Le\u00f3n XIV (@Pontifex_es) <a href=\"https:\/\/twitter.com\/Pontifex_es\/status\/2040554001779880288?ref_src=twsrc%5Etfw\">April 4, 2026<\/a><\/p><\/blockquote>\n<\/div><\/div>\n<\/p><\/div>\n<p>Finalmente, record\u00f3 que &#8220;<strong>muchos hombres y mujeres, a lo largo de los siglos, con la ayuda de Dios, las han removido, quiz\u00e1 con mucho esfuerzo,<\/strong> a veces a costa de la vida, pero con frutos de bien de los que a\u00fan hoy nos beneficiamos. No son personajes inalcanzables, sino personas como nosotros\u201d.<\/p>\n<\/article>\n<article class=\"article-body article-body--fifth-paragraph content-protected-false\" readability=\"32.549180327869\">\n<h2>El Papa Le\u00f3n XIV habl\u00f3 por la paz en Medio Oriente con el presidente de Israel<\/h2>\n<p>En la previa a su <strong>primera misa de Pascua<\/strong><strong>,<\/strong> el <strong>Papa Le\u00f3n XIV<\/strong> convers\u00f3 este viernes telef\u00f3nicamente con el <strong>presidente de Israel, Isaac Herzog<\/strong>, para fortalecer las posibilidades de que finalice el <strong>conflicto b\u00e9lico en Medio Oriente<\/strong>, cuyo principal ataque inici\u00f3 en <strong><a href=\"https:\/\/www.ambito.com\/mundo\/donald-trump-afirmo-que-eeuu-podria-reabrir-facilmente-el-estrecho-ormuz-con-un-poco-mas-tiempo-n6262778\" target=\"_blank\" rel=\"follow noopener\" data-mrf-recirculation=\"Article - Paragraph Links\" data-mrf-link=\"https:\/\/www.ambito.com\/mundo\/donald-trump-afirmo-que-eeuu-podria-reabrir-facilmente-el-estrecho-ormuz-con-un-poco-mas-tiempo-n6262778\" cmp-ltrk=\"Article - Paragraph Links\" cmp-ltrk-idx=\"1\" mrfobservableid=\"c8a0537a-0f1c-40d5-85bd-c6bcde566394\">Ir\u00e1n<\/a><\/strong> hace 35 d\u00edas.<\/p>\n<\/article>\n<article class=\"article-body article-body--remaining-paragraph content-protected-false\" readability=\"60.238461538462\">\n<p>La conversaci\u00f3n ocurri\u00f3 en la ma\u00f1ana del viernes, seg\u00fan inform\u00f3 un comunicado oficial del Vaticano. &#8220;Durante el coloquio, se ha defendido la <strong>necesidad de reabrir todos los canales posibles de di\u00e1logo diplom\u00e1tico para poner fin al grave conflicto en curso, <\/strong>en busca de una paz justa y duradera en todo Oriente Medio&#8221;, se\u00f1al\u00f3 el documento, que precis\u00f3 que &#8220;a lo largo de la conversaci\u00f3n se han detenido en la importancia de proteger a la poblaci\u00f3n civil y de promover el respeto del derecho internacional y humanitario&#8221;.<\/p>\n<div contenteditable=\"false\" class=\"embed_cont type_freetext\" rel=\"freetext\" id=\"embed2749_wrap\" data-provider=\"Twitter\" readability=\"29.636942675159\">\n<p>Embed &#8211; https:\/\/publish.x.com\/oembed?url=https:\/\/x.com\/Isaac_Herzog\/status\/2040004097995096428&amp;partner=&amp;hide_thread=false<span onclick=\"parent.parent.TinyMCETdcuerpo.preview_embed('embed2749')\" class=\"embed_colapse less\" id=\"embed2749_colapse\"><\/span><span onclick=\"parent.parent.TinyMCETdcuerpo.delete_embed('embed2749')\" class=\"embed_delete less\" id=\"embed2749_delete\"><\/span><\/p>\n<div id=\"embed2749_content\" class=\"embed_content\">\n<div id=\"embed2749_embed\" readability=\"8.1934097421203\">\n<blockquote data-td-script-src=\"https:\/\/platform.twitter.com\/widgets.js\" class=\"twitter-tweet\" readability=\"10.349570200573\">\n<p dir=\"ltr\" lang=\"en\"> This morning, I spoke with <a href=\"https:\/\/twitter.com\/Pontifex?ref_src=twsrc%5Etfw\">@Pontifex<\/a> Pope Leo XIV to exchange greetings for the Passover and Easter holidays.<\/p>\n<p>During our call, we discussed the war with Iran, including the ongoing threat of missile attacks by the Iranian regime and its terror proxies against people of all\u2026 <a href=\"https:\/\/t.co\/TQ1CjLgAUc\">pic.twitter.com\/TQ1CjLgAUc<\/a><\/p>\n<p> \u2014 Isaac Herzog (@Isaac_Herzog) <a href=\"https:\/\/twitter.com\/Isaac_Herzog\/status\/2040004097995096428?ref_src=twsrc%5Etfw\">April 3, 2026<\/a><\/p><\/blockquote>\n<\/div><\/div>\n<\/p><\/div>\n<p><strong> Isaac Herzog<\/strong> tambi\u00e9n se refiri\u00f3 a la conversaci\u00f3n con el Papa Le\u00f3n XIV. &#8220;<strong>Hablamos sobre la guerra con Ir\u00e1n, incluyendo la constante amenaza de ataques con misiles por parte del r\u00e9gimen iran\u00ed y sus grupos terroristas afines<\/strong> contra personas de todas las religiones en la regi\u00f3n. Record\u00e9 los recientes ataques con misiles iran\u00edes contra Jerusal\u00e9n, que impactaron en lugares sagrados para cristianos, musulmanes y jud\u00edos. El pueblo de Ir\u00e1n tambi\u00e9n merece un futuro mejor, libre de este peligroso y violento r\u00e9gimen de terror&#8221;, plante\u00f3 el funcionario israel\u00ed.<\/p>\n<p>En ese marco, reconoci\u00f3 que &#8220;tambi\u00e9n hablamos sobre la situaci\u00f3n en el<strong> L\u00edbano<\/strong>, incluyendo la importancia de la seguridad de las comunidades cristianas a ambos lados de la frontera. Hice hincapi\u00e9 en que no se puede permitir que la organizaci\u00f3n terrorista Hezbol\u00e1 siga amenazando tanto al pueblo de Israel como al del<strong> L\u00edbano, quienes merecen un futuro de paz y estabilidad&#8221;.<\/strong><\/p>\n<p>Herzog valor\u00f3 el rol de la Iglesia Cat\u00f3lica para &#8220;la cooperaci\u00f3n de todos los l\u00edderes mundiales y religiosos en la crucial lucha contra el antisemitismo&#8221;. &#8220;<strong>Compartimos la esperanza de un futuro m\u00e1s pac\u00edfico para las personas de todas las religiones<\/strong>, libre de la amenaza de la violencia y el derramamiento de sangre&#8221;, concluy\u00f3 el mensaje del presidente israel\u00ed en red social X.<\/p>\n<\/article>\n<p> <!-- REGION4 } --> <\/p>\n","protected":false},"excerpt":{"rendered":"<p>4 de abril 2026 &#8211; 22:00 El Sumo Pont\u00edfice encabez\u00f3 la ceremonia de la Vigilia Pascual ante unas 6.000 personas en la Capilla Sixtina. Reuters En lo que representa su primera pascua como sumo pont\u00edfice, el Papa Le\u00f3n XIV volvi\u00f3 a abordar la actual coyuntura de conflictos b\u00e9licos. &#8220;Ante la dureza del pecado que divide [&hellip;]<\/p>\n","protected":false},"author":2,"featured_media":11408,"comment_status":"closed","ping_status":"closed","sticky":false,"template":"","format":"standard","meta":{"jetpack_post_was_ever_published":false,"_jetpack_newsletter_access":"","_jetpack_dont_email_post_to_subs":false,"_jetpack_newsletter_tier_id":0,"_jetpack_memberships_contains_paywalled_content":false,"_jetpack_memberships_contains_paid_content":false,"footnotes":"","jetpack_publicize_message":"","jetpack_publicize_feature_enabled":true,"jetpack_social_post_already_shared":true,"jetpack_social_options":{"image_generator_settings":{"template":"highway","enabled":false},"version":2}},"categories":[20],"tags":[1286],"class_list":["post-11407","post","type-post","status-publish","format-standard","has-post-thumbnail","hentry","category-mundo","tag-mundo"],"jetpack_publicize_connections":[],"jetpack_featured_media_url":"https:\/\/i0.wp.com\/infolanus.com\/wp-content\/uploads\/2026\/04\/el-llamado-del-papa-leon-xiv-en-semana-santa-contra-la-guerra-no-dejemos-que-nos-paralicen.jpg?fit=655%2C368&ssl=1","jetpack_sharing_enabled":true,"jetpack_shortlink":"https:\/\/wp.me\/p9QtMr-2XZ","_links":{"self":[{"href":"https:\/\/infolanus.com\/index.php\/wp-json\/wp\/v2\/posts\/11407","targetHints":{"allow":["GET"]}}],"collection":[{"href":"https:\/\/infolanus.com\/index.php\/wp-json\/wp\/v2\/posts"}],"about":[{"href":"https:\/\/infolanus.com\/index.php\/wp-json\/wp\/v2\/types\/post"}],"author":[{"embeddable":true,"href":"https:\/\/infolanus.com\/index.php\/wp-json\/wp\/v2\/users\/2"}],"replies":[{"embeddable":true,"href":"https:\/\/infolanus.com\/index.php\/wp-json\/wp\/v2\/comments?post=11407"}],"version-history":[{"count":0,"href":"https:\/\/infolanus.com\/index.php\/wp-json\/wp\/v2\/posts\/11407\/revisions"}],"wp:featuredmedia":[{"embeddable":true,"href":"https:\/\/infolanus.com\/index.php\/wp-json\/wp\/v2\/media\/11408"}],"wp:attachment":[{"href":"https:\/\/infolanus.com\/index.php\/wp-json\/wp\/v2\/media?parent=11407"}],"wp:term":[{"taxonomy":"category","embeddable":true,"href":"https:\/\/infolanus.com\/index.php\/wp-json\/wp\/v2\/categories?post=11407"},{"taxonomy":"post_tag","embeddable":true,"href":"https:\/\/infolanus.com\/index.php\/wp-json\/wp\/v2\/tags?post=11407"}],"curies":[{"name":"wp","href":"https:\/\/api.w.org\/{rel}","templated":true}]}}