{"id":11537,"date":"2026-04-26T11:23:00","date_gmt":"2026-04-26T14:23:00","guid":{"rendered":"https:\/\/www.ambito.com\/mundo\/la-desafortunada-y-premonitoria-frase-una-funcionaria-donald-trump-previa-al-tiroteo-la-cena-corresponsales-habra-disparos-n6270955"},"modified":"2026-04-26T11:23:00","modified_gmt":"2026-04-26T14:23:00","slug":"la-desafortunada-y-premonitoria-frase-de-una-funcionaria-de-donald-trump-previa-al-tiroteo-en-la-cena-de-corresponsales-habra-disparos","status":"publish","type":"post","link":"https:\/\/infolanus.com\/index.php\/2026\/04\/26\/la-desafortunada-y-premonitoria-frase-de-una-funcionaria-de-donald-trump-previa-al-tiroteo-en-la-cena-de-corresponsales-habra-disparos\/","title":{"rendered":"La desafortunada y premonitoria frase de una funcionaria de Donald Trump previa al tiroteo en la cena de Corresponsales: &#8220;Habr\u00e1 disparos&#8221;"},"content":{"rendered":"<p><img data-recalc-dims=\"1\" decoding=\"async\" src=\"https:\/\/i0.wp.com\/media.ambito.com\/p\/7af229cb58faa838ac3e38e4c0f93632\/adjuntos\/239\/imagenes\/043\/328\/0043328920\/1200x675\/smart\/karoline-leavitt.jpg?w=640&#038;ssl=1\"><!-- { REGION4 --> <\/p>\n<header class=\"news-headline\" readability=\"1.3399390243902\">\n<div class=\"news-headline__topics-and-date-wrapper\"> <span class=\"news-headline__publication-date\"> 26 de abril 2026 &#8211; 11:23 <\/span><\/div>\n<h2 class=\"news-headline__article-summary\" readability=\"23\">\n<p id=\"p-1777211303830-39624\" data-start=\"0\" data-end=\"124\" data-is-last-node data-is-only-node class=\"ignore-parser\">La vocera de la Casa Blanca hizo un comentario en la previa del evento que cobr\u00f3 otro sentido tras el tiroteo en Washington.<\/p>\n<\/h2>\n<\/header>\n<div class=\"detail-highlighted-multimedia content-protected-false\">\n<figure class=\"detail-highlighted-multimedia__figure\"> <img data-recalc-dims=\"1\" decoding=\"async\" src=\"https:\/\/i0.wp.com\/media.ambito.com\/p\/70465fe2f78cd0093abbeac9f0e2d1bc\/adjuntos\/239\/imagenes\/043\/328\/0043328920\/655x368\/smart\/karoline-leavitt.jpg?resize=640%2C388&#038;ssl=1\" class=\"detail-highlighted-multimedia__figure-img img-fluid\" alt=\"Minutos antes del incidente, la vocera Karoline Leavitt hab\u00eda hecho un comentario que luego gener\u00f3 repercusi\u00f3n.\" width=\"640\" height=\"388\" crossorigin=\"anonymous\" fetchpriority=\"high\" decode=\"async\"><figcaption class=\"detail-highlighted-multimedia__figcaption\" readability=\"-23\"> <\/figcaption><\/figure>\n<\/p><\/div>\n<article class=\"article-body article-body--first-paragraph content-protected-false\" data-td-script-src=\"https:\/\/www.ambito.com\/td\/modulos\/encuestas\/js\/function-embeds-min-version-1777090099.js\" readability=\"32.1\">\n<p id=\"p-1777212727288-97187\" data-start=\"0\" data-end=\"378\" data-is-last-node data-is-only-node><a href=\"https:\/\/www.ambito.com\/mundo\/las-reacciones-al-tiroteo-washington-la-cena-corresponsales-donde-donald-trump-fue-evacuado-n6270933\" target=\"_blank\" rel=\"follow\">El tiroteo en la cena de corresponsales<\/a> que este s\u00e1bado oblig\u00f3 a<strong> evacuar al presidente de Estados Unidos, Donald Trump,<\/strong> estuvo precedido por una coincidencia llamativa: minutos antes del incidente, la portavoz de la Casa Blanca, <strong>Karoline Leavitt,<\/strong> hab\u00eda afirmado en televisi\u00f3n que en la gala<strong> \u201chabr\u00e1 disparos\u201d,<\/strong> en alusi\u00f3n al tono del discurso previsto.<\/p>\n<\/article>\n<article class=\"article-body article-body--second-paragraph content-protected-false\" readability=\"34\">\n<p id=\"p-1777212054681-3235\" data-start=\"621\" data-end=\"951\">En la previa de la cena anual de corresponsales, Leavitt busc\u00f3 generar expectativa sobre el discurso presidencial con una frase que, en ese momento, parec\u00eda parte de una estrategia comunicacional. <strong>\u201cEl discurso de esta noche ser\u00e1 un cl\u00e1sico de Donald Trump. Va a ser divertido y va a haber disparos esta noche en la sala\u201d<\/strong>, expres\u00f3.<\/p>\n<\/article>\n<section class=\"related-news\"> <span class=\"related-news__title\">Informate m\u00e1s<\/span> <\/p>\n<div class=\"row row--eq-height\">\n<div class=\"col-12 col-md-6\">\n<article class=\"news-article news-article--landscape-news news-article--landscape-news\">\n<figure class=\"news-article__figure figure\"> <a href=\"https:\/\/www.ambito.com\/mundo\/guerra-medio-oriente-se-enfrian-las-chances-paz-la-suspension-negociaciones-impulsada-donald-trump-n6270981\" target title=\"\u00e1mbito.com | Guerra en Medio Oriente: se enfr\u00edan las chances de paz tras la suspensi\u00f3n de negociaciones impulsada por EEUU\" alt=\"\u00e1mbito.com | Guerra en Medio Oriente: se enfr\u00edan las chances de paz tras la suspensi\u00f3n de negociaciones impulsada por EEUU\" rel=\"noindex nofollow noreferrer\"> <img loading=\"lazy\" decoding=\"async\" src=\"https:\/\/www.ambito.com\/css-custom\/239\/lazy.svg\" data-td-src-property=\"https:\/\/media.ambito.com\/p\/c6fef2025b33562beae96e47fd09e3f1\/adjuntos\/239\/imagenes\/043\/229\/0043229452\/93x52\/1513x886:1533x906\/buque-estrecho-ormuz.jpg\" alt=\"Contin\u00faan las tensiones, luego de que Trump cancelara una reuni\u00f3n clave en Pakist\u00e1n.\" title=\"Contin\u00faan las tensiones, luego de que Trump cancelara una reuni\u00f3n clave en Pakist\u00e1n.\" width=\"93\" height=\"52\" class=\"news-article__figure-img figure-img img-fluid\"> <\/a><\/figure>\n<\/article><\/div>\n<div class=\"col-12 col-md-6\">\n<article class=\"news-article news-article--landscape-news news-article--landscape-news\">\n<figure class=\"news-article__figure figure\"> <a href=\"https:\/\/www.ambito.com\/mundo\/tiroteo-washington-el-atacante-tenia-como-objetivo-donald-trump-y-funcionarios-del-gabinete-segun-la-fiscalia-eeuu-n6270982\" target title=\"\u00e1mbito.com | El tirador ten\u00eda como objetivo a Trump y otros funcionarios, seg\u00fan la fiscal\u00eda de EEUU\" alt=\"\u00e1mbito.com | El tirador ten\u00eda como objetivo a Trump y otros funcionarios, seg\u00fan la fiscal\u00eda de EEUU\" rel=\"noindex nofollow noreferrer\"> <img loading=\"lazy\" decoding=\"async\" src=\"https:\/\/www.ambito.com\/css-custom\/239\/lazy.svg\" data-td-src-property=\"https:\/\/media.ambito.com\/p\/711fcf8764edf9946b4232216734accf\/adjuntos\/239\/imagenes\/043\/328\/0043328774\/93x52\/594x192:614x212\/donald-trump-discurso-tiroteo.jpg\" alt=\"Donald Trump era el blanco del ataque, seg\u00fan las primeras investigaciones de la justicia.\" title=\"Donald Trump era el blanco del ataque, seg\u00fan las primeras investigaciones de la justicia.\" width=\"93\" height=\"52\" class=\"news-article__figure-img figure-img img-fluid\"> <span class=\"news-article__media-badge news-article__media-badge--video\"><\/span><\/a> <\/figure>\n<\/article><\/div>\n<\/div>\n<\/section>\n<article class=\"article-body article-body--third-paragraph content-protected-false\" readability=\"30.235602094241\">\n<p id=\"p-1777212938852-37165\" data-start=\"953\" data-end=\"1349\">Sin embargo, con el correr de las horas, la situaci\u00f3n tom\u00f3 otro rumbo. Durante el evento, <a href=\"https:\/\/www.ambito.com\/mundo\/tiroteo-miedo-y-confusion-washington-los-videos-del-ataque-y-como-evacuaron-donald-trump-y-jd-vance-n6270942\" target=\"_blank\" rel=\"follow\">una persona armada ingres\u00f3 al hotel<\/a> donde se realizaba la cena, lo que activ\u00f3 un operativo de seguridad y deriv\u00f3 en la <strong>evacuaci\u00f3n inmediata del mandatario y su equipo<\/strong>. El sospechoso fue detenido y posteriormente identificado como <a href=\"https:\/\/www.ambito.com\/mundo\/quien-es-cole-tomas-allen-y-que-se-sabe-del-tirador-que-intento-atacar-donald-trump-la-cena-corresponsales-n6270930\" target=\"_blank\" rel=\"follow\">Cole Tomas Allen<\/a>, de 31 a\u00f1os y residente en California.<\/p>\n<\/article>\n<article class=\"article-body article-body--fourth-paragraph content-protected-false\">\n<div contenteditable=\"false\" class=\"embed_cont type_video\" id=\"8216479-1813035481_wrap\">\n<p>Karoline Leavitt <span onclick=\"parent.parent.TinyMCETdcuerpo.preview_embed('8216479-1813035481')\" class=\"embed_colapse less\" id=\"8216479-1813035481_colapse\"><\/span> <span onclick=\"parent.parent.TinyMCETdcuerpo.delete_embed('8216479-1813035481')\" class=\"embed_delete less\" id=\"8216479-1813035481_delete\"><\/span><\/p>\n<div class=\"embed_wrapper-cont\" id=\"p-1777212938852-85694\" readability=\"6.5\">\n<div id=\"8216479-1813035481_epigrafe\" class=\"embed_epigrafe\" readability=\"8\">\n<p id=\"p-1777213112394-2676\">La cena de corresponsales en Washington fue interrumpida por un tiroteo que oblig\u00f3 a evacuar al presidente Donald Trump.<\/p>\n<\/div><\/div>\n<\/p><\/div>\n<\/article>\n<article class=\"article-body article-body--fifth-paragraph content-protected-false\" readability=\"29\">\n<h2 id=\"p-1777205450040-33099\"> C\u00f3mo fue el ataque en la cena de periodistas en la que estaba Trump<\/h2>\n<p id=\"p-1777205450040-44703\" data-start=\"2393\" data-end=\"2532\">Testigos describieron una escena de p\u00e1nico. En segundos, <strong>los disparos interrumpieron la ceremonia y activaron una evacuaci\u00f3n de emergencia.<\/strong><\/p>\n<\/article>\n<article class=\"article-body article-body--remaining-paragraph content-protected-false\" readability=\"47\">\n<p id=\"p-1777205450040-33107\" data-start=\"2534\" data-end=\"2697\"> El periodista Wolf Blitzer, presente en el lugar, relat\u00f3 haber visto al atacante en el suelo disparando a pocos metros mientras agentes lo empujaban para cubrirse.<\/p>\n<p id=\"p-1777205450040-64589\" data-start=\"2699\" data-end=\"2844\">Videos difundidos despu\u00e9s mostraron comandos armados desplegados en los accesos del hotel mientras invitados eran retirados por salidas traseras. La r\u00e1pida respuesta de seguridad evit\u00f3 un desenlace peor, seg\u00fan reconocieron autoridades federales.<\/p>\n<div contenteditable=\"false\" class=\"embed_cont type_video\" id=\"8216386-1371730082_wrap\">\n<p> Donald Trump atentado <span onclick=\"parent.parent.TinyMCETdcuerpo.preview_embed('8216386-1371730082')\" class=\"embed_colapse less\" id=\"8216386-1371730082_colapse\"> <\/span> <span onclick=\"parent.parent.TinyMCETdcuerpo.delete_embed('8216386-1371730082')\" class=\"embed_delete less\" id=\"8216386-1371730082_delete\"><\/span><\/p>\n<div class=\"embed_wrapper-cont\" id=\"p-1777213057568-48163\" readability=\"6.5\">\n<div id=\"8216386-1371730082_epigrafe\" class=\"embed_epigrafe\" readability=\"8\">\n<p id=\"p-1777213278847-25542\">Un agente result\u00f3 herido, pero se encuentra fuera de peligro gracias a su chaleco antibalas.<\/p>\n<\/div><\/div>\n<\/p><\/div>\n<h2 id=\"p-1777205450040-34659\">Un agente herido y sin v\u00edctimas fatales<\/h2>\n<p id=\"p-1777205450040-54575\" data-start=\"2992\" data-end=\"3188\"><strong>Un agente del Servicio Secreto recibi\u00f3 un disparo durante la respuesta al ataque, <\/strong>pero fue dado de alta y se encuentra fuera de peligro. Seg\u00fan voceros oficiales, su chaleco antibalas fue decisivo.<\/p>\n<p id=\"p-1777209456353-9953\" data-start=\"3190\" data-end=\"3335\">El sospechoso, por su parte, no result\u00f3 baleado, aunque fue<strong> trasladado a un hospital para evaluaci\u00f3n m\u00e9dica antes de quedar formalmente detenido. H<\/strong>asta ahora no se reportaron v\u00edctimas fatales ni civiles heridos de gravedad.<\/p>\n<\/article>\n<p> <!-- REGION4 } --> <\/p>\n","protected":false},"excerpt":{"rendered":"<p>26 de abril 2026 &#8211; 11:23 La vocera de la Casa Blanca hizo un comentario en la previa del evento que cobr\u00f3 otro sentido tras el tiroteo en Washington. El tiroteo en la cena de corresponsales que este s\u00e1bado oblig\u00f3 a evacuar al presidente de Estados Unidos, Donald Trump, estuvo precedido por una coincidencia llamativa: [&hellip;]<\/p>\n","protected":false},"author":2,"featured_media":11538,"comment_status":"closed","ping_status":"closed","sticky":false,"template":"","format":"standard","meta":{"jetpack_post_was_ever_published":false,"_jetpack_newsletter_access":"","_jetpack_dont_email_post_to_subs":false,"_jetpack_newsletter_tier_id":0,"_jetpack_memberships_contains_paywalled_content":false,"_jetpack_memberships_contains_paid_content":false,"footnotes":"","jetpack_publicize_message":"","jetpack_publicize_feature_enabled":true,"jetpack_social_post_already_shared":true,"jetpack_social_options":{"image_generator_settings":{"template":"highway","enabled":false},"version":2}},"categories":[20],"tags":[1286],"class_list":["post-11537","post","type-post","status-publish","format-standard","has-post-thumbnail","hentry","category-mundo","tag-mundo"],"jetpack_publicize_connections":[],"jetpack_featured_media_url":"https:\/\/i0.wp.com\/infolanus.com\/wp-content\/uploads\/2026\/04\/la-desafortunada-y-premonitoria-frase-de-una-funcionaria-de-donald-trump-previa-al-tiroteo-en-la-cena-de-corresponsales-habra-disparos.jpg?fit=655%2C368&ssl=1","jetpack_sharing_enabled":true,"jetpack_shortlink":"https:\/\/wp.me\/p9QtMr-305","_links":{"self":[{"href":"https:\/\/infolanus.com\/index.php\/wp-json\/wp\/v2\/posts\/11537","targetHints":{"allow":["GET"]}}],"collection":[{"href":"https:\/\/infolanus.com\/index.php\/wp-json\/wp\/v2\/posts"}],"about":[{"href":"https:\/\/infolanus.com\/index.php\/wp-json\/wp\/v2\/types\/post"}],"author":[{"embeddable":true,"href":"https:\/\/infolanus.com\/index.php\/wp-json\/wp\/v2\/users\/2"}],"replies":[{"embeddable":true,"href":"https:\/\/infolanus.com\/index.php\/wp-json\/wp\/v2\/comments?post=11537"}],"version-history":[{"count":0,"href":"https:\/\/infolanus.com\/index.php\/wp-json\/wp\/v2\/posts\/11537\/revisions"}],"wp:featuredmedia":[{"embeddable":true,"href":"https:\/\/infolanus.com\/index.php\/wp-json\/wp\/v2\/media\/11538"}],"wp:attachment":[{"href":"https:\/\/infolanus.com\/index.php\/wp-json\/wp\/v2\/media?parent=11537"}],"wp:term":[{"taxonomy":"category","embeddable":true,"href":"https:\/\/infolanus.com\/index.php\/wp-json\/wp\/v2\/categories?post=11537"},{"taxonomy":"post_tag","embeddable":true,"href":"https:\/\/infolanus.com\/index.php\/wp-json\/wp\/v2\/tags?post=11537"}],"curies":[{"name":"wp","href":"https:\/\/api.w.org\/{rel}","templated":true}]}}