{"id":11542,"date":"2026-04-27T09:53:00","date_gmt":"2026-04-27T12:53:00","guid":{"rendered":"https:\/\/www.ambito.com\/mundo\/paises-bajos-celebro-el-dia-del-rey-guillermo-su-cumpleanos-y-una-postal-familiar-junto-maxima-zorreguieta-y-sus-hijas-n6271185"},"modified":"2026-04-27T09:53:00","modified_gmt":"2026-04-27T12:53:00","slug":"paises-bajos-celebro-el-dia-del-rey-con-guillermo-en-su-cumpleanos-y-una-postal-familiar-junto-a-maxima-zorreguieta-y-sus-hijas","status":"publish","type":"post","link":"https:\/\/infolanus.com\/index.php\/2026\/04\/27\/paises-bajos-celebro-el-dia-del-rey-con-guillermo-en-su-cumpleanos-y-una-postal-familiar-junto-a-maxima-zorreguieta-y-sus-hijas\/","title":{"rendered":"Pa\u00edses Bajos celebr\u00f3 el D\u00eda del Rey con Guillermo en su cumplea\u00f1os y una postal familiar junto a M\u00e1xima Zorreguieta y sus hijas"},"content":{"rendered":"<p><img data-recalc-dims=\"1\" decoding=\"async\" src=\"https:\/\/i0.wp.com\/media.ambito.com\/p\/edfa4191232b7d8b4198358d78d9cf1a\/adjuntos\/239\/imagenes\/043\/330\/0043330313\/cumpleanos-rey-guillermo.jpg?w=640&#038;ssl=1\"><\/p>\n<div><img data-recalc-dims=\"1\" decoding=\"async\" src=\"https:\/\/i0.wp.com\/media.ambito.com\/p\/edfa4191232b7d8b4198358d78d9cf1a\/adjuntos\/239\/imagenes\/043\/330\/0043330313\/cumpleanos-rey-guillermo.jpg?w=640&#038;ssl=1\" class=\"ff-og-image-inserted\"><\/div>\n<div id>\n<p id=\"p-1777294704173-72365\">Los<strong> Pa\u00edses Bajos<\/strong> se viste de gala para celebrar el<strong> 59.\u00ba cumplea\u00f1os del <a href=\"https:\/\/www.ambito.com\/mundo\/los-reyes-paises-bajos-se-alojan-la-casa-blanca-donald-trump-y-provocan-fuertes-criticas-su-pais-n6266439\" target=\"_blank\" rel=\"follow\">rey Guillermo Alejandro<\/a><\/strong>. En este<strong> D\u00eda del Rey<\/strong>, el monarca se mostr\u00f3 rodeado de la reina <strong>M\u00e1xima <\/strong>y<strong> sus tres hijas<\/strong>, Amalia, Alexia y Ariane, proyectando una s\u00f3lida imagen de cohesi\u00f3n y afecto familiar en medio del ambiente festivo.<\/p>\n<\/div>\n<div id>\n<p id=\"p-1777293673084-28587\">Como es tradici\u00f3n, el soberano elige una localidad distinta cada a\u00f1o para sus festejos; en esta ocasi\u00f3n, la hist\u00f3rica <strong>Dokkum<\/strong> ser\u00e1 el escenario principal. El evento, m\u00e1s que un acto oficial, es un <strong>encuentro cercano donde los reyes participan en la alegr\u00eda popular<\/strong>, reforzando su v\u00ednculo con el pueblo.<\/p>\n<\/div>\n<div id>\n<p id=\"p-1777294893730-60195\">Desde el a\u00f1o 2014, los Pa\u00edses Bajos celebran su fiesta nacional cada <strong>27 de abril<\/strong>. Anteriormente, la festividad <strong>se celebraba el 30 de abril en homenaje a la reina Beatriz<\/strong>, coincidiendo con el d\u00eda en que cedi\u00f3 el trono a su hijo<\/p>\n<\/div>\n<div id>\n<h2 id=\"p-1777294994034-28215\">El rey Guillermo festej\u00f3 su 59.\u00ba cumplea\u00f1os<\/h2>\n<p id=\"p-1777295013229-3759\">La jornada arranc\u00f3 con un fuerte simbolismo en la <strong>Capilla de Bonifacio<\/strong>, situada cerca del lugar del martirio del santo. Bajo la custodia de majestuosos caballos frisones, los reyes y sus hijas avanzaron hacia el coraz\u00f3n de Dokkum, siendo recibidos por la cantante <strong>Elske DeWall<\/strong>, quien interpret\u00f3 el <strong>himno fris\u00f3n para dar la bienvenida oficial a la comitiva real<\/strong>. <\/p>\n<p id=\"p-1777295067961-99424\">Los Reyes y sus hijas posaron juntos antes del desfile en una <strong>imagen distribuida por palacio<\/strong>. M\u00e1xima eligi\u00f3 el mostaza y la rafia, mientras que el rojo ha sido el color com\u00fan para Amalia y Alexia. Cerrando el grupo, la princesa Ariane destac\u00f3 con un estilismo minimalista en blanco. <\/p>\n<p id=\"p-1777295113285-58638\">El desfile real avanz\u00f3 hacia el centro hist\u00f3rico ambientado por notas de swing. En este escenario, la Familia Real tuvo la oportunidad de conocer de cerca <strong>disciplinas aut\u00f3ctonas y nacionales<\/strong>, desde la vela hasta el emblem\u00e1tico <strong>fierljeppen<\/strong>. M\u00e1s all\u00e1 de lo l\u00fadico, el evento sirvi\u00f3 para mostrar la <strong>cohesi\u00f3n social de los Pa\u00edses Bajos<\/strong>, donde personas de todas las edades demostraron que el deporte y el baile son herramientas clave para fortalecer la uni\u00f3n comunitaria<\/p>\n<\/div>\n","protected":false},"excerpt":{"rendered":"<p>Los Pa\u00edses Bajos se viste de gala para celebrar el 59.\u00ba cumplea\u00f1os del rey Guillermo Alejandro. En este D\u00eda del Rey, el monarca se mostr\u00f3 rodeado de la reina M\u00e1xima y sus tres hijas, Amalia, Alexia y Ariane, proyectando una s\u00f3lida imagen de cohesi\u00f3n y afecto familiar en medio del ambiente festivo. Como es tradici\u00f3n, [&hellip;]<\/p>\n","protected":false},"author":2,"featured_media":11543,"comment_status":"closed","ping_status":"closed","sticky":false,"template":"","format":"standard","meta":{"jetpack_post_was_ever_published":false,"_jetpack_newsletter_access":"","_jetpack_dont_email_post_to_subs":false,"_jetpack_newsletter_tier_id":0,"_jetpack_memberships_contains_paywalled_content":false,"_jetpack_memberships_contains_paid_content":false,"footnotes":"","jetpack_publicize_message":"","jetpack_publicize_feature_enabled":true,"jetpack_social_post_already_shared":true,"jetpack_social_options":{"image_generator_settings":{"template":"highway","enabled":false},"version":2}},"categories":[20],"tags":[1286],"class_list":["post-11542","post","type-post","status-publish","format-standard","has-post-thumbnail","hentry","category-mundo","tag-mundo"],"jetpack_publicize_connections":[],"jetpack_featured_media_url":"https:\/\/i0.wp.com\/infolanus.com\/wp-content\/uploads\/2026\/04\/paises-bajos-celebro-el-dia-del-rey-con-guillermo-en-su-cumpleanos-y-una-postal-familiar-junto-a-maxima-zorreguieta-y-sus-hijas.jpg?fit=1200%2C675&ssl=1","jetpack_sharing_enabled":true,"jetpack_shortlink":"https:\/\/wp.me\/p9QtMr-30a","_links":{"self":[{"href":"https:\/\/infolanus.com\/index.php\/wp-json\/wp\/v2\/posts\/11542","targetHints":{"allow":["GET"]}}],"collection":[{"href":"https:\/\/infolanus.com\/index.php\/wp-json\/wp\/v2\/posts"}],"about":[{"href":"https:\/\/infolanus.com\/index.php\/wp-json\/wp\/v2\/types\/post"}],"author":[{"embeddable":true,"href":"https:\/\/infolanus.com\/index.php\/wp-json\/wp\/v2\/users\/2"}],"replies":[{"embeddable":true,"href":"https:\/\/infolanus.com\/index.php\/wp-json\/wp\/v2\/comments?post=11542"}],"version-history":[{"count":0,"href":"https:\/\/infolanus.com\/index.php\/wp-json\/wp\/v2\/posts\/11542\/revisions"}],"wp:featuredmedia":[{"embeddable":true,"href":"https:\/\/infolanus.com\/index.php\/wp-json\/wp\/v2\/media\/11543"}],"wp:attachment":[{"href":"https:\/\/infolanus.com\/index.php\/wp-json\/wp\/v2\/media?parent=11542"}],"wp:term":[{"taxonomy":"category","embeddable":true,"href":"https:\/\/infolanus.com\/index.php\/wp-json\/wp\/v2\/categories?post=11542"},{"taxonomy":"post_tag","embeddable":true,"href":"https:\/\/infolanus.com\/index.php\/wp-json\/wp\/v2\/tags?post=11542"}],"curies":[{"name":"wp","href":"https:\/\/api.w.org\/{rel}","templated":true}]}}