{"id":11546,"date":"2026-04-27T23:19:00","date_gmt":"2026-04-28T02:19:00","guid":{"rendered":"https:\/\/infolanus.com\/index.php\/2026\/04\/27\/finalizo-la-fecha-16-del-torneo-apertura-resultados-posiciones-y-como-serian-los-cruces-de-octavos\/"},"modified":"2026-04-27T23:19:00","modified_gmt":"2026-04-28T02:19:00","slug":"finalizo-la-fecha-16-del-torneo-apertura-resultados-posiciones-y-como-serian-los-cruces-de-octavos","status":"publish","type":"post","link":"https:\/\/infolanus.com\/index.php\/2026\/04\/27\/finalizo-la-fecha-16-del-torneo-apertura-resultados-posiciones-y-como-serian-los-cruces-de-octavos\/","title":{"rendered":"Finaliz\u00f3 la Fecha 16 del Torneo Apertura: resultados, posiciones y c\u00f3mo ser\u00edan los cruces de octavos"},"content":{"rendered":"<div class=\"media_block\"><\/div>\n<p><strong>La<\/strong>&nbsp;<strong>Fecha 16 del <a target=\"_blank\" href=\"https:\/\/442.perfil.com\/noticias\/futbol\/boca-a-un-paso-de-los-playoffs-que-resultados-necesita-para-clasificar-a35.phtml\">Torneo Apertura <\/a>2026&nbsp;<\/strong>deber\u00eda marcar el cierre de la fase regular, pero dejar\u00e1 el suspenso flotando en el aire unos d\u00edas m\u00e1s.<\/p>\n<p>La particularidad de&nbsp;este cierre de campeonato es que, t\u00e9cnicamente, la fecha 16 no bajar\u00e1 la persiana del torneo. La <strong>fecha 9<\/strong>, que debi\u00f3 postergarse en su momento por <a target=\"_blank\" href=\"https:\/\/442.perfil.com\/noticias\/futbol\/cuando-vuelve-el-futbol-argentino-fecha-de-fin-del-paro-afa.phtml\">el paro de&nbsp;la AFA<\/a>, todav\u00eda adeuda varios partidos clave que se disputar\u00e1n la semana entrante, y terminar\u00e1n de definir todo sobre <strong>Playoffs.<\/strong><\/p>\n<div>\n<figure class=\"image\"><img data-recalc-dims=\"1\" decoding=\"async\" alt=\"trofeo\" height=\"345\" src=\"https:\/\/i0.wp.com\/fotos.perfil.com\/\/\/2025\/12\/11\/900\/0\/trofeo-apertura-2151928.jpg?resize=640%2C345&#038;ssl=1\" width=\"640\" loading=\"lazy\"><figcaption>El flamante trofeo del Torneo Apertura<\/figcaption><\/figure>\n<\/div>\n<p class=\"destacadoNota\"><a target=\"_blank\" href=\"https:\/\/442.perfil.com\/noticias\/futbol\/codazo-en-el-rostro-y-expulsion-prematura-la-insolita-roja-que-se-llevo-adrian-fernandez-en-racing.phtml\">Codazo en el rostro y expulsi\u00f3n prematura: la ins\u00f3lita roja que se llev\u00f3 Adri\u00e1n Fern\u00e1ndez en Racing<\/a><\/p>\n<h2><strong>Resultados de la Fecha 16<\/strong><\/h2>\n<p><a target=\"_blank\" href=\"https:\/\/442.perfil.com\/noticias\/futbol\/defensa-y-justicia-vs-boca-juniors-por-la-16-fecha-del-torneo-apertura-a35.phtml\">Defensa y Justicia 0 &#8211; 4 Boca&nbsp;<\/a><\/p>\n<p><a target=\"_blank\" href=\"https:\/\/442.perfil.com\/noticias\/futbol\/independiente-perdio-con-riestra-y-puso-en-duda-su-clasificacion-a-los-playoffs-del-apertura.phtml\">Deportivo Riestra 2 &#8211; 0 Independiente<\/a><\/p>\n<p><a target=\"_blank\" href=\"https:\/\/442.perfil.com\/noticias\/futbol\/rosario-central-vencio-2-1-a-estudiantes-de-rio-cuarto-en-cordoba-y-saco-pasaje-a-los-playoffs-del-apertura.phtml\">Estudiantes (RC) 1 &#8211; 2 Rosario Central<\/a><\/p>\n<p>Lan\u00fas 0 &#8211; 0 Central C\u00f3rdoba<\/p>\n<p><a target=\"_blank\" href=\"https:\/\/442.perfil.com\/noticias\/futbol\/racing-empato-1-1-con-barracas-y-se-complico-para-clasificar-a-los-playoffs-del-torneo-apertura.phtml\">Racing 1 &#8211; 1 Barracas<\/a><\/p>\n<p><a target=\"_blank\" href=\"https:\/\/442.perfil.com\/noticias\/futbol\/san-lorenzo-se-llevo-puntos-clave-en-vicente-lopez-vencio-1-0-a-platense-y-puso-un-pie-en-los-playoffs.phtml\">Platense 0 &#8211; 1 San Lorenzo<\/a><\/p>\n<p>Estudiantes 0 \u2013 0 Talleres&nbsp;<\/p>\n<p>Sarmiento 1 \u2013 Tigre 0<\/p>\n<p><a target=\"_blank\" href=\"https:\/\/442.perfil.com\/noticias\/futbol\/river-vs-aldosivi-por-la-16-fecha-del-torneo-apertura.phtml\">River 3 \u2013 Aldosivi 1<\/a><\/p>\n<p><a target=\"_blank\" href=\"https:\/\/442.perfil.com\/noticias\/futbol\/independiente-rivadavia-goleo-5-1-a-gimnasia-lider-absoluto.phtml\">Independiente&nbsp;Rivadavia 5&nbsp;\u2013 Gimnasia de Mendoza 1<\/a><\/p>\n<p>Newell\u2019s 1 \u2013 Instituto 1<\/p>\n<p>Belgrano 0 \u2013 Gimnasia 1<\/p>\n<p>Atl\u00e9tico Tucum\u00e1n 1 \u2013 Banfield 1<\/p>\n<p><a target=\"_blank\" href=\"https:\/\/442.perfil.com\/noticias\/futbol\/velez-empato-con-union-y-dejo-pasar-la-chance-de-ser-unico-lider.phtml\">V\u00e9lez 2 \u2013 Uni\u00f3n 2<\/a><\/p>\n<p>Hurac\u00e1n 1 \u2013 Argentinos 2<\/p>\n<div>\n<figure class=\"image\"><img data-recalc-dims=\"1\" decoding=\"async\" alt=\"Boca vs. Defensa y Justicia\" src=\"https:\/\/i0.wp.com\/fotos.perfil.com\/\/2026\/04\/24\/900\/0\/boca-vs-defensa-y-justicia-2226656.jpg?w=640&#038;ssl=1\" loading=\"lazy\"><figcaption>Boca vs. Defensa y Justicia<\/figcaption><\/figure>\n<\/div>\n<h2><strong>As\u00ed ser\u00edan los playoffs del Torneo Apertura 2026<\/strong><\/h2>\n<ul>\n<li><strong>Estudiantes *<\/strong>(1\u00ba A) vs. Barracas Central (8\u00ba B)<\/li>\n<li><strong>Rosario Central * <\/strong>(4\u00b0B) vs. <strong>Lan\u00fas* <\/strong>(5\u00b0A)<\/li>\n<li><strong>River *<\/strong> (2\u00ba B) vs. Independiente (7\u00ba A)<\/li>\n<li><strong>V\u00e9lez *<\/strong> (3\u00ba A) vs. Gimnasia de La Plata (6\u00b0 B)<\/li>\n<li><strong>Independiente Rivadavia *<\/strong> (1\u00ba B) vs. Uni\u00f3n (8\u00b0 A)<\/li>\n<li><strong>Talleres * <\/strong>(4\u00ba A) vs. Belgrano (5\u00ba B)<\/li>\n<li><strong>Boca *<\/strong> (2\u00b0 A) vs. Hurac\u00e1n (7\u00b0 B)<\/li>\n<li><strong>Argentinos *<\/strong> (3\u00ba B) vs. San Lorenzo (6\u00ba A)<\/li>\n<\/ul>\n<p><strong><em><u>*Ya est\u00e1n clasificados.<\/u><\/em><\/strong><\/p>\n<h2><strong>Tabla de posiciones del Torneo Apertura<\/strong><\/h2>\n<p>FMZ\/NZ\/BP<\/p>\n<div class=\"tags\">\n<p>En esta Nota<\/p>\n<ul class=\"tags__listado\"><label for=\"tag-locations\">Lugares:<\/label> <\/p>\n<li><a href=\"https:\/\/442.perfil.com\/tags\/apertura-2026\">Apertura 2026<\/a><\/li>\n<li><a href=\"https:\/\/442.perfil.com\/tags\/liga-profesional\">Liga Profesional<\/a><\/li>\n<li><a href=\"https:\/\/442.perfil.com\/tags\/playoffs\">Playoffs<\/a><\/li>\n<\/ul><\/div>\n<p><!-- tags --> <\/p>\n<div class=\"relacionadas\" readability=\"0.62\">\n<p>Tambi\u00e9n te puede interesar<\/p>\n<article class=\"relacionadas__notas\"> <a href=\"https:\/\/442.perfil.com\/noticias\/futbol\/velez-empato-con-union-y-dejo-pasar-la-chance-de-ser-unico-lider.phtml\"> <img data-recalc-dims=\"1\" decoding=\"async\" src=\"https:\/\/i0.wp.com\/fotos.perfil.com\/2026\/04\/28\/trim\/200\/112\/velez-vs-union-2228958.jpg?resize=171%2C96&#038;ssl=1\" class=\"lazyload\" alt=\"V\u00e9lez vs. Uni\u00f3n\" loading=\"lazy\" width=\"171\" height=\"96\"> <span class=\"relacionada-titulo-nota\">V\u00e9lez empat\u00f3 con Uni\u00f3n y dej\u00f3 pasar la chance de ser \u00fanico l\u00edder<\/span> <\/a> <\/article>\n<article class=\"relacionadas__notas\"> <a href=\"https:\/\/442.perfil.com\/noticias\/futbol\/ramon-diaz-recordo-su-historico-gesto-en-la-bombonera-les-dije-que-yo-no-soy-de-la-b.phtml\"> <img data-recalc-dims=\"1\" decoding=\"async\" src=\"https:\/\/i0.wp.com\/fotos.perfil.com\/2026\/04\/27\/trim\/200\/112\/ramon-diaz-2228894.jpg?resize=171%2C96&#038;ssl=1\" class=\"lazyload\" alt=\"Ram\u00f3n D\u00edaz\" loading=\"lazy\" width=\"171\" height=\"96\"> <span class=\"relacionada-titulo-nota\">Ram\u00f3n D\u00edaz record\u00f3 su hist\u00f3rico gesto en La Bombonera: &#8220;Les dije que yo no soy de la B&#8221;<\/span> <\/a> <\/article>\n<article class=\"relacionadas__notas\"> <a href=\"https:\/\/442.perfil.com\/noticias\/futbol\/estaria-bueno-la-frase-de-paulo-dybala-que-sacudio-el-mundo-boca.phtml\"> <img data-recalc-dims=\"1\" decoding=\"async\" src=\"https:\/\/i0.wp.com\/fotos.perfil.com\/2025\/11\/13\/trim\/200\/112\/paulo-dybala-2136715.jpg?resize=171%2C96&#038;ssl=1\" class=\"lazyload\" alt=\"Paulo Dybala\" loading=\"lazy\" width=\"171\" height=\"96\"> <span class=\"relacionada-titulo-nota\">&#8220;Estar\u00eda bueno&#8221;: La frase de Paulo Dybala que sacudi\u00f3 el mundo Boca<\/span> <\/a> <\/article>\n<article class=\"relacionadas__notas\"> <a href=\"https:\/\/442.perfil.com\/noticias\/futbol\/la-historica-sancion-que-recibiria-esteban-andrada-por-una-brutal-agresion-a-un-rival.phtml\"> <img data-recalc-dims=\"1\" decoding=\"async\" src=\"https:\/\/i0.wp.com\/fotos.perfil.com\/2026\/04\/26\/trim\/200\/112\/esteban-andrada-en-zaragoza-2227999.jpg?resize=171%2C96&#038;ssl=1\" class=\"lazyload\" alt=\"Esteban Andrada en Zaragoza\" loading=\"lazy\" width=\"171\" height=\"96\"> <span class=\"relacionada-titulo-nota\"> La hist\u00f3rica sanci\u00f3n que recibir\u00eda Esteban Andrada por una brutal agresi\u00f3n a un rival<\/span> <\/a> <\/article>\n<\/p><\/div>\n<div class=\"ads d-xs-flex d-lg-none\"> <\/div>\n","protected":false},"excerpt":{"rendered":"<p>La&nbsp;Fecha 16 del Torneo Apertura 2026&nbsp;deber\u00eda marcar el cierre de la fase regular, pero dejar\u00e1 el suspenso flotando en el aire unos d\u00edas m\u00e1s. La particularidad de&nbsp;este cierre de campeonato es que, t\u00e9cnicamente, la fecha 16 no bajar\u00e1 la persiana del torneo. La fecha 9, que debi\u00f3 postergarse en su momento por el paro de&nbsp;la [&hellip;]<\/p>\n","protected":false},"author":2,"featured_media":11547,"comment_status":"closed","ping_status":"closed","sticky":false,"template":"","format":"standard","meta":{"jetpack_post_was_ever_published":false,"_jetpack_newsletter_access":"","_jetpack_dont_email_post_to_subs":false,"_jetpack_newsletter_tier_id":0,"_jetpack_memberships_contains_paywalled_content":false,"_jetpack_memberships_contains_paid_content":false,"footnotes":"","jetpack_publicize_message":"","jetpack_publicize_feature_enabled":true,"jetpack_social_post_already_shared":true,"jetpack_social_options":{"image_generator_settings":{"template":"highway","enabled":false},"version":2}},"categories":[17],"tags":[],"class_list":["post-11546","post","type-post","status-publish","format-standard","has-post-thumbnail","hentry","category-deportes"],"jetpack_publicize_connections":[],"jetpack_featured_media_url":"https:\/\/i0.wp.com\/infolanus.com\/wp-content\/uploads\/2026\/04\/finalizo-la-fecha-16-del-torneo-apertura-resultados-posiciones-y-como-serian-los-cruces-de-octavos.jpg?fit=900%2C485&ssl=1","jetpack_sharing_enabled":true,"jetpack_shortlink":"https:\/\/wp.me\/p9QtMr-30e","_links":{"self":[{"href":"https:\/\/infolanus.com\/index.php\/wp-json\/wp\/v2\/posts\/11546","targetHints":{"allow":["GET"]}}],"collection":[{"href":"https:\/\/infolanus.com\/index.php\/wp-json\/wp\/v2\/posts"}],"about":[{"href":"https:\/\/infolanus.com\/index.php\/wp-json\/wp\/v2\/types\/post"}],"author":[{"embeddable":true,"href":"https:\/\/infolanus.com\/index.php\/wp-json\/wp\/v2\/users\/2"}],"replies":[{"embeddable":true,"href":"https:\/\/infolanus.com\/index.php\/wp-json\/wp\/v2\/comments?post=11546"}],"version-history":[{"count":0,"href":"https:\/\/infolanus.com\/index.php\/wp-json\/wp\/v2\/posts\/11546\/revisions"}],"wp:featuredmedia":[{"embeddable":true,"href":"https:\/\/infolanus.com\/index.php\/wp-json\/wp\/v2\/media\/11547"}],"wp:attachment":[{"href":"https:\/\/infolanus.com\/index.php\/wp-json\/wp\/v2\/media?parent=11546"}],"wp:term":[{"taxonomy":"category","embeddable":true,"href":"https:\/\/infolanus.com\/index.php\/wp-json\/wp\/v2\/categories?post=11546"},{"taxonomy":"post_tag","embeddable":true,"href":"https:\/\/infolanus.com\/index.php\/wp-json\/wp\/v2\/tags?post=11546"}],"curies":[{"name":"wp","href":"https:\/\/api.w.org\/{rel}","templated":true}]}}