{"id":11548,"date":"2026-04-28T11:20:00","date_gmt":"2026-04-28T14:20:00","guid":{"rendered":"https:\/\/www.ambito.com\/c6271632"},"modified":"2026-04-28T11:20:00","modified_gmt":"2026-04-28T14:20:00","slug":"el-rey-carlos-iii-fue-recibido-en-washington-por-donald-trump-en-una-visita-clave-para-recomponer-los-lazos-diplomaticos","status":"publish","type":"post","link":"https:\/\/infolanus.com\/index.php\/2026\/04\/28\/el-rey-carlos-iii-fue-recibido-en-washington-por-donald-trump-en-una-visita-clave-para-recomponer-los-lazos-diplomaticos\/","title":{"rendered":"El rey Carlos III fue recibido en Washington por Donald Trump, en una visita clave para recomponer los lazos diplom\u00e1ticos"},"content":{"rendered":"<p><!-- { REGION4 --> <\/p>\n<header class=\"news-headline\" readability=\"1.356936416185\">\n<div class=\"news-headline__topics-and-date-wrapper\"> <span class=\"news-headline__publication-date\"> 28 de abril 2026 &#8211; 11:20 <\/span><\/div>\n<h2 class=\"news-headline__article-summary\" readability=\"23\">\n<p data-start=\"109\" data-end=\"280\" class=\"ignore-parser\">El rey brit\u00e1nico busca recomponer la relaci\u00f3n con Washington en una gira de cuatro d\u00edas marcada por diferencias pol\u00edticas y un fuerte operativo de seguridad.<\/p>\n<\/h2>\n<\/header>\n<div class=\"detail-highlighted-multimedia content-protected-false\">\n<figure class=\"detail-highlighted-multimedia__figure\"> <img data-recalc-dims=\"1\" decoding=\"async\" src=\"https:\/\/i0.wp.com\/media.ambito.com\/p\/ea1e87c85181701ed63c48510a37fabf\/adjuntos\/239\/imagenes\/043\/333\/0043333058\/655x368\/smart\/rey-carlos-iii-donald-trump.jpg?resize=640%2C360&#038;ssl=1\" class=\"detail-highlighted-multimedia__figure-img img-fluid\" alt=\"Carlos III y Camila fueron recibidos por Donald y Melania Trump en la Casa Blanca.\" width=\"640\" height=\"360\" crossorigin=\"anonymous\" fetchpriority=\"high\" decode=\"async\"><figcaption class=\"detail-highlighted-multimedia__figcaption\" readability=\"-24\"> <\/figcaption><\/figure>\n<\/p><\/div>\n<article class=\"article-body article-body--first-paragraph content-protected-false\" data-td-script-src=\"https:\/\/www.ambito.com\/td\/modulos\/encuestas\/js\/function-embeds-min-version-1777262880.js\" readability=\"28.023178807947\">\n<p id=\"p-1777384315266-51754\" data-start=\"287\" data-end=\"568\"><a href=\"https:\/\/www.ambito.com\/mundo\/el-rey-carlos-iii-viajara-eeuu-intentar-calmar-la-tensa-relacion-el-reino-unido-y-donald-trump-n6261749\" target=\"_blank\" rel=\"follow\">El rey Carlos III<\/a> realiz\u00f3 este lunes <strong>su primera visita de Estado a Estados Unidos<\/strong> desde su ascenso al trono en 2022, en una gira de <strong>cuatro d\u00edas<\/strong> que busca recomponer la relaci\u00f3n bilateral con la administraci\u00f3n de <a href=\"https:\/\/www.ambito.com\/mundo\/donald-trump-juega-la-carta-del-bloqueo-mientras-iran-y-eeuu-negocian-que-frena-el-acuerdo-medio-oriente-n6271533\" target=\"_blank\" rel=\"follow\">Donald Trump<\/a> en un contexto de<strong> tensiones pol\u00edticas entre Washington y el Reino Unido.<\/strong><\/p>\n<\/article>\n<article class=\"article-body article-body--second-paragraph content-protected-false\" readability=\"28.162711864407\">\n<p id=\"p-1777384315266-86019\" data-start=\"628\" data-end=\"915\">El monarca brit\u00e1nico arrib\u00f3 junto a la reina Camila a la Base Conjunta Andrews, donde comenz\u00f3 una agenda diplom\u00e1tica de alto nivel orientada a <strong data-start=\"771\" data-end=\"819\">reconstruir la hist\u00f3rica \u201crelaci\u00f3n especial\u201d<\/strong> entre el Reino Unido y Estados Unidos, afectada en los \u00faltimos meses <a href=\"https:\/\/www.ambito.com\/mundo\/la-reaccion-la-prensa-britanica-el-presunto-cambio-la-postura-donald-trump-las-islas-malvinas-n6270443\" target=\"_blank\" rel=\"follow\">por desacuerdos pol\u00edticos.<\/a><\/p>\n<\/article>\n<section class=\"related-news\"><span class=\"related-news__title\"> Informate m\u00e1s<\/span> <\/p>\n<div class=\"row row--eq-height\">\n<div class=\"col-12 col-md-6\">\n<article class=\"news-article news-article--landscape-news news-article--landscape-news\">\n<figure class=\"news-article__figure figure\"> <a href=\"https:\/\/www.ambito.com\/mundo\/iran-flexibilizo-las-restricciones-internet-las-empresas-mientras-el-bloqueo-del-estrecho-ormuz-ya-lleva-dos-meses-n6271554\" target title=\"\u00e1mbito.com | Ir\u00e1n flexibiliz\u00f3 las restricciones de internet para las empresas\" alt=\"\u00e1mbito.com | Ir\u00e1n flexibiliz\u00f3 las restricciones de internet para las empresas\" rel=\"noindex nofollow noreferrer\"> <img loading=\"lazy\" decoding=\"async\" src=\"https:\/\/www.ambito.com\/css-custom\/239\/lazy.svg\" data-td-src-property=\"https:\/\/media.ambito.com\/p\/bdbbc7d5590a9b4cf7bfa3d410ee61ae\/adjuntos\/239\/imagenes\/043\/291\/0043291798\/estrecho-ormuz.jpg\" alt=\"Una vez que las autoridades competentes anuncien que la situaci\u00f3n es normal, la situaci\u00f3n cambiar\u00e1, a\u00f1adi\u00f3 una portavoz iran\u00ed.\" title=\"Una vez que las autoridades competentes anuncien que la situaci\u00f3n es normal, la situaci\u00f3n cambiar\u00e1, a\u00f1adi\u00f3 una portavoz iran\u00ed.\" width=\"93\" height=\"52\" class=\"news-article__figure-img figure-img img-fluid\"> <\/a><\/figure>\n<\/article><\/div>\n<div class=\"col-12 col-md-6\">\n<article class=\"news-article news-article--landscape-news news-article--landscape-news\">\n<figure class=\"news-article__figure figure\"> <a href=\"https:\/\/www.ambito.com\/mundo\/jorge-rodriguez-llamo-los-venezolanos-volver-su-pais-venganse-aca-n6271557\" target title=\"\u00e1mbito.com | Rodr\u00edguez llam\u00f3 a los venezolanos a volver a su pa\u00eds: Venganse para ac\u00e1\" alt=\"\u00e1mbito.com | Rodr\u00edguez llam\u00f3 a los venezolanos a volver a su pa\u00eds: Venganse para ac\u00e1\" rel=\"noindex nofollow noreferrer\"> <img loading=\"lazy\" decoding=\"async\" src=\"https:\/\/www.ambito.com\/css-custom\/239\/lazy.svg\" data-td-src-property=\"https:\/\/media.ambito.com\/p\/0efcb1d1c00c3a3aeb7892b9f28dbee1\/adjuntos\/239\/imagenes\/043\/332\/0043332579\/jorge-rodriguez.jpeg\" alt=\"Jorge Rodr\u00edguez llam\u00f3 al regreso de los venezolanos en el exterior.\" title=\"Jorge Rodr\u00edguez llam\u00f3 al regreso de los venezolanos en el exterior.\" width=\"93\" height=\"52\" class=\"news-article__figure-img figure-img img-fluid\"> <\/a><\/figure>\n<\/article><\/div>\n<\/div>\n<\/section>\n<article class=\"article-body article-body--third-paragraph content-protected-false\" readability=\"29.93837535014\">\n<p id=\"p-1777385026003-49442\" data-start=\"917\" data-end=\"1270\">Tras su llegada, los reyes fueron recibidos en la <strong>Casa Blanca<\/strong> por el <a href=\"https:\/\/www.ambito.com\/mundo\/donald-trump-hablo-del-ataque-tiros-washington-fue-una-noche-muy-triste-n6270989\" target=\"_blank\" rel=\"follow\">presidente Donald Trump<\/a> y la primera dama <strong>Melania Trump.<\/strong> La jornada inicial incluy\u00f3 un t\u00e9 en el<strong> Jard\u00edn Sur<\/strong> y un recorrido por la residencia presidencial, donde el mandatario les mostr\u00f3 la colmena recientemente inaugurada como parte de iniciativas <strong>medioambientales dentro del complejo.<\/strong><\/p>\n<\/article>\n<article class=\"article-body article-body--fourth-paragraph content-protected-false\" readability=\"29.892376681614\">\n<div contenteditable=\"false\" class=\"embed_cont type_imagen\" id=\"8217224-Libre-1768836006_wrap\">\n<p>rey carlos <span onclick=\"parent.parent.TinyMCETdcuerpo.preview_embed('8217224-Libre-1768836006')\" class=\"embed_colapse less\" id=\"8217224-Libre-1768836006_colapse\"> <\/span> <span onclick=\"parent.parent.TinyMCETdcuerpo.delete_embed('8217224-Libre-1768836006')\" class=\"embed_delete less\" id=\"8217224-Libre-1768836006_delete\"><\/span><\/p>\n<div id=\"8217224-Libre-1768836006_content\" class=\"embed_content\"><img decoding=\"async\" src=\"https:\/\/www.ambito.com\/css-custom\/239\/lazy.svg\" data-td-src-property=\"https:\/\/media.ambito.com\/p\/764d6b387a102485c7a76aa545f13ea7\/adjuntos\/239\/imagenes\/043\/333\/0043333088\/730x0\/smart\/rey-carlos.jpg\" alt=\"La visita de Estado busca recomponer los lazos entre Reino Unido y Estados Unidos.\" title=\"La visita de Estado busca recomponer los lazos entre Reino Unido y Estados Unidos.\" width=\"730\" height=\"undefined\" id=\"8217224-Libre-1768836006_embed\"><\/div>\n<div class=\"embed_wrapper-cont\" id=\"p-1777385163106-7834\" readability=\"6\">\n<div id=\"8217224-Libre-1768836006_epigrafe\" class=\"embed_epigrafe\" readability=\"7\">\n<p id=\"p-1777385201972-38546\">La visita de Estado busca recomponer los lazos entre Reino Unido y Estados Unidos.<\/p>\n<\/div><\/div>\n<\/p><\/div>\n<h2 id=\"p-1777384315266-82803\" data-start=\"1277\" data-end=\"1316\">Agenda oficial y gestos diplom\u00e1ticos<\/h2>\n<p id=\"p-1777384315267-96469\" data-start=\"1318\" data-end=\"1625\">La agenda prev\u00e9 para el martes una reuni\u00f3n formal en el<strong> Despacho Oval,<\/strong> seguida de una cena de Estado. Uno de los momentos m\u00e1s relevantes ser\u00e1 <a href=\"https:\/\/www.ambito.com\/mundo\/el-rey-carlos-iii-hablara-su-experiencia-el-cancer-un-mensaje-televisado-n6223602\" target=\"_blank\" rel=\"follow\">el discurso de Carlos III ante el Congreso<\/a>, un hecho hist\u00f3rico que no se repet\u00eda desde 1991, cuando la reina Isabel II se dirigi\u00f3 a los legisladores estadounidenses.<\/p>\n<\/article>\n<article class=\"article-body article-body--fifth-paragraph content-protected-false\" readability=\"32\">\n<p id=\"p-1777384315267-65824\" data-start=\"1627\" data-end=\"1900\">El mi\u00e9rcoles, la delegaci\u00f3n brit\u00e1nica viajar\u00e1 a Nueva York para visitar el monumento conmemorativo del 11-S, mientras que el cierre de la gira est\u00e1 previsto en <strong>Bermudas,<\/strong> en lo que ser\u00e1 la primera visita del monarca a un territorio brit\u00e1nico de ultramar desde su coronaci\u00f3n.<\/p>\n<\/article>\n<article class=\"article-body article-body--remaining-paragraph content-protected-false\" readability=\"48.425561797753\">\n<h2 id=\"p-1777384315267-44367\" data-start=\"1907\" data-end=\"1938\">Tensiones pol\u00edticas entre EEUU y el Reino Unido<\/h2>\n<p id=\"p-1777384315267-14009\" data-start=\"1940\" data-end=\"2182\">La visita se desarrolla en un contexto de <strong>fricci\u00f3n entre Washington y Londres.<\/strong> Donald Trump cuestion\u00f3 <a href=\"https:\/\/www.ambito.com\/el-parlamento-britanico-decidira-una-votacion-si-investiga-keir-starmer-el-caso-epstein-n6271290\" target=\"_blank\" rel=\"follow\">al primer ministro brit\u00e1nico Keir Starmer<\/a> por su postura frente a la guerra en Ir\u00e1n y por sus pol\u00edticas en materia de inmigraci\u00f3n y energ\u00eda.<\/p>\n<div contenteditable=\"false\" class=\"embed_cont type_imagen\" id=\"8205879-Libre-1072704787_wrap\">\n<p>rey carlos donald trump <span onclick=\"parent.parent.TinyMCETdcuerpo.preview_embed('8205879-Libre-1072704787')\" class=\"embed_colapse less\" id=\"8205879-Libre-1072704787_colapse\"><\/span> <span onclick=\"parent.parent.TinyMCETdcuerpo.delete_embed('8205879-Libre-1072704787')\" class=\"embed_delete less\" id=\"8205879-Libre-1072704787_delete\"><\/span><\/p>\n<div id=\"8205879-Libre-1072704787_content\" class=\"embed_content\"><img decoding=\"async\" src=\"https:\/\/www.ambito.com\/css-custom\/239\/lazy.svg\" data-td-src-property=\"https:\/\/media.ambito.com\/p\/181f722ba7f0229b16c555d7c31f91a6\/adjuntos\/239\/imagenes\/043\/271\/0043271179\/730x0\/smart\/rey-carlos-donald-trump.jpg\" alt=\"El viaje busca recuperar la hist\u00f3rica relaci\u00f3n entre ambos pa\u00edses.\" title=\"El viaje busca recuperar la hist\u00f3rica relaci\u00f3n entre ambos pa\u00edses.\" width=\"730\" height=\"undefined\" id=\"8205879-Libre-1072704787_embed\"><\/div>\n<div class=\"embed_wrapper-cont\" id=\"p-1777385026003-32800\" readability=\"6\">\n<div id=\"8205879-Libre-1072704787_epigrafe\" class=\"embed_epigrafe\" readability=\"7\">\n<p>El viaje busca recuperar la hist\u00f3rica relaci\u00f3n entre ambos pa\u00edses.<\/p>\n<\/div><\/div>\n<\/p><\/div>\n<p id=\"p-1777384315267-95265\" data-start=\"2184\" data-end=\"2429\">Adem\u00e1s, el mandatario estadounidense mantiene una postura cr\u00edtica hacia las pol\u00edticas ambientales globales y decidi\u00f3 retirar nuevamente a su pa\u00eds del <strong>Acuerdo de Par\u00eds en enero de 2026<\/strong>, lo que profundiz\u00f3 las diferencias con el gobierno brit\u00e1nico.<\/p>\n<p id=\"p-1777384315267-67288\" data-start=\"2431\" data-end=\"2580\">A pesar de estas tensiones, desde la Casa Blanca consideran que la presencia del monarca podr\u00eda <strong>contribuir a recomponer los v\u00ednculos transatl\u00e1nticos.<\/strong><\/p>\n<h2 id=\"p-1777384315267-55690\" data-start=\"2587\" data-end=\"2633\">Seguridad reforzada y desaf\u00edos en la agenda<\/h2>\n<p id=\"p-1777384315267-78727\" data-start=\"2635\" data-end=\"2800\">El despliegue diplom\u00e1tico se desarrolla bajo estrictas medidas de seguridad, <a href=\"https:\/\/www.ambito.com\/evacuaron-donald-trump-un-evento-washington-un-tiroteo-n6270899\" target=\"_blank\" rel=\"follow\">reforzadas tras el reciente ataque ocurrido durante la Cena de Corresponsales en el que particip\u00f3 Trump.<\/a><\/p>\n<p id=\"p-1777384315267-56650\" data-start=\"2802\" data-end=\"2994\">En paralelo, la visita enfrenta desaf\u00edos medi\u00e1ticos vinculados al resurgimiento del esc\u00e1ndalo en torno a <strong>Jeffrey Epstein,<\/strong> que amenaza con desviar la atenci\u00f3n del objetivo principal de la gira.<\/p>\n<p id=\"p-1777384315267-12728\" data-start=\"2996\" data-end=\"3190\" data-is-last-node data-is-only-node>En este escenario, la visita de Carlos III combina<strong> gestos simb\u00f3licos, agenda pol\u00edtica y tensiones latentes<\/strong>, en un intento por fortalecer una relaci\u00f3n hist\u00f3rica que atraviesa un momento delicado.<\/p>\n<\/article>\n<p> <!-- REGION4 } --> <\/p>\n","protected":false},"excerpt":{"rendered":"<p>28 de abril 2026 &#8211; 11:20 El rey brit\u00e1nico busca recomponer la relaci\u00f3n con Washington en una gira de cuatro d\u00edas marcada por diferencias pol\u00edticas y un fuerte operativo de seguridad. El rey Carlos III realiz\u00f3 este lunes su primera visita de Estado a Estados Unidos desde su ascenso al trono en 2022, en una [&hellip;]<\/p>\n","protected":false},"author":2,"featured_media":11549,"comment_status":"closed","ping_status":"closed","sticky":false,"template":"","format":"standard","meta":{"jetpack_post_was_ever_published":false,"_jetpack_newsletter_access":"","_jetpack_dont_email_post_to_subs":false,"_jetpack_newsletter_tier_id":0,"_jetpack_memberships_contains_paywalled_content":false,"_jetpack_memberships_contains_paid_content":false,"footnotes":"","jetpack_publicize_message":"","jetpack_publicize_feature_enabled":true,"jetpack_social_post_already_shared":true,"jetpack_social_options":{"image_generator_settings":{"template":"highway","enabled":false},"version":2}},"categories":[20],"tags":[],"class_list":["post-11548","post","type-post","status-publish","format-standard","has-post-thumbnail","hentry","category-mundo"],"jetpack_publicize_connections":[],"jetpack_featured_media_url":"https:\/\/i0.wp.com\/infolanus.com\/wp-content\/uploads\/2026\/04\/el-rey-carlos-iii-fue-recibido-en-washington-por-donald-trump-en-una-visita-clave-para-recomponer-los-lazos-diplomaticos.jpg?fit=655%2C368&ssl=1","jetpack_sharing_enabled":true,"jetpack_shortlink":"https:\/\/wp.me\/p9QtMr-30g","_links":{"self":[{"href":"https:\/\/infolanus.com\/index.php\/wp-json\/wp\/v2\/posts\/11548","targetHints":{"allow":["GET"]}}],"collection":[{"href":"https:\/\/infolanus.com\/index.php\/wp-json\/wp\/v2\/posts"}],"about":[{"href":"https:\/\/infolanus.com\/index.php\/wp-json\/wp\/v2\/types\/post"}],"author":[{"embeddable":true,"href":"https:\/\/infolanus.com\/index.php\/wp-json\/wp\/v2\/users\/2"}],"replies":[{"embeddable":true,"href":"https:\/\/infolanus.com\/index.php\/wp-json\/wp\/v2\/comments?post=11548"}],"version-history":[{"count":0,"href":"https:\/\/infolanus.com\/index.php\/wp-json\/wp\/v2\/posts\/11548\/revisions"}],"wp:featuredmedia":[{"embeddable":true,"href":"https:\/\/infolanus.com\/index.php\/wp-json\/wp\/v2\/media\/11549"}],"wp:attachment":[{"href":"https:\/\/infolanus.com\/index.php\/wp-json\/wp\/v2\/media?parent=11548"}],"wp:term":[{"taxonomy":"category","embeddable":true,"href":"https:\/\/infolanus.com\/index.php\/wp-json\/wp\/v2\/categories?post=11548"},{"taxonomy":"post_tag","embeddable":true,"href":"https:\/\/infolanus.com\/index.php\/wp-json\/wp\/v2\/tags?post=11548"}],"curies":[{"name":"wp","href":"https:\/\/api.w.org\/{rel}","templated":true}]}}