{"id":11550,"date":"2026-04-27T09:49:09","date_gmt":"2026-04-27T12:49:09","guid":{"rendered":"https:\/\/www.inforegion.com.ar\/?p=361420"},"modified":"2026-04-27T09:49:09","modified_gmt":"2026-04-27T12:49:09","slug":"allanamientos-y-detenciones-por-un-asesinato-en-lanus","status":"publish","type":"post","link":"https:\/\/infolanus.com\/index.php\/2026\/04\/27\/allanamientos-y-detenciones-por-un-asesinato-en-lanus\/","title":{"rendered":"Allanamientos y detenciones por un asesinato en Lan\u00fas"},"content":{"rendered":"<div><img data-recalc-dims=\"1\" decoding=\"async\" src=\"https:\/\/i0.wp.com\/www.inforegion.com.ar\/wp-content\/uploads\/2026\/04\/Lanus-allana-homi-24-abril-26-1-e1777294132325.jpeg?w=640&#038;ssl=1\" class=\"ff-og-image-inserted\"><\/div>\n<p>En el marco de la <strong>investigaci\u00f3n por el asesinato de Agust\u00edn Ovelar, un hombre de 27 a\u00f1os que fue baleado en Lan\u00fas<\/strong>, se realizaron una serie de allanamientos, que derivaron en la detenci\u00f3n de una persona. Ya hab\u00eda otro aprehendido por el caso.<\/p>\n<p><strong>El asesinato tuvo lugar el 14 de abril pasado<\/strong>, cuando la v\u00edctima fue baleada y trasladada al hospital, donde finalmente falleci\u00f3. Sucedi\u00f3 en Monte Chingolo, partido de Lan\u00fas.<\/p>\n<p><strong>La Justicia orden\u00f3 una serie de allanamientos para dar con los atacantes<\/strong>: Dos de ellos, con resultado negativo, fueron en Cotahaita al 1700 y Machado al 5600 de Wilde; en el objetivo de Helguera al 5700 <strong>dieron con un auto y una moto, que fueron utilizados en el ataque<\/strong>.<\/p>\n<p>Finalmente, <strong>en Corvalan -entre Camacu\u00e1 y Caxaraville- de Wilde, donde se procedi\u00f3 a la detenci\u00f3n de un joven de 25 a\u00f1os. Ya hab\u00eda otro hombre, de 44, aprehendido<\/strong> por otra causa (abuso de armas agravado, amenazas y da\u00f1os) pero que tambi\u00e9n habr\u00eda tenido participaci\u00f3n.<\/p>\n<p>La causa, caratulada como \u201c<strong>homicidio agravado<\/strong> por cometerse entre dos o m\u00e1s personas de forma premeditada\u201d, est\u00e1 en manos de la Unidad Funcional de Instrucci\u00f3n (UFI) 7 del Departamento Judicial de Avellaneda-Lan\u00fas. Tambi\u00e9n involucra al Juzgado de Garant\u00edas 2.<\/p>\n","protected":false},"excerpt":{"rendered":"<p>En el marco de la investigaci\u00f3n por el asesinato de Agust\u00edn Ovelar, un hombre de 27 a\u00f1os que fue baleado en Lan\u00fas, se realizaron una serie de allanamientos, que derivaron en la detenci\u00f3n de una persona. Ya hab\u00eda otro aprehendido por el caso. El asesinato tuvo lugar el 14 de abril pasado, cuando la v\u00edctima [&hellip;]<\/p>\n","protected":false},"author":2,"featured_media":11551,"comment_status":"closed","ping_status":"closed","sticky":false,"template":"","format":"standard","meta":{"jetpack_post_was_ever_published":false,"_jetpack_newsletter_access":"","_jetpack_dont_email_post_to_subs":false,"_jetpack_newsletter_tier_id":0,"_jetpack_memberships_contains_paywalled_content":false,"_jetpack_memberships_contains_paid_content":false,"footnotes":"","jetpack_publicize_message":"","jetpack_publicize_feature_enabled":true,"jetpack_social_post_already_shared":true,"jetpack_social_options":{"image_generator_settings":{"template":"highway","enabled":false},"version":2}},"categories":[19,547],"tags":[488,233,801,774,23,822],"class_list":["post-11550","post","type-post","status-publish","format-standard","has-post-thumbnail","hentry","category-municipio","category-policiales","tag-allanamientos","tag-asesinato","tag-avellaneda","tag-destacadas","tag-lanus","tag-policiales"],"jetpack_publicize_connections":[],"jetpack_featured_media_url":"https:\/\/i0.wp.com\/infolanus.com\/wp-content\/uploads\/2026\/04\/allanamientos-y-detenciones-por-un-asesinato-en-lanus.jpg?fit=898%2C503&ssl=1","jetpack_sharing_enabled":true,"jetpack_shortlink":"https:\/\/wp.me\/p9QtMr-30i","_links":{"self":[{"href":"https:\/\/infolanus.com\/index.php\/wp-json\/wp\/v2\/posts\/11550","targetHints":{"allow":["GET"]}}],"collection":[{"href":"https:\/\/infolanus.com\/index.php\/wp-json\/wp\/v2\/posts"}],"about":[{"href":"https:\/\/infolanus.com\/index.php\/wp-json\/wp\/v2\/types\/post"}],"author":[{"embeddable":true,"href":"https:\/\/infolanus.com\/index.php\/wp-json\/wp\/v2\/users\/2"}],"replies":[{"embeddable":true,"href":"https:\/\/infolanus.com\/index.php\/wp-json\/wp\/v2\/comments?post=11550"}],"version-history":[{"count":0,"href":"https:\/\/infolanus.com\/index.php\/wp-json\/wp\/v2\/posts\/11550\/revisions"}],"wp:featuredmedia":[{"embeddable":true,"href":"https:\/\/infolanus.com\/index.php\/wp-json\/wp\/v2\/media\/11551"}],"wp:attachment":[{"href":"https:\/\/infolanus.com\/index.php\/wp-json\/wp\/v2\/media?parent=11550"}],"wp:term":[{"taxonomy":"category","embeddable":true,"href":"https:\/\/infolanus.com\/index.php\/wp-json\/wp\/v2\/categories?post=11550"},{"taxonomy":"post_tag","embeddable":true,"href":"https:\/\/infolanus.com\/index.php\/wp-json\/wp\/v2\/tags?post=11550"}],"curies":[{"name":"wp","href":"https:\/\/api.w.org\/{rel}","templated":true}]}}