{"id":11552,"date":"2026-04-29T00:38:07","date_gmt":"2026-04-29T03:38:07","guid":{"rendered":"https:\/\/infolanus.com\/index.php\/2026\/04\/29\/claudio-ubeda-analizo-la-derrota-ante-cruzeiro-y-apunto-contra-el-arbitraje-tras-la-roja-a-bareiro\/"},"modified":"2026-04-29T00:38:07","modified_gmt":"2026-04-29T03:38:07","slug":"claudio-ubeda-analizo-la-derrota-ante-cruzeiro-y-apunto-contra-el-arbitraje-tras-la-roja-a-bareiro","status":"publish","type":"post","link":"https:\/\/infolanus.com\/index.php\/2026\/04\/29\/claudio-ubeda-analizo-la-derrota-ante-cruzeiro-y-apunto-contra-el-arbitraje-tras-la-roja-a-bareiro\/","title":{"rendered":"Claudio \u00dabeda analiz\u00f3 la derrota ante Cruzeiro y apunt\u00f3 contra el arbitraje tras la roja a Bareiro"},"content":{"rendered":"<div class=\"media_block\"><\/div>\n<p>La bronca de <a target=\"_blank\" href=\"https:\/\/442.perfil.com\/noticias\/futbol\/por-que-no-juega-kevin-zenon-en-boca-la-tajante-explicacion-de-claudio-ubeda.phtml\"><strong>Claudio \u00dabeda<\/strong><\/a>&nbsp;en la conferencia de prensa fue evidente&nbsp;. Luego de la <a target=\"_blank\" href=\"https:\/\/442.perfil.com\/noticias\/futbol\/boca-enfrenta-a-cruzeiro-por-la-copa-libertadores-a35.phtml\">derrota <strong>1-0 ante Cruzeiro<\/strong><\/a>, el entrenador de Boca analiz\u00f3 el desarrollo de un encuentro que estuvo marcado por la pol\u00e9mica y la temprana expulsi\u00f3n de <strong>Adam Bareiro<\/strong>, factor que, seg\u00fan su visi\u00f3n, rompi\u00f3 el planteo planificado.<\/p>\n<p class=\"destacadoNota\"><a target=\"_blank\" href=\"https:\/\/442.perfil.com\/noticias\/futbol\/boca-enfrenta-a-cruzeiro-por-la-copa-libertadores-a35.phtml\">Boca resisti\u00f3 con diez hasta donde pudo, pero perdi\u00f3 1-0 ante Cruzeiro y se le escap\u00f3 el invicto en Brasil<\/a><\/p>\n<div>\n<figure class=\"image\"><img data-recalc-dims=\"1\" decoding=\"async\" alt=\"\u00fabeda\" height=\"359\" src=\"https:\/\/i0.wp.com\/fotos.perfil.com\/\/\/2026\/04\/17\/900\/0\/claudio-ubeda-enfrentando-a-river-plate-2222606.jpg?resize=640%2C359&#038;ssl=1\" width=\"640\" loading=\"lazy\"><figcaption>Claudio \u00dabeda<\/figcaption><\/figure>\n<\/div>\n<p><strong>&#8220;Me da mucha bronca perder este tipo de partidos.<\/strong> La verdad que <strong>los jugadores hicieron un esfuerzo tremendo. Hab\u00edamos hecho un planteo inteligente<\/strong>; <strong>ellos llegaron a la jugada del gol y nada m\u00e1s que eso<\/strong>&#8220;, comenz\u00f3 se\u00f1alando el DT, visiblemente molesto por el resultado tras haber sostenido el empate durante casi todo el complemento.<\/p>\n<h2>La pol\u00e9mica roja a Bareiro<\/h2>\n<p>Sobre la acci\u00f3n que cambi\u00f3 el rumbo del partido a los 45 minutos del primer tiempo,<strong> \u00dabeda fue tajante al criticar la decisi\u00f3n del \u00e1rbitro Esteban Ostojich.<\/strong><\/p>\n<p>&#8220;Con el tema de la expulsi\u00f3n, <strong>nosotros vimos que no hab\u00eda sido para nada sanci\u00f3n.<\/strong> El \u00e1rbitro decide sacar la segunda tarjeta amarilla, pero cuando vemos la imagen, <strong>ni siquiera hace un gesto de intentar pegar un golpe<\/strong>. <strong>Evidentemente nos condicion\u00f3 por el resto del partido<\/strong> y dificult\u00f3 la intenci\u00f3n de juego que ten\u00edamos&#8221;, dispar\u00f3 el t\u00e9cnico.<\/p>\n<p>En esa misma l\u00ednea, el entrenador evit\u00f3 profundizar en la figura del juez uruguayo para no desviar el foco, aunque dej\u00f3 clara su postura: &#8220;No quiero pisotear al \u00e1rbitro, pero creo que a la vista de todos se vio c\u00f3mo fue el arbitraje. <strong>Hubo demasiadas amarillas tempranas y eso condiciona el resto&#8221;.<\/strong><\/p>\n<h2>El plan que utiliz\u00f3 en el segundo tiempo<\/h2>\n<p>A pesar de la inferioridad num\u00e9rica, \u00dabeda explic\u00f3 que su equipo no busc\u00f3 refugiarse exclusivamente cerca de su arco, sino que intent\u00f3 lastimar mediante el contraataque.<\/p>\n<p><strong>&#8220;La idea era que los laterales nuestros vayan m\u00e1s para adelante y que busquen el ataque por las bandas.<\/strong> <strong>No fue una estrategia de meternos atr\u00e1s<\/strong>, sino intentar empatar el partido a trav\u00e9s de un contragolpe. Hicimos los cambios para intentar hacer m\u00e1s ancha la cancha, pero tuvimos pocas posibilidades de hacerlo bien&#8221;, detall\u00f3.<\/p>\n<div>\n<figure class=\"image\"><img data-recalc-dims=\"1\" decoding=\"async\" alt=\"boca\" height=\"345\" src=\"https:\/\/i0.wp.com\/fotos.perfil.com\/\/\/2026\/04\/29\/900\/0\/boca-vs-cruzeiro-2229870.jpg?resize=640%2C345&#038;ssl=1\" width=\"640\" loading=\"lazy\"><figcaption>Cruzeiro 1 &#8211; 0 Boca<\/figcaption><\/figure>\n<\/div>\n<p>Por \u00faltimo, le dedic\u00f3 un p\u00e1rrafo al delantero paraguayo expulsado, entendiendo que son errores a pulir de cara a la definici\u00f3n de la fase de grupos. &#8220;<strong>Bareiro tiene que aprender a controlar ese tipo de reacciones<\/strong>, pero todo se puede solucionar, son detalles. Esto nos tiene que potenciar porque sabemos que venimos haciendo las cosas bien&#8221;, concluy\u00f3.<\/p>\n<p>FMZ<\/p>\n<h2>&nbsp;<\/h2>\n<p> <!-- tags --> <\/p>\n","protected":false},"excerpt":{"rendered":"<p>La bronca de Claudio \u00dabeda&nbsp;en la conferencia de prensa fue evidente&nbsp;. Luego de la derrota 1-0 ante Cruzeiro, el entrenador de Boca analiz\u00f3 el desarrollo de un encuentro que estuvo marcado por la pol\u00e9mica y la temprana expulsi\u00f3n de Adam Bareiro, factor que, seg\u00fan su visi\u00f3n, rompi\u00f3 el planteo planificado. Boca resisti\u00f3 con diez hasta [&hellip;]<\/p>\n","protected":false},"author":2,"featured_media":11553,"comment_status":"closed","ping_status":"closed","sticky":false,"template":"","format":"standard","meta":{"jetpack_post_was_ever_published":false,"_jetpack_newsletter_access":"","_jetpack_dont_email_post_to_subs":false,"_jetpack_newsletter_tier_id":0,"_jetpack_memberships_contains_paywalled_content":false,"_jetpack_memberships_contains_paid_content":false,"footnotes":"","jetpack_publicize_message":"","jetpack_publicize_feature_enabled":true,"jetpack_social_post_already_shared":true,"jetpack_social_options":{"image_generator_settings":{"template":"highway","enabled":false},"version":2}},"categories":[17],"tags":[],"class_list":["post-11552","post","type-post","status-publish","format-standard","has-post-thumbnail","hentry","category-deportes"],"jetpack_publicize_connections":[],"jetpack_featured_media_url":"https:\/\/i0.wp.com\/infolanus.com\/wp-content\/uploads\/2026\/04\/claudio-ubeda-analizo-la-derrota-ante-cruzeiro-y-apunto-contra-el-arbitraje-tras-la-roja-a-bareiro.jpg?fit=900%2C505&ssl=1","jetpack_sharing_enabled":true,"jetpack_shortlink":"https:\/\/wp.me\/p9QtMr-30k","_links":{"self":[{"href":"https:\/\/infolanus.com\/index.php\/wp-json\/wp\/v2\/posts\/11552","targetHints":{"allow":["GET"]}}],"collection":[{"href":"https:\/\/infolanus.com\/index.php\/wp-json\/wp\/v2\/posts"}],"about":[{"href":"https:\/\/infolanus.com\/index.php\/wp-json\/wp\/v2\/types\/post"}],"author":[{"embeddable":true,"href":"https:\/\/infolanus.com\/index.php\/wp-json\/wp\/v2\/users\/2"}],"replies":[{"embeddable":true,"href":"https:\/\/infolanus.com\/index.php\/wp-json\/wp\/v2\/comments?post=11552"}],"version-history":[{"count":0,"href":"https:\/\/infolanus.com\/index.php\/wp-json\/wp\/v2\/posts\/11552\/revisions"}],"wp:featuredmedia":[{"embeddable":true,"href":"https:\/\/infolanus.com\/index.php\/wp-json\/wp\/v2\/media\/11553"}],"wp:attachment":[{"href":"https:\/\/infolanus.com\/index.php\/wp-json\/wp\/v2\/media?parent=11552"}],"wp:term":[{"taxonomy":"category","embeddable":true,"href":"https:\/\/infolanus.com\/index.php\/wp-json\/wp\/v2\/categories?post=11552"},{"taxonomy":"post_tag","embeddable":true,"href":"https:\/\/infolanus.com\/index.php\/wp-json\/wp\/v2\/tags?post=11552"}],"curies":[{"name":"wp","href":"https:\/\/api.w.org\/{rel}","templated":true}]}}