{"id":11554,"date":"2026-04-29T09:56:00","date_gmt":"2026-04-29T12:56:00","guid":{"rendered":"https:\/\/www.ambito.com\/mundo\/un-tornado-fuego-una-planta-residuos-desato-panico-espana-y-obligo-evacuar-viviendas-n6272053"},"modified":"2026-04-29T09:56:00","modified_gmt":"2026-04-29T12:56:00","slug":"un-tornado-de-fuego-en-una-planta-de-residuos-desato-panico-en-espana-y-obligo-a-evacuar-viviendas","status":"publish","type":"post","link":"https:\/\/infolanus.com\/index.php\/2026\/04\/29\/un-tornado-de-fuego-en-una-planta-de-residuos-desato-panico-en-espana-y-obligo-a-evacuar-viviendas\/","title":{"rendered":"Un tornado de fuego en una planta de residuos desat\u00f3 p\u00e1nico en Espa\u00f1a y oblig\u00f3 a evacuar viviendas"},"content":{"rendered":"<p><img data-recalc-dims=\"1\" decoding=\"async\" src=\"https:\/\/i0.wp.com\/media.ambito.com\/p\/b148378a65b22cc0d3ac713768179383\/adjuntos\/239\/imagenes\/043\/335\/0043335562\/1200x675\/smart\/el-incendio-en-un-predio-donde-funciona-una-oow63ovbprdibgz2uwakmtu57m.jpg?w=640&#038;ssl=1\"><\/p>\n<div><img data-recalc-dims=\"1\" decoding=\"async\" src=\"https:\/\/i0.wp.com\/media.ambito.com\/p\/b148378a65b22cc0d3ac713768179383\/adjuntos\/239\/imagenes\/043\/335\/0043335562\/1200x675\/smart\/el-incendio-en-un-predio-donde-funciona-una-oow63ovbprdibgz2uwakmtu57m.jpg?w=640&#038;ssl=1\" class=\"ff-og-image-inserted\"><\/div>\n<div id>\n<p id=\"p-1777465983033-26398\" data-start=\"84\" data-end=\"422\" data-is-last-node data-is-only-node>Un incendio en una planta de residuos de <a href=\"https:\/\/www.ambito.com\/mundo\/nos-ha-desbordado-espana-comenzo-el-proceso-regularizacion-migrantes-n6269027\" target=\"_blank\" rel=\"follow\">Onda, la ciudad de Castell\u00f3n, Espa\u00f1a<\/a> gener\u00f3 <strong>un tornado de fuego y oblig\u00f3 a evacuar viviendas cercanas,<\/strong> en un operativo que incluy\u00f3 diez dotaciones de bomberos y gener\u00f3 momentos de tensi\u00f3n entre los vecinos, aunque <strong>no se registraron heridos<\/strong> y la situaci\u00f3n logr\u00f3 ser controlada horas m\u00e1s tarde.<\/p>\n<\/div>\n<div id>\n<p id=\"p-1777465820381-14373\" data-start=\"624\" data-end=\"893\">El episodio ocurri\u00f3 en un predio donde funciona una planta de tratamiento de residuos gestionada por Reciplasa. En medio de un foco \u00edgneo de gran intensidad, se gener\u00f3 una <strong data-start=\"796\" data-end=\"837\">columna de fuego con forma de tornado<\/strong>, acompa\u00f1ada por llamas que se extend\u00edan sobre el suelo.<\/p>\n<\/div>\n<div id>\n<p id=\"p-1777465820381-47206\" data-start=\"895\" data-end=\"1142\">Las im\u00e1genes del fen\u00f3meno fueron difundidas por los bomberos del consorcio provincial de Castell\u00f3n y se viralizaron r\u00e1pidamente. En el video se observa la magnitud del incendio y a un bombero intentando contener las llamas en condiciones extremas.<\/p>\n<\/div>\n<div id>\n<h2 id=\"p-1777465820381-77198\" data-section-id=\"1aqx7hn\" data-start=\"1144\" data-end=\"1199\">Un operativo para evitar que el fuego se expanda<\/h2>\n<p id=\"p-1777466994589-88105\" data-start=\"1201\" data-end=\"1386\">El incendio afect\u00f3 material de reciclaje y maquinaria dentro del complejo, lo que gener\u00f3 una <strong data-start=\"1294\" data-end=\"1363\">densa columna de humo visible desde distintos puntos de la regi\u00f3n<\/strong>, seg\u00fan medios locales.<\/p>\n<\/div>\n<div id>\n<div contenteditable=\"false\" class=\"embed_cont type_video\" id=\"8217720-1489959633_wrap\" readability=\"7\">\n<p>ssstwitter.com_1777466081600 <span onclick=\"parent.parent.TinyMCETdcuerpo.preview_embed('8217720-1489959633')\" class=\"embed_colapse less\" id=\"8217720-1489959633_colapse\"><\/span> <span onclick=\"parent.parent.TinyMCETdcuerpo.delete_embed('8217720-1489959633')\" class=\"embed_delete less\" id=\"8217720-1489959633_delete\"><\/span><\/p>\n<div class=\"embed_wrapper-cont\" id=\"p-1777466994589-23079\" readability=\"6\">\n<div id=\"8217720-1489959633_epigrafe\" class=\"embed_epigrafe\" readability=\"7\">\n<p id=\"p-1777467053568-75707\">El fen\u00f3meno gener\u00f3 una columna de fuego visible y escenas de gran impacto.<\/p>\n<\/div><\/div>\n<\/p><\/div>\n<\/p><\/div>\n<div id>\n<p id=\"p-1777465820381-5149\" data-start=\"1388\" data-end=\"1647\"> En el lugar trabajaron <strong data-start=\"1411\" data-end=\"1442\">diez dotaciones de bomberos<\/strong>, junto con unidades de mando y refuerzos forestales. Adem\u00e1s, equipos especializados realizaron tareas de vigilancia para impedir que el fuego avanzara hacia <strong data-start=\"1600\" data-end=\"1646\">zonas forestales o instalaciones sensibles<\/strong>.<\/p>\n<p id=\"p-1777465820381-75580\" data-start=\"1649\" data-end=\"1755\">El impacto principal se concentr\u00f3 en los galpones de la planta, que habr\u00edan quedado en <strong data-start=\"1736\" data-end=\"1754\">estado cr\u00edtico<\/strong>.<\/p>\n<h2 id=\"p-1777465820381-47989\" data-section-id=\"odi6p\" data-start=\"1757\" data-end=\"1800\">Evacuaciones y medidas de precauci\u00f3n<\/h2>\n<p id=\"p-1777465820381-19077\" data-start=\"1802\" data-end=\"2014\">Ante la presencia de humo, las autoridades dispusieron el <strong data-start=\"1860\" data-end=\"1905\">desalojo preventivo de viviendas cercanas<\/strong> y recomendaron a la poblaci\u00f3n <strong data-start=\"1936\" data-end=\"1974\">evitar la exposici\u00f3n al aire libre<\/strong> y mantener cerradas puertas y ventanas.<\/p>\n<p id=\"p-1777465820381-94353\" data-start=\"2016\" data-end=\"2168\">El Ayuntamiento de Onda activ\u00f3 un centro de coordinaci\u00f3n para organizar la respuesta de los distintos organismos y monitorear la evoluci\u00f3n del incendio.<\/p>\n<h2 id=\"p-1777465820381-6993\" data-section-id=\"1f6tyam\" data-start=\"2170\" data-end=\"2219\">No hubo heridos<\/h2>\n<p id=\"p-1777465820381-45706\" data-start=\"2221\" data-end=\"2388\">El fuego fue controlado horas m\u00e1s tarde y no se registraron v\u00edctimas. Al momento del incendio, la planta se encontraba cerrada, lo que redujo riesgos para el personal.<\/p>\n<p id=\"p-1777465820381-94040\" data-start=\"2390\" data-end=\"2499\">Tras el operativo, mediciones confirmaron que <strong data-start=\"2436\" data-end=\"2498\">la calidad del aire no presentaba contaminantes peligrosos<\/strong>.<\/p>\n<p id=\"p-1777465820381-25680\" data-start=\"2501\" data-end=\"2757\">El predio ya hab\u00eda sido escenario de incendios en otras oportunidades. El antecedente m\u00e1s reciente ocurri\u00f3 en septiembre de 2024, cuando un foco iniciado en una zona con muebles y electrodom\u00e9sticos demand\u00f3 <strong data-start=\"2707\" data-end=\"2736\">toda una noche de trabajo<\/strong> para ser controlado.<\/p>\n<\/p><\/div>\n","protected":false},"excerpt":{"rendered":"<p>Un incendio en una planta de residuos de Onda, la ciudad de Castell\u00f3n, Espa\u00f1a gener\u00f3 un tornado de fuego y oblig\u00f3 a evacuar viviendas cercanas, en un operativo que incluy\u00f3 diez dotaciones de bomberos y gener\u00f3 momentos de tensi\u00f3n entre los vecinos, aunque no se registraron heridos y la situaci\u00f3n logr\u00f3 ser controlada horas m\u00e1s [&hellip;]<\/p>\n","protected":false},"author":2,"featured_media":11555,"comment_status":"closed","ping_status":"closed","sticky":false,"template":"","format":"standard","meta":{"jetpack_post_was_ever_published":false,"_jetpack_newsletter_access":"","_jetpack_dont_email_post_to_subs":false,"_jetpack_newsletter_tier_id":0,"_jetpack_memberships_contains_paywalled_content":false,"_jetpack_memberships_contains_paid_content":false,"footnotes":"","jetpack_publicize_message":"","jetpack_publicize_feature_enabled":true,"jetpack_social_post_already_shared":true,"jetpack_social_options":{"image_generator_settings":{"template":"highway","enabled":false},"version":2}},"categories":[20],"tags":[1286],"class_list":["post-11554","post","type-post","status-publish","format-standard","has-post-thumbnail","hentry","category-mundo","tag-mundo"],"jetpack_publicize_connections":[],"jetpack_featured_media_url":"https:\/\/i0.wp.com\/infolanus.com\/wp-content\/uploads\/2026\/04\/un-tornado-de-fuego-en-una-planta-de-residuos-desato-panico-en-espana-y-obligo-a-evacuar-viviendas.jpg?fit=1200%2C675&ssl=1","jetpack_sharing_enabled":true,"jetpack_shortlink":"https:\/\/wp.me\/p9QtMr-30m","_links":{"self":[{"href":"https:\/\/infolanus.com\/index.php\/wp-json\/wp\/v2\/posts\/11554","targetHints":{"allow":["GET"]}}],"collection":[{"href":"https:\/\/infolanus.com\/index.php\/wp-json\/wp\/v2\/posts"}],"about":[{"href":"https:\/\/infolanus.com\/index.php\/wp-json\/wp\/v2\/types\/post"}],"author":[{"embeddable":true,"href":"https:\/\/infolanus.com\/index.php\/wp-json\/wp\/v2\/users\/2"}],"replies":[{"embeddable":true,"href":"https:\/\/infolanus.com\/index.php\/wp-json\/wp\/v2\/comments?post=11554"}],"version-history":[{"count":0,"href":"https:\/\/infolanus.com\/index.php\/wp-json\/wp\/v2\/posts\/11554\/revisions"}],"wp:featuredmedia":[{"embeddable":true,"href":"https:\/\/infolanus.com\/index.php\/wp-json\/wp\/v2\/media\/11555"}],"wp:attachment":[{"href":"https:\/\/infolanus.com\/index.php\/wp-json\/wp\/v2\/media?parent=11554"}],"wp:term":[{"taxonomy":"category","embeddable":true,"href":"https:\/\/infolanus.com\/index.php\/wp-json\/wp\/v2\/categories?post=11554"},{"taxonomy":"post_tag","embeddable":true,"href":"https:\/\/infolanus.com\/index.php\/wp-json\/wp\/v2\/tags?post=11554"}],"curies":[{"name":"wp","href":"https:\/\/api.w.org\/{rel}","templated":true}]}}